{"id":12741790,"date":"2016-03-30T05:15:06","date_gmt":"2016-03-30T05:15:06","guid":{"rendered":"https:\/\/www.upo.es\/diario\/?p=12741790"},"modified":"2016-03-31T06:59:40","modified_gmt":"2016-03-31T06:59:40","slug":"la-upo-acoge-manana-una-mesa-redonda-sobre-el-futuro-del-estado-de-las-autonomias","status":"publish","type":"post","link":"https:\/\/www.upo.es\/diario\/institucional\/2016\/03\/la-upo-acoge-manana-una-mesa-redonda-sobre-el-futuro-del-estado-de-las-autonomias\/","title":{"rendered":"La UPO acoge una mesa redonda sobre el futuro del Estado de las autonom\u00edas"},"content":{"rendered":"<figure id=\"attachment_12758152\" aria-describedby=\"caption-attachment-12758152\" style=\"width: 600px\" class=\"wp-caption aligncenter\"><a href=\"https:\/\/www.upo.es\/diario\/wp-content\/uploads\/2016\/03\/MR_estado-autonomias_20160330_60.jpg\"><img loading=\"lazy\" decoding=\"async\" class=\"size-large wp-image-12758152\" alt=\"Rodr\u00edguez Ibarra, M. Gracia, I. Anasagasti, Joan T\u00a1ard\u00e1 y M. Manonelles\" src=\"https:\/\/www.upo.es\/diario\/wp-content\/uploads\/2016\/03\/MR_estado-autonomias_20160330_60-600x337.jpg\" width=\"600\" height=\"337\" srcset=\"https:\/\/www.upo.es\/diario\/wp-content\/uploads\/2016\/03\/MR_estado-autonomias_20160330_60-600x337.jpg 600w, https:\/\/www.upo.es\/diario\/wp-content\/uploads\/2016\/03\/MR_estado-autonomias_20160330_60-320x180.jpg 320w\" sizes=\"auto, (max-width: 600px) 100vw, 600px\" \/><\/a><figcaption id=\"caption-attachment-12758152\" class=\"wp-caption-text\">Juan Carlos Rodr\u00edguez Ibarra, Manuel Gracia, I\u00f1aki Anasagasti, Joan Tard\u00e1 y Manuel Manonelles en el Paraninfo<\/figcaption><\/figure>\n<p>La mesa redonda <strong>\u00a0\u201cEspa\u00f1a, Catalu\u00f1a, Euskadi y Andaluc\u00eda. \u00bfQu\u00e9 pol\u00edtica territorial de futuro?\u00bb <\/strong>se celebra en el marco de la\u00a0<b>jornada \u201cTensiones intergubernamentales en Espa\u00f1a. \u00bfHacia un nuevo modelo de Estado? <\/b>que ha sido inaugurada en el Paraninfo por Mar\u00eda Serrano, decana de la Facultad de Derecho de la UPO; Manuel Manonelles, director general de Asuntos Multilaterales y Europeos de la Generalitat de Catalu\u00f1a, y Jean-Baptiste Harguind\u00e9guy, profesor del \u00c1rea de Ciencia Pol\u00edtica y de la Administraci\u00f3n de la UPO y coordinador de esta jornada,\u00a0organizada por la Universidad Pablo de Olavide y el Consejo de Diplomacia P\u00fablica de Catalu\u00f1a. Tras la mesa redonda se celebrar\u00e1 un debate moderado por Xavier Coller, catedr\u00e1tico de Sociolog\u00eda de la UPO.<\/p>\n<p>Esta mesa redonda\u00a0sobre el debate territorial en Espa\u00f1a contar\u00e1 con la participaci\u00f3n de\u00a0<b>I\u00f1aki Anasagasti<\/b>, portavoz del Grupo Vasco en el Congreso de los Diputados (1986-2004) y senador en las Cortes Generales por Vizcaya (2004-2015);\u00a0<b>Manuel Gracia<\/b>, presidente del Parlamento Andaluz (2012-2015);\u00a0<b>Juan Carlos Rodr\u00edguez Ibarra<\/b>, presidente de la Junta de Extremadura (1983-2007); y\u00a0<b>Joan Tard\u00e0<\/b>, portavoz del Grupo de Esquerra Republicana en el Congreso de los Diputados, quienes\u00a0abordar\u00e1n el futuro del Estado de las autonom\u00edas.<\/p>\n<figure id=\"attachment_12758153\" aria-describedby=\"caption-attachment-12758153\" style=\"width: 320px\" class=\"wp-caption alignright\"><a href=\"https:\/\/www.upo.es\/diario\/wp-content\/uploads\/2016\/03\/MR_estado-autonomias_20160330_16.jpg\"><img loading=\"lazy\" decoding=\"async\" class=\"size-medium wp-image-12758153\" alt=\"Inauguraci\u00f3n de la Jornada\" src=\"https:\/\/www.upo.es\/diario\/wp-content\/uploads\/2016\/03\/MR_estado-autonomias_20160330_16-320x199.jpg\" width=\"320\" height=\"199\" srcset=\"https:\/\/www.upo.es\/diario\/wp-content\/uploads\/2016\/03\/MR_estado-autonomias_20160330_16-320x199.jpg 320w, https:\/\/www.upo.es\/diario\/wp-content\/uploads\/2016\/03\/MR_estado-autonomias_20160330_16-600x373.jpg 600w\" sizes=\"auto, (max-width: 320px) 100vw, 320px\" \/><\/a><figcaption id=\"caption-attachment-12758153\" class=\"wp-caption-text\">M. Manonelles, Mar\u00eda Serrano y J.B. Harguind\u00e9guy durante la inauguraci\u00f3n de la Jornada<\/figcaption><\/figure>\n<p>Los resultados de un proyecto de investigaci\u00f3n llevado a cabo por Jean-Baptiste Harguind\u00e9guy\u00a0ser\u00e1n expuestos previamente al debate. \u00a0El profesor de la UPO aborda en el trabajo las tensiones intergubernamentales que se han producido en Espa\u00f1a entre 1978 y 2014. Junto al profesor Harguind\u00e9guy \u00a0intervendr\u00e1n C\u00e9sar Colino, profesor del Departamento de Ciencia Pol\u00edtica y de la Administraci\u00f3n en la Universidad Nacional de Educaci\u00f3n a Distancia, y Emilio Rodr\u00edguez L\u00f3pez, doctorando del grupo de investigaci\u00f3n \u201cDemocracia y Autonom\u00edas: Sociedad y Pol\u00edtica\u201d (DASP) de la Universidad Pablo de Olavide.<\/p>\n<p>La <a href=\"https:\/\/www.upo.es\/upo_opencms\/export\/sites\/upo\/Galerias\/Descargas\/InfoEstudiantes\/Tensiones-Gubernamentales-Programa.pdf\">jornada \u201cTensiones intergubernamentales en Espa\u00f1a. \u00bfHacia un nuevo modelo de Estado?<\/a> ha sido organizada por la Universidad Pablo de Olavide y el <a href=\"http:\/\/www.diplocat.cat\/es\/\">Consejo de Diplomacia P\u00fablica de Catalu\u00f1a<\/a>, con la colaboraci\u00f3n de la Facultad de Derecho de la UPO, el \u00c1rea de Ciencia Pol\u00edtica y de la Administraci\u00f3n de la UPO y el M\u00e1ster Universitario Sociedad, Administraci\u00f3n y Pol\u00edtica de esta universidad.<\/p>\n<ul>\n<li><b><a href=\"https:\/\/www.upo.es\/upo_opencms\/export\/sites\/upo\/Galerias\/Descargas\/InfoEstudiantes\/Tensiones-Gubernamentales-Programa.pdf\">PROGRAMA<\/a><\/b><\/li>\n<li>La jornada puede seguirse <strong>en directo<\/strong> en:\u00a0<strong><a title=\"dsfasdf\" href=\"http:\/\/upotv.upo.es\/live\/56b9d9f22385837d458b456b\" target=\"_blank\">upotv.upo.es<\/a><\/strong><\/li>\n<\/ul>\n","protected":false},"excerpt":{"rendered":"<p>La mesa redonda  \u201cEspa\u00f1a, Catalu\u00f1a, Euskadi y Andaluc\u00eda. \u00bfQu\u00e9 pol\u00edtica territorial de futuro?\u00bb se celebra en el marco de la jornada \u201cTensiones intergubernamentales en Espa\u00f1a. \u00bfHacia un nuevo modelo de Estado? que ha sido inaugurada en el Paraninfo por Mar\u00eda Serrano, decana de la Facultad de Derecho de la UPO; Manuel Manonelles, director general de Asuntos Multilaterales y Europeos de la Generalitat de Catalu\u00f1a, y Jean-Baptiste Harguind\u00e9guy, profesor del \u00c1rea de Ciencia Pol\u00edtica y de la Administraci\u00f3n de la UPO y coordinador de esta jornada, organizada por la Universidad Pablo de Olavide y el Consejo de Diplomacia P\u00fablica de Catalu\u00f1a. <\/p>\n","protected":false},"author":2,"featured_media":0,"comment_status":"closed","ping_status":"open","sticky":false,"template":"","format":"standard","meta":{"_monsterinsights_skip_tracking":false,"_monsterinsights_sitenote_active":false,"_monsterinsights_sitenote_note":"","_monsterinsights_sitenote_category":0,"footnotes":""},"categories":[6],"tags":[3279,662,744,285,635,221,2210,76],"class_list":["post-12741790","post","type-post","status-publish","format-standard","hentry","category-institucional","tag-autonomias","tag-debate","tag-democracia","tag-espana","tag-estado","tag-mesa-redonda","tag-partidos-politicos","tag-politica"],"_links":{"self":[{"href":"https:\/\/www.upo.es\/diario\/wp-json\/wp\/v2\/posts\/12741790","targetHints":{"allow":["GET"]}}],"collection":[{"href":"https:\/\/www.upo.es\/diario\/wp-json\/wp\/v2\/posts"}],"about":[{"href":"https:\/\/www.upo.es\/diario\/wp-json\/wp\/v2\/types\/post"}],"author":[{"embeddable":true,"href":"https:\/\/www.upo.es\/diario\/wp-json\/wp\/v2\/users\/2"}],"replies":[{"embeddable":true,"href":"https:\/\/www.upo.es\/diario\/wp-json\/wp\/v2\/comments?post=12741790"}],"version-history":[{"count":11,"href":"https:\/\/www.upo.es\/diario\/wp-json\/wp\/v2\/posts\/12741790\/revisions"}],"predecessor-version":[{"id":12768698,"href":"https:\/\/www.upo.es\/diario\/wp-json\/wp\/v2\/posts\/12741790\/revisions\/12768698"}],"wp:attachment":[{"href":"https:\/\/www.upo.es\/diario\/wp-json\/wp\/v2\/media?parent=12741790"}],"wp:term":[{"taxonomy":"category","embeddable":true,"href":"https:\/\/www.upo.es\/diario\/wp-json\/wp\/v2\/categories?post=12741790"},{"taxonomy":"post_tag","embeddable":true,"href":"https:\/\/www.upo.es\/diario\/wp-json\/wp\/v2\/tags?post=12741790"}],"curies":[{"name":"wp","href":"https:\/\/api.w.org\/{rel}","templated":true}]}}