{"id":12755806,"date":"2016-04-01T05:35:34","date_gmt":"2016-04-01T05:35:34","guid":{"rendered":"https:\/\/www.upo.es\/diario\/?p=12755806"},"modified":"2016-04-01T08:11:58","modified_gmt":"2016-04-01T08:11:58","slug":"la-trabajadora-social-patrocinio-las-heras-imparte-una-conferencia-en-la-upo","status":"publish","type":"post","link":"https:\/\/www.upo.es\/diario\/institucional\/2016\/04\/la-trabajadora-social-patrocinio-las-heras-imparte-una-conferencia-en-la-upo\/","title":{"rendered":"La trabajadora social Patrocinio Las Heras imparte una conferencia en la UPO"},"content":{"rendered":"<div>\n<figure id=\"attachment_12783404\" aria-describedby=\"caption-attachment-12783404\" style=\"width: 600px\" class=\"wp-caption aligncenter\"><a href=\"https:\/\/www.upo.es\/diario\/wp-content\/uploads\/2016\/03\/IMG_0066.jpg\"><img loading=\"lazy\" decoding=\"async\" class=\"size-large wp-image-12783404\" alt=\"De izquierda a derecha, Rosa Mar\u00eda D\u00edaz Jim\u00e9nez, Patrocinio Las Heras, M\u00aa Rosa Herrera y Gonzalo Ca\u00f1estro.\" src=\"https:\/\/www.upo.es\/diario\/wp-content\/uploads\/2016\/03\/IMG_0066-600x431.jpg\" width=\"600\" height=\"431\" srcset=\"https:\/\/www.upo.es\/diario\/wp-content\/uploads\/2016\/03\/IMG_0066-600x431.jpg 600w, https:\/\/www.upo.es\/diario\/wp-content\/uploads\/2016\/03\/IMG_0066-320x230.jpg 320w\" sizes=\"auto, (max-width: 600px) 100vw, 600px\" \/><\/a><figcaption id=\"caption-attachment-12783404\" class=\"wp-caption-text\">De izquierda a derecha, Rosa Mar\u00eda D\u00edaz Jim\u00e9nez, Patrocinio Las Heras, M\u00aa Rosa Herrera y Gonzalo Ca\u00f1estro.<\/figcaption><\/figure>\n<p>La trabajadora social <b>Patrocinio Las Heras, <\/b>una hist\u00f3rica de los Servicios Sociales en Espa\u00f1a, imparti\u00f3 ayer jueves en la Universidad Pablo de Olavide la conferencia \u201cContribuci\u00f3n del Trabajo Social al bienestar social y a su cuarto pilar, el Sistema P\u00fablico de Servicios Sociales. Cambios sociales y nuevos retos\u201d. El presidente Colegio de Trabajo Social de Sevilla, Gonzalo Ca\u00f1estro, \u00a0la decana de la Facultad de Ciencias Sociales de la UPO, Rosa Mar\u00eda D\u00edaz Jim\u00e9nez, y la directora del Departamento de Trabajo Social y Servicios Sociales M\u00aa Rosa Herrera acompa\u00f1aron a la conferenciante.<\/p>\n<p>Esta conferencia cierra la programaci\u00f3n de actividades celebradas con motivo del D\u00eda Internacional del Trabajo Social organizadas por la UPO y el Colegio de Trabajo Social de Sevilla, que han girado en torno a la campa\u00f1a \u201cCompromisos para garantizar el Sistema P\u00fablico de Servicios Sociales en Andaluc\u00eda\u201d impulsada por este colegio y a la que la Universidad Pablo de Olavide se ha unido.<\/p>\n<\/div>\n<div><\/div>\n","protected":false},"excerpt":{"rendered":"<p>La trabajadora social Patrocinio Las Heras, una hist\u00f3rica de los Servicios Sociales en Espa\u00f1a, imparti\u00f3 ayer jueves en la Universidad Pablo de Olavide la conferencia \u201cContribuci\u00f3n del Trabajo Social al bienestar social y a su cuarto pilar, el Sistema P\u00fablico de Servicios Sociales. Cambios sociales y nuevos retos\u201d. <\/p>\n","protected":false},"author":2,"featured_media":0,"comment_status":"closed","ping_status":"open","sticky":false,"template":"","format":"standard","meta":{"_monsterinsights_skip_tracking":false,"_monsterinsights_sitenote_active":false,"_monsterinsights_sitenote_note":"","_monsterinsights_sitenote_category":0,"footnotes":""},"categories":[6],"tags":[227,103],"class_list":["post-12755806","post","type-post","status-publish","format-standard","hentry","category-institucional","tag-conferencia","tag-trabajo-social"],"_links":{"self":[{"href":"https:\/\/www.upo.es\/diario\/wp-json\/wp\/v2\/posts\/12755806","targetHints":{"allow":["GET"]}}],"collection":[{"href":"https:\/\/www.upo.es\/diario\/wp-json\/wp\/v2\/posts"}],"about":[{"href":"https:\/\/www.upo.es\/diario\/wp-json\/wp\/v2\/types\/post"}],"author":[{"embeddable":true,"href":"https:\/\/www.upo.es\/diario\/wp-json\/wp\/v2\/users\/2"}],"replies":[{"embeddable":true,"href":"https:\/\/www.upo.es\/diario\/wp-json\/wp\/v2\/comments?post=12755806"}],"version-history":[{"count":4,"href":"https:\/\/www.upo.es\/diario\/wp-json\/wp\/v2\/posts\/12755806\/revisions"}],"predecessor-version":[{"id":12755808,"href":"https:\/\/www.upo.es\/diario\/wp-json\/wp\/v2\/posts\/12755806\/revisions\/12755808"}],"wp:attachment":[{"href":"https:\/\/www.upo.es\/diario\/wp-json\/wp\/v2\/media?parent=12755806"}],"wp:term":[{"taxonomy":"category","embeddable":true,"href":"https:\/\/www.upo.es\/diario\/wp-json\/wp\/v2\/categories?post=12755806"},{"taxonomy":"post_tag","embeddable":true,"href":"https:\/\/www.upo.es\/diario\/wp-json\/wp\/v2\/tags?post=12755806"}],"curies":[{"name":"wp","href":"https:\/\/api.w.org\/{rel}","templated":true}]}}