{"id":12785798,"date":"2016-04-01T12:41:32","date_gmt":"2016-04-01T12:41:32","guid":{"rendered":"https:\/\/www.upo.es\/diario\/?p=12785798"},"modified":"2016-04-01T12:44:16","modified_gmt":"2016-04-01T12:44:16","slug":"la-upo-inicia-el-lunes-una-nueva-campana-de-excavacion-arqueologica-en-la-villa-adriana-de-tivoli","status":"publish","type":"post","link":"https:\/\/www.upo.es\/diario\/ciencia\/2016\/04\/la-upo-inicia-el-lunes-una-nueva-campana-de-excavacion-arqueologica-en-la-villa-adriana-de-tivoli\/","title":{"rendered":"La UPO inicia una nueva campa\u00f1a de excavaci\u00f3n arqueol\u00f3gica en la Villa Adriana de T\u00edvoli"},"content":{"rendered":"<figure id=\"attachment_12785799\" aria-describedby=\"caption-attachment-12785799\" style=\"width: 600px\" class=\"wp-caption aligncenter\"><a href=\"https:\/\/www.upo.es\/diario\/wp-content\/uploads\/2016\/04\/villa-adriana-2015.jpg\"><img loading=\"lazy\" decoding=\"async\" class=\"size-large wp-image-12785799\" alt=\"Inicio de la excavaci\u00f3n en la campa\u00f1a 2015\" src=\"https:\/\/www.upo.es\/diario\/wp-content\/uploads\/2016\/04\/villa-adriana-2015-600x398.jpg\" width=\"600\" height=\"398\" srcset=\"https:\/\/www.upo.es\/diario\/wp-content\/uploads\/2016\/04\/villa-adriana-2015-600x398.jpg 600w, https:\/\/www.upo.es\/diario\/wp-content\/uploads\/2016\/04\/villa-adriana-2015-320x212.jpg 320w, https:\/\/www.upo.es\/diario\/wp-content\/uploads\/2016\/04\/villa-adriana-2015.jpg 1500w\" sizes=\"auto, (max-width: 600px) 100vw, 600px\" \/><\/a><figcaption id=\"caption-attachment-12785799\" class=\"wp-caption-text\">Inicio de la excavaci\u00f3n en la campa\u00f1a 2015<\/figcaption><\/figure>\n<p><strong>Las excavaciones arqueol\u00f3gicas en la Villa Adriana de T\u00edvoli (Roma) que lleva a cabo el Seminario de Arqueolog\u00eda de la Universidad Pablo de Olavide, de Sevilla, vuelven a reanudarse a partir del lunes 4 de abril y hasta el 17 de abril<\/strong>, en la cuarta Campa\u00f1a de Excavaciones en el \u201cPalazzo\u201d. Se produce as\u00ed un nuevo avance en el desarrollo de este proyecto internacional de investigaci\u00f3n sobre Villa Adriana que el Seminario de Arqueolog\u00eda de la UPO emprendi\u00f3 en el a\u00f1o 2003 a petici\u00f3n y en colaboraci\u00f3n con la Soprintendenza per i Beni Archeologici del Lazio (Ministerio de Cultura italiano).<\/p>\n<p>El equipo que se responsabiliza de los trabajos de la campa\u00f1a de 2016 estar\u00e1 integrado por investigadores del Seminario de Arqueolog\u00eda de la UPO y por estudiantes de la Facultad de Humanidades de esta universidad y cuenta adem\u00e1s con la colaboraci\u00f3n de investigadores y estudiantes de otras universidades espa\u00f1olas y de investigadores italianos, seg\u00fan indica el director de este proyecto y profesor de Arqueolog\u00eda de la UPO, Rafael Hidalgo.<\/p>\n<p>Este nuevo proyecto, centrado en el edificio de la Villa tradicionalmente conocido como \u201cPalazzo\u201d, se ha acometido por parte del Seminario de Arqueolog\u00eda de la UPO a trav\u00e9s de un nuevo acuerdo de colaboraci\u00f3n con la Soprintendenza per i Beni Archeologici del Lazio, que ha concedido el permiso de excavaci\u00f3n.<\/p>\n<p>El \u201cPalazzo\u201d de Villa Adriana constituye un edificio de gran inter\u00e9s para el conocimiento de este importante enclave arqueol\u00f3gico. Se trata de la primera zona residencial con que cont\u00f3 el emperador en la Villa, que se mantuvo en uso durante toda la vida del complejo, en la que adem\u00e1s se asienta y reutiliza parcialmente la conocida como \u201cvilla republicana\u201d, un edificio preexistente que fue en parte respetado por el emperador y englobado en la nueva edificaci\u00f3n.<\/p>\n<p>El edificio en cuesti\u00f3n se encuentra en la zona central de la Villa, donde se ubican los espacios de representaci\u00f3n y residencia m\u00e1s importantes de todo el conjunto. Aunque el edificio fue en buena medida excavado de antiguo, a\u00fan quedan muchos problemas por resolver y zonas que precisan de la excavaci\u00f3n arqueol\u00f3gica para llevar a cabo su estudio en profundidad.<\/p>\n<p>En esta campa\u00f1a est\u00e1 previsto concluir la excavaci\u00f3n del primer peristilo o patio columnado de \u201cPalazzo\u201d, donde se encuentra el\u00a0 <i>stibadium<\/i> (sala de banquetes semicircular), que fue objeto de estudio en campa\u00f1as anteriores. En concreto la excavaci\u00f3n se centrar\u00e1 en esta ocasi\u00f3n en la continuaci\u00f3n de los trabajos, emprendidos en la \u00faltima campa\u00f1a, en las estancias que se disponen frente al mencionado <i>stibadium,<\/i> con el fin de identificar su funci\u00f3n, a la vez que se definir\u00e1 la configuraci\u00f3n de la plaza columnada por esta zona, ya delimitada en los laterales restantes durante las \u00faltimas\u00a0 campa\u00f1as. A la vez, se documentar\u00e1 tambi\u00e9n la zona inmediata, interpretada como los apartamentos privados del emperador.<\/p>\n<p>La configuraci\u00f3n que de este espacio est\u00e1n aportando las investigaciones del equipo de la UPO es completamente novedosa por cuanto no se conoc\u00eda hasta la fecha.<\/p>\n<p>La subvenci\u00f3n de la campa\u00f1a corre a cargo del Ministerio de Cultura,\u00a0 la Facultad de Humanidades de la UPO y\u00a0 los proyectos de investigaci\u00f3n del Seminario de Arqueolog\u00eda de la UPO, con la colaboraci\u00f3n de la Universidad Pablo de Olavide, en su compromiso y apuesta por la investigaci\u00f3n de calidad y excelencia.<\/p>\n<p>Es la primera vez que un equipo espa\u00f1ol trabaja en la Villa Adriana, uno de los m\u00e1s importantes yacimientos existentes en Roma, declarado Patrimonio de la Humanidad, y adem\u00e1s es el \u00fanico equipo extranjero que en la actualidad mantiene un proyecto de excavaci\u00f3n arqueol\u00f3gica consolidado en la Villa.<\/p>\n<p>La investigaci\u00f3n que ahora se inicia parte de la experiencia previa de m\u00e1s de diez a\u00f1os de investigaci\u00f3n centrada en el estudio del Teatro Greco de Villa Adriana, que ha proporcionado ya como resultados cient\u00edficos una monograf\u00eda centrada en las primeras campa\u00f1as de excavaci\u00f3n y diversos trabajos espec\u00edficos sobre distintos aspectos de este importante monumento, recuperado gracias al trabajo del equipo de investigaci\u00f3n de la UPO.<\/p>\n","protected":false},"excerpt":{"rendered":"<p>El \u00fanico equipo de investigaci\u00f3n extranjero que cuenta con un proyecto consolidado en el tiempo en este yacimiento romano Patrimonio de la Humanidad comienza los trabajos.<\/p>\n","protected":false},"author":6,"featured_media":0,"comment_status":"closed","ping_status":"open","sticky":false,"template":"","format":"standard","meta":{"_monsterinsights_skip_tracking":false,"_monsterinsights_sitenote_active":false,"_monsterinsights_sitenote_note":"","_monsterinsights_sitenote_category":0,"footnotes":""},"categories":[3],"tags":[460,128,1766,1262,1768],"class_list":["post-12785798","post","type-post","status-publish","format-standard","hentry","category-ciencia","tag-antigua-roma","tag-arqueologia","tag-excavaciones","tag-roma","tag-villa-adriana-de-tivoli"],"_links":{"self":[{"href":"https:\/\/www.upo.es\/diario\/wp-json\/wp\/v2\/posts\/12785798","targetHints":{"allow":["GET"]}}],"collection":[{"href":"https:\/\/www.upo.es\/diario\/wp-json\/wp\/v2\/posts"}],"about":[{"href":"https:\/\/www.upo.es\/diario\/wp-json\/wp\/v2\/types\/post"}],"author":[{"embeddable":true,"href":"https:\/\/www.upo.es\/diario\/wp-json\/wp\/v2\/users\/6"}],"replies":[{"embeddable":true,"href":"https:\/\/www.upo.es\/diario\/wp-json\/wp\/v2\/comments?post=12785798"}],"version-history":[{"count":3,"href":"https:\/\/www.upo.es\/diario\/wp-json\/wp\/v2\/posts\/12785798\/revisions"}],"predecessor-version":[{"id":12786388,"href":"https:\/\/www.upo.es\/diario\/wp-json\/wp\/v2\/posts\/12785798\/revisions\/12786388"}],"wp:attachment":[{"href":"https:\/\/www.upo.es\/diario\/wp-json\/wp\/v2\/media?parent=12785798"}],"wp:term":[{"taxonomy":"category","embeddable":true,"href":"https:\/\/www.upo.es\/diario\/wp-json\/wp\/v2\/categories?post=12785798"},{"taxonomy":"post_tag","embeddable":true,"href":"https:\/\/www.upo.es\/diario\/wp-json\/wp\/v2\/tags?post=12785798"}],"curies":[{"name":"wp","href":"https:\/\/api.w.org\/{rel}","templated":true}]}}