{"id":12829307,"date":"2016-04-06T05:12:43","date_gmt":"2016-04-06T05:12:43","guid":{"rendered":"https:\/\/www.upo.es\/diario\/?p=12829307"},"modified":"2016-04-06T12:17:43","modified_gmt":"2016-04-06T12:17:43","slug":"mas-de-11-000-estudiantes-de-la-upo-eligen-desde-manana-a-la-nueva-delegada-general","status":"publish","type":"post","link":"https:\/\/www.upo.es\/diario\/institucional\/2016\/04\/mas-de-11-000-estudiantes-de-la-upo-eligen-desde-manana-a-la-nueva-delegada-general\/","title":{"rendered":"M\u00e1s de 11.000 estudiantes de la UPO eligen esta semana a la nueva delegada general"},"content":{"rendered":"<figure id=\"attachment_12856508\" aria-describedby=\"caption-attachment-12856508\" style=\"width: 600px\" class=\"wp-caption aligncenter\"><a href=\"https:\/\/www.upo.es\/diario\/wp-content\/uploads\/2016\/04\/eleccionesdelegada_060416.jpg\"><img loading=\"lazy\" decoding=\"async\" class=\"size-large wp-image-12856508\" alt=\"Los m\u00e1s de 11.000 estudiantes de grado y postgrado oficial podr\u00e1n emitir su voto en el edificio Celestino Mutis\" src=\"https:\/\/www.upo.es\/diario\/wp-content\/uploads\/2016\/04\/eleccionesdelegada_060416-600x400.jpg\" width=\"600\" height=\"400\" srcset=\"https:\/\/www.upo.es\/diario\/wp-content\/uploads\/2016\/04\/eleccionesdelegada_060416-600x400.jpg 600w, https:\/\/www.upo.es\/diario\/wp-content\/uploads\/2016\/04\/eleccionesdelegada_060416-320x213.jpg 320w\" sizes=\"auto, (max-width: 600px) 100vw, 600px\" \/><\/a><figcaption id=\"caption-attachment-12856508\" class=\"wp-caption-text\">Los m\u00e1s de 11.000 estudiantes de grado y postgrado oficial podr\u00e1n emitir su voto en el edificio Celestino Mutis.<\/figcaption><\/figure>\n<p>Un total de <strong>11.437 estudiantes de grado y de postgrado de la Universidad Pablo de Olavide est\u00e1n llamados a elegir durante tres d\u00edas, los d\u00edas 5, 6 y 7 de abril, desde las 12 horas hasta las 20 horas en horario ininterrumpido, a la nueva delegada general de Estudiantes de esta universidad<\/strong>. A estas elecciones a delegada general de Estudiantes concurre una<strong> \u00fanica candidatura encabezada por Irene Serrano Ron<\/strong>, estudiante del doble grado en Derecho y Criminolog\u00eda.<\/p>\n<p>Los m\u00e1s de 11.000 estudiantes de grado y postgrado oficial podr\u00e1n emitir su voto durante estos tres d\u00edas en el edificio Celestino Mutis del campus de la UPO, en la sala anexa al Registro General, en la planta baja, donde estar\u00e1n ubicadas las dos mesas electorales. Estos comicios para elegir a la delegada general de Estudiantes de la UPO ser\u00e1n por sufragio directo, por el cual todos los estudiantes de grado y postgrado oficial podr\u00e1n votar directamente, mediante voto en urna.<\/p>\n<figure id=\"attachment_12558163\" aria-describedby=\"caption-attachment-12558163\" style=\"width: 320px\" class=\"wp-caption alignright\"><a href=\"https:\/\/www.upo.es\/diario\/wp-content\/uploads\/2016\/03\/Irenes-Serrano-Ron.jpg\"><img loading=\"lazy\" decoding=\"async\" class=\"size-medium wp-image-12558163\" alt=\"Irene Serrano Ron, \u00fanica candidata a delegada general de Estudiantes\" src=\"https:\/\/www.upo.es\/diario\/wp-content\/uploads\/2016\/03\/Irenes-Serrano-Ron-320x190.jpg\" width=\"320\" height=\"190\" srcset=\"https:\/\/www.upo.es\/diario\/wp-content\/uploads\/2016\/03\/Irenes-Serrano-Ron-320x190.jpg 320w, https:\/\/www.upo.es\/diario\/wp-content\/uploads\/2016\/03\/Irenes-Serrano-Ron-600x356.jpg 600w, https:\/\/www.upo.es\/diario\/wp-content\/uploads\/2016\/03\/Irenes-Serrano-Ron.jpg 1778w\" sizes=\"auto, (max-width: 320px) 100vw, 320px\" \/><\/a><figcaption id=\"caption-attachment-12558163\" class=\"wp-caption-text\">Irene Serrano Ron, \u00fanica candidata a delegada general de Estudiantes<\/figcaption><\/figure>\n<p>Una vez finalizados estos comicios, el viernes d\u00eda 8 de abril se reunir\u00e1 la comisi\u00f3n electoral para proceder a la proclamaci\u00f3n de la candidatura electa provisional. El lunes 18 y el martes 19 estar\u00e1 abierto el plazo de reclamaciones, y el mi\u00e9rcoles 20 se proceder\u00e1 a la proclamaci\u00f3n de la candidata electa definitiva.<\/p>\n<p>&nbsp;<\/p>\n","protected":false},"excerpt":{"rendered":"<p>Las elecciones se celebrar\u00e1n los d\u00edas 5, 6 y 7 de abril desde las 12 horas hasta las 20 horas en horario ininterrumpido en el edificio Celestino Mutis, con Irene Serrano Ron, estudiante del doble grado en Derecho y Criminolog\u00eda, como \u00fanica candidata.<\/p>\n","protected":false},"author":6,"featured_media":0,"comment_status":"closed","ping_status":"open","sticky":false,"template":"","format":"standard","meta":{"_monsterinsights_skip_tracking":false,"_monsterinsights_sitenote_active":false,"_monsterinsights_sitenote_note":"","_monsterinsights_sitenote_category":0,"footnotes":""},"categories":[6],"tags":[870,69,21,739,82],"class_list":["post-12829307","post","type-post","status-publish","format-standard","hentry","category-institucional","tag-delegada","tag-elecciones","tag-estudiantes","tag-estudios-de-grado","tag-postgrado"],"_links":{"self":[{"href":"https:\/\/www.upo.es\/diario\/wp-json\/wp\/v2\/posts\/12829307","targetHints":{"allow":["GET"]}}],"collection":[{"href":"https:\/\/www.upo.es\/diario\/wp-json\/wp\/v2\/posts"}],"about":[{"href":"https:\/\/www.upo.es\/diario\/wp-json\/wp\/v2\/types\/post"}],"author":[{"embeddable":true,"href":"https:\/\/www.upo.es\/diario\/wp-json\/wp\/v2\/users\/6"}],"replies":[{"embeddable":true,"href":"https:\/\/www.upo.es\/diario\/wp-json\/wp\/v2\/comments?post=12829307"}],"version-history":[{"count":8,"href":"https:\/\/www.upo.es\/diario\/wp-json\/wp\/v2\/posts\/12829307\/revisions"}],"predecessor-version":[{"id":12856514,"href":"https:\/\/www.upo.es\/diario\/wp-json\/wp\/v2\/posts\/12829307\/revisions\/12856514"}],"wp:attachment":[{"href":"https:\/\/www.upo.es\/diario\/wp-json\/wp\/v2\/media?parent=12829307"}],"wp:term":[{"taxonomy":"category","embeddable":true,"href":"https:\/\/www.upo.es\/diario\/wp-json\/wp\/v2\/categories?post=12829307"},{"taxonomy":"post_tag","embeddable":true,"href":"https:\/\/www.upo.es\/diario\/wp-json\/wp\/v2\/tags?post=12829307"}],"curies":[{"name":"wp","href":"https:\/\/api.w.org\/{rel}","templated":true}]}}