{"id":12843352,"date":"2016-04-06T05:11:04","date_gmt":"2016-04-06T05:11:04","guid":{"rendered":"https:\/\/www.upo.es\/diario\/?p=12843352"},"modified":"2016-04-06T06:47:02","modified_gmt":"2016-04-06T06:47:02","slug":"la-upo-celebra-una-jornada-sobre-orientacion-profesional-en-la-facultad-de-ciencias-empresariales","status":"publish","type":"post","link":"https:\/\/www.upo.es\/diario\/institucional\/2016\/04\/la-upo-celebra-una-jornada-sobre-orientacion-profesional-en-la-facultad-de-ciencias-empresariales\/","title":{"rendered":"La UPO celebra una jornada sobre orientaci\u00f3n profesional en la Facultad de Ciencias Empresariales"},"content":{"rendered":"<p><a href=\"https:\/\/www.upo.es\/diario\/wp-content\/uploads\/2016\/04\/Cartel-Orientaci\u00f3n-Profesional_Pablo-Olavide_A5.jpg\"><img loading=\"lazy\" decoding=\"async\" class=\"alignright size-medium wp-image-12843354\" alt=\"Cartel Orientaci\u00f3n Profesional_Pablo Olavide_A5\" src=\"https:\/\/www.upo.es\/diario\/wp-content\/uploads\/2016\/04\/Cartel-Orientaci\u00f3n-Profesional_Pablo-Olavide_A5-228x320.jpg\" width=\"228\" height=\"320\" srcset=\"https:\/\/www.upo.es\/diario\/wp-content\/uploads\/2016\/04\/Cartel-Orientaci\u00f3n-Profesional_Pablo-Olavide_A5-228x320.jpg 228w, https:\/\/www.upo.es\/diario\/wp-content\/uploads\/2016\/04\/Cartel-Orientaci\u00f3n-Profesional_Pablo-Olavide_A5-427x600.jpg 427w, https:\/\/www.upo.es\/diario\/wp-content\/uploads\/2016\/04\/Cartel-Orientaci\u00f3n-Profesional_Pablo-Olavide_A5-600x841.jpg 600w, https:\/\/www.upo.es\/diario\/wp-content\/uploads\/2016\/04\/Cartel-Orientaci\u00f3n-Profesional_Pablo-Olavide_A5.jpg 1801w\" sizes=\"auto, (max-width: 228px) 100vw, 228px\" \/><\/a>Hoy mi\u00e9rcoles 6 de abril, a las 11:00 horas en el sal\u00f3n de grados del edificio 7 de la Universidad Pablo de Olavide, se celebrar\u00e1 una <b>jornada de orientaci\u00f3n profesional en el \u00e1mbito empresarial<\/b> organizada por la Delegaci\u00f3n de Alumnos de la Facultad de Ciencias Empresariales y el Decanato de esta facultad.<\/p>\n<p>La jornada ser\u00e1 impartida por M\u00aa Dolores de la Rosa, profesora del Departamento de Organizaci\u00f3n de Empresas y M\u00e1rketing, y \u00c1lvaro Gal\u00e1n, consultor de estrategia empresarial y socio de las consultoras AF Innovaci\u00f3n e Ineo Corporate.<\/p>\n<p>En esta jornada, los estudiantes de \u00faltimo curso de la Facultad de Ciencias Empresariales recibir\u00e1n asesoramiento sobre su futuro profesional y podr\u00e1n conocer de primera mano la realidad del mercado laboral. Adem\u00e1s, los asistentes podr\u00e1n concertar tutor\u00edas con los ponentes de la jornada a celebrar el jueves 7 de abril.<\/p>\n","protected":false},"excerpt":{"rendered":"<p>Hoy mi\u00e9rcoles 6 de abril, a las 11:00 horas en el sal\u00f3n de grados del edificio 7 de la Universidad Pablo de Olavide, se celebrar\u00e1 una jornada de orientaci\u00f3n profesional en el \u00e1mbito empresarial organizada por la Delegaci\u00f3n de Alumnos de la Facultad de Ciencias Empresariales y el Decanato de esta facultad. <\/p>\n","protected":false},"author":2,"featured_media":0,"comment_status":"closed","ping_status":"open","sticky":false,"template":"","format":"standard","meta":{"_monsterinsights_skip_tracking":false,"_monsterinsights_sitenote_active":false,"_monsterinsights_sitenote_note":"","_monsterinsights_sitenote_category":0,"footnotes":""},"categories":[6],"tags":[360,205,391],"class_list":["post-12843352","post","type-post","status-publish","format-standard","hentry","category-institucional","tag-facultad-de-ciencias-empresariales","tag-orientacion-profesional","tag-salidas-profesionales"],"_links":{"self":[{"href":"https:\/\/www.upo.es\/diario\/wp-json\/wp\/v2\/posts\/12843352","targetHints":{"allow":["GET"]}}],"collection":[{"href":"https:\/\/www.upo.es\/diario\/wp-json\/wp\/v2\/posts"}],"about":[{"href":"https:\/\/www.upo.es\/diario\/wp-json\/wp\/v2\/types\/post"}],"author":[{"embeddable":true,"href":"https:\/\/www.upo.es\/diario\/wp-json\/wp\/v2\/users\/2"}],"replies":[{"embeddable":true,"href":"https:\/\/www.upo.es\/diario\/wp-json\/wp\/v2\/comments?post=12843352"}],"version-history":[{"count":2,"href":"https:\/\/www.upo.es\/diario\/wp-json\/wp\/v2\/posts\/12843352\/revisions"}],"predecessor-version":[{"id":12853729,"href":"https:\/\/www.upo.es\/diario\/wp-json\/wp\/v2\/posts\/12843352\/revisions\/12853729"}],"wp:attachment":[{"href":"https:\/\/www.upo.es\/diario\/wp-json\/wp\/v2\/media?parent=12843352"}],"wp:term":[{"taxonomy":"category","embeddable":true,"href":"https:\/\/www.upo.es\/diario\/wp-json\/wp\/v2\/categories?post=12843352"},{"taxonomy":"post_tag","embeddable":true,"href":"https:\/\/www.upo.es\/diario\/wp-json\/wp\/v2\/tags?post=12843352"}],"curies":[{"name":"wp","href":"https:\/\/api.w.org\/{rel}","templated":true}]}}