{"id":12855398,"date":"2016-04-07T05:29:51","date_gmt":"2016-04-07T05:29:51","guid":{"rendered":"https:\/\/www.upo.es\/diario\/?p=12855398"},"modified":"2016-04-07T06:45:16","modified_gmt":"2016-04-07T06:45:16","slug":"ii-jornada-de-salidas-profesionales-en-el-marco-del-master-universitario-en-consultoria-y-auditoria-laboral","status":"publish","type":"post","link":"https:\/\/www.upo.es\/diario\/docencia-formacion\/2016\/04\/ii-jornada-de-salidas-profesionales-en-el-marco-del-master-universitario-en-consultoria-y-auditoria-laboral\/","title":{"rendered":"II Jornada de Salidas Profesionales en el marco del M\u00e1ster Universitario en Consultor\u00eda y Auditor\u00eda Laboral"},"content":{"rendered":"<p><a href=\"https:\/\/www.upo.es\/diario\/wp-content\/uploads\/2016\/04\/D__Usuarios_ogarcoc_Desktop_OLGA_MCAL_OLGA_JORNADAS_SALIDAS-PROFESIONALES-7-04-2016_jornadassalidasprofesionales-1.jpg\"><img loading=\"lazy\" decoding=\"async\" class=\"alignright size-medium wp-image-12855401\" alt=\"Diapositiva 1\" src=\"https:\/\/www.upo.es\/diario\/wp-content\/uploads\/2016\/04\/D__Usuarios_ogarcoc_Desktop_OLGA_MCAL_OLGA_JORNADAS_SALIDAS-PROFESIONALES-7-04-2016_jornadassalidasprofesionales-1-320x155.jpg\" width=\"320\" height=\"155\" srcset=\"https:\/\/www.upo.es\/diario\/wp-content\/uploads\/2016\/04\/D__Usuarios_ogarcoc_Desktop_OLGA_MCAL_OLGA_JORNADAS_SALIDAS-PROFESIONALES-7-04-2016_jornadassalidasprofesionales-1-320x155.jpg 320w, https:\/\/www.upo.es\/diario\/wp-content\/uploads\/2016\/04\/D__Usuarios_ogarcoc_Desktop_OLGA_MCAL_OLGA_JORNADAS_SALIDAS-PROFESIONALES-7-04-2016_jornadassalidasprofesionales-1-600x291.jpg 600w\" sizes=\"auto, (max-width: 320px) 100vw, 320px\" \/><\/a>Hoy jueves 7 de abril, a las 16 horas, en el sal\u00f3n de grados de la Biblioteca de la Universidad Pablo de Olavide, se celebrar\u00e1 la II edici\u00f3n de la Jornada de Salidas Profesionales organizada por el \u00a0M\u00e1ster Universitario en Consultor\u00eda y Auditor\u00eda Laboral de la UPO con la colaboraci\u00f3n del \u00c1rea de Derecho del Trabajo y de la Seguridad Social. Esta actividad ser\u00e1 presentada por el director del m\u00e1ster, Santiago Gonz\u00e1lez Ortega, catedr\u00e1tico de Derecho del Trabajo y de la Seguridad Social de la UPO.<\/p>\n<p>En esta II Jornada se abordar\u00e1 las salidas profesionales de los egresados del M\u00e1ster en Consultor\u00eda y Auditor\u00eda Laboral, con la participaci\u00f3n del Colegio Oficial de Graduados Sociales de Sevilla, la Inspecci\u00f3n de Trabajo, la Tesorer\u00eda General de la Seguridad Social, la Mutua ASEPEYO, y un egresado del M\u00e1ster en Consultor\u00eda y Auditor\u00eda Laboral.<\/p>\n<p>El <a href=\"https:\/\/www.upo.es\/postgrado\/Master-Oficial-Consultoria-y-Auditoria-Laboral\">m\u00e1ster universitario en Consultor\u00eda y Auditor\u00eda Laboral<\/a> de la Universidad Pablo de Olavide capacita para el ejercicio profesional de las actividades de consultor\u00eda en materias relacionadas con el \u00e1mbito jur\u00eddico laboral y de seguridad social, y para la profesi\u00f3n de auditor laboral y de seguridad social. Con una docencia basada en la adquisici\u00f3n de conceptos pr\u00e1cticos mediante clases participativas en las sesiones presenciales, que se acompa\u00f1an de sesiones virtuales en algunas asignaturas o m\u00f3dulos, el presente M\u00e1ster consta de dos itinerarios formativos, que ofrecen una capacitaci\u00f3n profesionalizante o investigadora.<\/p>\n<p>Inscripci\u00f3n: <a href=\"http:\/\/goo.gl\/forms\/2Aobmi7Yck\">http:\/\/goo.gl\/forms\/2Aobmi7Yck<\/a><\/p>\n<p><a href=\"https:\/\/www.upo.es\/portal\/impe\/web\/contenido\/114737cf-fb0b-11e5-96a8-3fe5a96f4a88\">Programa II Jornada\u00a0 de Salidas Profesionales en el marco del M\u00e1ster Universitario en Consultor\u00eda y Auditor\u00eda Laboral.<\/a><\/p>\n","protected":false},"excerpt":{"rendered":"<p>Hoy jueves 7 de abril, a las 16 horas, en el sal\u00f3n de grados de la Biblioteca de la Universidad Pablo de Olavide, se celebrar\u00e1 la II edici\u00f3n de la Jornada de Salidas Profesionales organizada por el  M\u00e1ster Universitario en Consultor\u00eda y Auditor\u00eda Laboral de la UPO. Esta actividad ser\u00e1 presentada por el director del m\u00e1ster, Santiago Gonz\u00e1lez Ortega, catedr\u00e1tico de Derecho del Trabajo y de la Seguridad Social de la UPO.<\/p>\n","protected":false},"author":4,"featured_media":0,"comment_status":"closed","ping_status":"open","sticky":false,"template":"","format":"standard","meta":{"_monsterinsights_skip_tracking":false,"_monsterinsights_sitenote_active":false,"_monsterinsights_sitenote_note":"","_monsterinsights_sitenote_category":0,"footnotes":""},"categories":[2779],"tags":[514,3295,391],"class_list":["post-12855398","post","type-post","status-publish","format-standard","hentry","category-docencia-formacion","tag-jornada","tag-master-universitario-en-consultoria-y-auditoria-laboral","tag-salidas-profesionales"],"_links":{"self":[{"href":"https:\/\/www.upo.es\/diario\/wp-json\/wp\/v2\/posts\/12855398","targetHints":{"allow":["GET"]}}],"collection":[{"href":"https:\/\/www.upo.es\/diario\/wp-json\/wp\/v2\/posts"}],"about":[{"href":"https:\/\/www.upo.es\/diario\/wp-json\/wp\/v2\/types\/post"}],"author":[{"embeddable":true,"href":"https:\/\/www.upo.es\/diario\/wp-json\/wp\/v2\/users\/4"}],"replies":[{"embeddable":true,"href":"https:\/\/www.upo.es\/diario\/wp-json\/wp\/v2\/comments?post=12855398"}],"version-history":[{"count":2,"href":"https:\/\/www.upo.es\/diario\/wp-json\/wp\/v2\/posts\/12855398\/revisions"}],"predecessor-version":[{"id":12866903,"href":"https:\/\/www.upo.es\/diario\/wp-json\/wp\/v2\/posts\/12855398\/revisions\/12866903"}],"wp:attachment":[{"href":"https:\/\/www.upo.es\/diario\/wp-json\/wp\/v2\/media?parent=12855398"}],"wp:term":[{"taxonomy":"category","embeddable":true,"href":"https:\/\/www.upo.es\/diario\/wp-json\/wp\/v2\/categories?post=12855398"},{"taxonomy":"post_tag","embeddable":true,"href":"https:\/\/www.upo.es\/diario\/wp-json\/wp\/v2\/tags?post=12855398"}],"curies":[{"name":"wp","href":"https:\/\/api.w.org\/{rel}","templated":true}]}}