{"id":12857062,"date":"2016-04-06T12:51:23","date_gmt":"2016-04-06T12:51:23","guid":{"rendered":"https:\/\/www.upo.es\/diario\/?p=12857062"},"modified":"2016-04-06T12:51:23","modified_gmt":"2016-04-06T12:51:23","slug":"elegidos-los-representantes-de-la-comunidad-universitaria-en-consejo-de-gobierno","status":"publish","type":"post","link":"https:\/\/www.upo.es\/diario\/infoupo\/2016\/04\/elegidos-los-representantes-de-la-comunidad-universitaria-en-consejo-de-gobierno\/","title":{"rendered":"Elegidos los representantes de la comunidad universitaria en Consejo de Gobierno"},"content":{"rendered":"<figure id=\"attachment_12857063\" aria-describedby=\"caption-attachment-12857063\" style=\"width: 600px\" class=\"wp-caption aligncenter\"><a href=\"https:\/\/www.upo.es\/diario\/wp-content\/uploads\/2016\/04\/Claustro_20160406_14.jpg\"><img loading=\"lazy\" decoding=\"async\" class=\"size-large wp-image-12857063\" alt=\"un profesor vota en el Claustro celebrado en el Paraninfo\" src=\"https:\/\/www.upo.es\/diario\/wp-content\/uploads\/2016\/04\/Claustro_20160406_14-600x337.jpg\" width=\"600\" height=\"337\" srcset=\"https:\/\/www.upo.es\/diario\/wp-content\/uploads\/2016\/04\/Claustro_20160406_14-600x337.jpg 600w, https:\/\/www.upo.es\/diario\/wp-content\/uploads\/2016\/04\/Claustro_20160406_14-320x179.jpg 320w\" sizes=\"auto, (max-width: 600px) 100vw, 600px\" \/><\/a><figcaption id=\"caption-attachment-12857063\" class=\"wp-caption-text\">Los sectores A y B han sido los \u00fanicos que han tenido que elegir entre varios candidatos<\/figcaption><\/figure>\n<p>En la sesi\u00f3n del Claustro Universitario celebrada hoy mi\u00e9rcoles, han sido elegidos por los claustrales los representantes en Consejo de Gobierno tanto del profesorado con vinculaci\u00f3n permanente \u2013sector A, ocho puestos a cubrir\u2013 como del PDI no incluido en el apartado anterior \u2013sector B, un puesto\u2013. Los representantes de estudiantes y personal de administraci\u00f3n han resultado elegidos directamente al presentarse igual n\u00famero de candidaturas que puestos a cubrir, tres y dos respectivamente.<\/p>\n<p>Cualquier miembro de la comunidad universitaria puede representar a su sector en Consejo de Gobierno de la Universidad, siendo elegidos por los claustrales del sector en cuesti\u00f3n. As\u00ed, representar\u00e1n a profesorado, estudiantes y personal de administraci\u00f3n los pr\u00f3ximos cuatro a\u00f1os:<\/p>\n<p><b>Profesorado Doctor con vinculaci\u00f3n permanente, por orden de votos:<\/b><\/p>\n<ol>\n<li>Cabello Medina, Carmen<\/li>\n<li>Fern\u00e1ndez Roca, Fco. Javier<\/li>\n<li>Molina D\u00edaz, Francisco<\/li>\n<li>Del Carpio Delgado, Juana<\/li>\n<li>Hornero M\u00e9ndez, C\u00e9sar<\/li>\n<li>Hern\u00e1ndez Jim\u00e9nez, M.\u00aa Beatriz<\/li>\n<li>Naranjo Gil, David<\/li>\n<li>Sarasola S\u00e1nchez-Serrano, Jos\u00e9 Luis<\/li>\n<\/ol>\n<p><b>Dem\u00e1s PDI no incluido en el apartado anterior:<\/b><\/p>\n<ol>\n<li>L\u00f3pez Vargas, Cristina<\/li>\n<\/ol>\n<p><b>Estudiantes, m\u00e1s la delegada general de estudiantes<\/b> que se elige esta semana por sufragio universal, con Irene Serrano como \u00fanica candidata:<\/p>\n<ol>\n<li>Benavent Le\u00f3n, Araceli<\/li>\n<li>Fern\u00e1ndez Palomo, Juan Miguel<\/li>\n<li>L\u00f3pez Pereiro, Jos\u00e9 Miguel<\/li>\n<\/ol>\n<p><b>Personal de Administraci\u00f3n y Servicios:<\/b><\/p>\n<ol>\n<li>Ceballos M\u00e9ndez, Francisco Jes\u00fas<\/li>\n<li>Torrecillas Moya, Carmen<\/li>\n<\/ol>\n<p>La Mesa del Claustro ha establecido el d\u00eda de ma\u00f1ana, jueves 7 de abril, para posibles reclamaciones a las candidaturas electas provisionales, es decir, las del profesorado.<\/p>\n","protected":false},"excerpt":{"rendered":"<p>En la sesi\u00f3n del Claustro Universitario celebrada hoy mi\u00e9rcoles, han sido elegidos por los claustrales los representantes en Consejo de Gobierno tanto del profesorado con vinculaci\u00f3n permanente \u2013sector A, ocho puestos a cubrir\u2013 como del PDI no incluido en el apartado anterior \u2013sector B, un puesto\u2013. Los representantes de estudiantes y personal de administraci\u00f3n han resultado elegidos directamente al presentarse igual n\u00famero de candidaturas que puestos a cubrir, tres y dos respectivamente.<\/p>\n","protected":false},"author":6,"featured_media":0,"comment_status":"closed","ping_status":"open","sticky":false,"template":"","format":"standard","meta":{"_monsterinsights_skip_tracking":false,"_monsterinsights_sitenote_active":false,"_monsterinsights_sitenote_note":"","_monsterinsights_sitenote_category":0,"footnotes":""},"categories":[5],"tags":[70,102,69,21,682,199],"class_list":["post-12857062","post","type-post","status-publish","format-standard","hentry","category-infoupo","tag-claustro","tag-consejo-de-gobierno","tag-elecciones","tag-estudiantes","tag-pas","tag-profesorado"],"_links":{"self":[{"href":"https:\/\/www.upo.es\/diario\/wp-json\/wp\/v2\/posts\/12857062","targetHints":{"allow":["GET"]}}],"collection":[{"href":"https:\/\/www.upo.es\/diario\/wp-json\/wp\/v2\/posts"}],"about":[{"href":"https:\/\/www.upo.es\/diario\/wp-json\/wp\/v2\/types\/post"}],"author":[{"embeddable":true,"href":"https:\/\/www.upo.es\/diario\/wp-json\/wp\/v2\/users\/6"}],"replies":[{"embeddable":true,"href":"https:\/\/www.upo.es\/diario\/wp-json\/wp\/v2\/comments?post=12857062"}],"version-history":[{"count":1,"href":"https:\/\/www.upo.es\/diario\/wp-json\/wp\/v2\/posts\/12857062\/revisions"}],"predecessor-version":[{"id":12857064,"href":"https:\/\/www.upo.es\/diario\/wp-json\/wp\/v2\/posts\/12857062\/revisions\/12857064"}],"wp:attachment":[{"href":"https:\/\/www.upo.es\/diario\/wp-json\/wp\/v2\/media?parent=12857062"}],"wp:term":[{"taxonomy":"category","embeddable":true,"href":"https:\/\/www.upo.es\/diario\/wp-json\/wp\/v2\/categories?post=12857062"},{"taxonomy":"post_tag","embeddable":true,"href":"https:\/\/www.upo.es\/diario\/wp-json\/wp\/v2\/tags?post=12857062"}],"curies":[{"name":"wp","href":"https:\/\/api.w.org\/{rel}","templated":true}]}}