{"id":12857065,"date":"2016-04-06T20:28:52","date_gmt":"2016-04-06T20:28:52","guid":{"rendered":"https:\/\/www.upo.es\/diario\/?p=12857065"},"modified":"2016-04-08T11:59:32","modified_gmt":"2016-04-08T11:59:32","slug":"la-upo-y-el-ayuntamiento-de-carmona-suscriben-un-convenio-para-ampliar-las-actividades-en-la-sede-olavide-en-carmona","status":"publish","type":"post","link":"https:\/\/www.upo.es\/diario\/institucional\/2016\/04\/la-upo-y-el-ayuntamiento-de-carmona-suscriben-un-convenio-para-ampliar-las-actividades-en-la-sede-olavide-en-carmona\/","title":{"rendered":"La UPO y el Ayuntamiento de Carmona suscriben un convenio para ampliar las actividades en la sede Olavide en Carmona"},"content":{"rendered":"<p><a href=\"https:\/\/www.upo.es\/diario\/wp-content\/uploads\/2016\/04\/conve_carmona.jpg\"><img loading=\"lazy\" decoding=\"async\" class=\"aligncenter size-large wp-image-12857066\" alt=\"El rector Vicente Guzm\u00e1n, y el alcalde del Ayuntamiento de Carmona, Juan \u00c1vila\" src=\"https:\/\/www.upo.es\/diario\/wp-content\/uploads\/2016\/04\/conve_carmona-600x450.jpg\" width=\"600\" height=\"450\" srcset=\"https:\/\/www.upo.es\/diario\/wp-content\/uploads\/2016\/04\/conve_carmona-600x450.jpg 600w, https:\/\/www.upo.es\/diario\/wp-content\/uploads\/2016\/04\/conve_carmona-320x240.jpg 320w, https:\/\/www.upo.es\/diario\/wp-content\/uploads\/2016\/04\/conve_carmona.jpg 1600w\" sizes=\"auto, (max-width: 600px) 100vw, 600px\" \/><\/a>El rector de la Universidad Pablo de Olavide, Vicente Guzm\u00e1n Fluja, y el alcalde del Ayuntamiento de Carmona, Juan \u00c1vila Guti\u00e9rrez, han renovado hoy, en la Alcald\u00eda del Consistorio carmonense, el <strong>convenio de cooperaci\u00f3n educativa entre la UPO y el Ayuntamiento para el desarrollo de la sede Olavide en Carmona \u2013 Rectora Rosario Valpuesta<\/strong>.<\/p>\n<p>El objetivo principal es <strong>ampliar y potenciar las actividades acad\u00e9micas, cient\u00edficas y culturales realizadas en la sede Olavide en Carmona<\/strong>, ubicada en la Casa Palacio de los Briones, as\u00ed como seguir consolidando y desarrollando las ya existentes, como los cursos de verano, que este a\u00f1o alcanzan su decimocuarta edici\u00f3n.<\/p>\n<p>Tanto el rector como el alcalde han mostrado su satisfacci\u00f3n tras la firma de este acuerdo, que contribuir\u00e1 a estrechar a\u00fan m\u00e1s los lazos de uni\u00f3n entre ambas instituciones en torno al proyecto Olavide en Carmona, que dispone de una sede universitaria, situada en pleno centro hist\u00f3rico de la localidad, que re\u00fane todos los requisitos necesarios para el perfecto desarrollo de las actividades.<\/p>\n<p>Concretamente, se propiciar\u00e1 la impartici\u00f3n de programas de Formaci\u00f3n Permanente de la Universidad Pablo de Olavide en la sede de Carmona, as\u00ed como la celebraci\u00f3n de actividades acad\u00e9mico-cient\u00edficas vinculadas a Programas de Doctorado y M\u00e1ster Oficial de la UPO. Asimismo, se ha acordado potenciar actividades del Centro Adscrito San Isidoro en la ciudad de Carmona.<\/p>\n<p>Adem\u00e1s, ambas instituciones se comprometen, conjuntamente, a continuar dotando y adecuando las aulas y espacios de la Sede Olavide en Carmona para la celebraci\u00f3n de diferentes tipos de eventos. Y es que trece ediciones de los cursos de verano y m\u00e1s de un centenar de acciones formativas desarrolladas a lo largo de estos a\u00f1os, entre congresos nacionales e internacionales, reuniones, conferencias, jornadas, encuentros, cursos de m\u00e1ster y especialistas universitarios, avalan este proyecto universitario.\u00a0Actividades en las que han participado m\u00e1s de 50.000 personas, entre estudiantes universitarios, profesores, investigadores y especialistas.<\/p>\n<p>Por otro lado, tanto el Ayuntamiento como la Universidad Pablo de Olavide han suscrito la importancia de dotar a la ciudad de Carmona de una residencia municipal universitaria para completar y satisfacer la demanda de alojamiento de los estudiantes y profesores que participan en las actividades desarrolladas en la sede.<\/p>\n<p>&nbsp;<\/p>\n","protected":false},"excerpt":{"rendered":"<p>El rector de la Universidad Pablo de Olavide, Vicente Guzm\u00e1n Fluja, y el alcalde del Ayuntamiento de Carmona, Juan \u00c1vila Guti\u00e9rrez, han renovado el convenio de cooperaci\u00f3n educativa entre la UPO y el Ayuntamiento para el desarrollo de la sede Olavide en Carmona \u2013 Rectora Rosario Valpuesta.<\/p>\n","protected":false},"author":6,"featured_media":0,"comment_status":"closed","ping_status":"open","sticky":false,"template":"","format":"standard","meta":{"_monsterinsights_skip_tracking":false,"_monsterinsights_sitenote_active":false,"_monsterinsights_sitenote_note":"","_monsterinsights_sitenote_category":0,"footnotes":""},"categories":[6],"tags":[645,23,1608,326,519,38],"class_list":["post-12857065","post","type-post","status-publish","format-standard","hentry","category-institucional","tag-ayuntamientos","tag-carmona","tag-casa-palacio-de-los-briones","tag-convenio","tag-olavide-en-carmona","tag-rector"],"_links":{"self":[{"href":"https:\/\/www.upo.es\/diario\/wp-json\/wp\/v2\/posts\/12857065","targetHints":{"allow":["GET"]}}],"collection":[{"href":"https:\/\/www.upo.es\/diario\/wp-json\/wp\/v2\/posts"}],"about":[{"href":"https:\/\/www.upo.es\/diario\/wp-json\/wp\/v2\/types\/post"}],"author":[{"embeddable":true,"href":"https:\/\/www.upo.es\/diario\/wp-json\/wp\/v2\/users\/6"}],"replies":[{"embeddable":true,"href":"https:\/\/www.upo.es\/diario\/wp-json\/wp\/v2\/comments?post=12857065"}],"version-history":[{"count":7,"href":"https:\/\/www.upo.es\/diario\/wp-json\/wp\/v2\/posts\/12857065\/revisions"}],"predecessor-version":[{"id":12882887,"href":"https:\/\/www.upo.es\/diario\/wp-json\/wp\/v2\/posts\/12857065\/revisions\/12882887"}],"wp:attachment":[{"href":"https:\/\/www.upo.es\/diario\/wp-json\/wp\/v2\/media?parent=12857065"}],"wp:term":[{"taxonomy":"category","embeddable":true,"href":"https:\/\/www.upo.es\/diario\/wp-json\/wp\/v2\/categories?post=12857065"},{"taxonomy":"post_tag","embeddable":true,"href":"https:\/\/www.upo.es\/diario\/wp-json\/wp\/v2\/tags?post=12857065"}],"curies":[{"name":"wp","href":"https:\/\/api.w.org\/{rel}","templated":true}]}}