{"id":12869119,"date":"2016-04-11T01:16:34","date_gmt":"2016-04-11T01:16:34","guid":{"rendered":"https:\/\/www.upo.es\/diario\/?p=12869119"},"modified":"2016-04-11T06:57:47","modified_gmt":"2016-04-11T06:57:47","slug":"manana-en-la-upo-seminario-corrientes-de-la-economia-critica-del-observatorio-gepdo","status":"publish","type":"post","link":"https:\/\/www.upo.es\/diario\/institucional\/2016\/04\/manana-en-la-upo-seminario-corrientes-de-la-economia-critica-del-observatorio-gepdo\/","title":{"rendered":"Seminario \u00abCorrientes de la Econom\u00eda Cr\u00edtica\u00bb del Observatorio GEP&#038;DO"},"content":{"rendered":"<figure id=\"attachment_12882322\" aria-describedby=\"caption-attachment-12882322\" style=\"width: 600px\" class=\"wp-caption aligncenter\"><a href=\"https:\/\/www.upo.es\/diario\/wp-content\/uploads\/2016\/04\/Eco-Cr\u00edtica.jpg\"><img loading=\"lazy\" decoding=\"async\" class=\"size-large wp-image-12882322\" alt=\"Ricardo Molero durante el seminario impartido en la UPO.\" src=\"https:\/\/www.upo.es\/diario\/wp-content\/uploads\/2016\/04\/Eco-Cr\u00edtica-600x400.jpg\" width=\"600\" height=\"400\" srcset=\"https:\/\/www.upo.es\/diario\/wp-content\/uploads\/2016\/04\/Eco-Cr\u00edtica-600x400.jpg 600w, https:\/\/www.upo.es\/diario\/wp-content\/uploads\/2016\/04\/Eco-Cr\u00edtica-320x213.jpg 320w\" sizes=\"auto, (max-width: 600px) 100vw, 600px\" \/><\/a><figcaption id=\"caption-attachment-12882322\" class=\"wp-caption-text\">Ricardo Molero durante el seminario impartido en la UPO.<\/figcaption><\/figure>\n<p>El pasado viernes tuvo lugar, en el espacio 1.07 del edificio 44 de la Universidad Pablo de Olavide,\u00a0el <strong>seminario \u201cCorrientes de la Econom\u00eda Cr\u00edtica\u201d<\/strong> impartido por el economista Ricardo Molero Simarro.<\/p>\n<p>Esta actividad, abierta a toda la comunidad universitaria y p\u00fablico interesado, se enmarca en el <b>Seminario Permanente del Observatorio GEP&amp;DO<\/b> de G\u00e9nero, Econom\u00eda, Pol\u00edtica y Desarrollo, en coordinaci\u00f3n con el grupo de investigaci\u00f3n EcoEcoFem (Econom\u00eda Ecol\u00f3gica, Feminista y Desarrollo) de la UPO.<\/p>\n<p><b>Ricardo Molero Simarro <\/b>es licenciado en Econom\u00eda y doctorado en Econom\u00eda Internacional y Desarrollo por la Universidad Complutense de Madrid. Investigador en el Departamento de Econom\u00eda Aplicada I de la UCM, profesor del Instituto de Altos Estudios Universitarios y miembro del <a href=\"http:\/\/colectivonovecento.org\/\">Colectivo Novecento<\/a> y <a href=\"http:\/\/www.economiacritica.net\/\">Econom\u00eda Cr\u00edtica y Cr\u00edtica de la Econom\u00eda<\/a>.<\/p>\n<p>El <a href=\"http:\/\/genderobservatory.com\/\">Observatorio de G\u00e9nero sobre Econom\u00eda, Pol\u00edtica y Desarrollo<\/a> (GEP&amp;DO), con sede en la Universidad Pablo de Olavide, nace como espacio para la investigaci\u00f3n, la reflexi\u00f3n cr\u00edtica y el intercambio de conocimientos y saberes sobre igualdad de g\u00e9nero. Conformado por investigadoras y docentes con diferentes trayectorias profesionales, el Observatorio pretende alimentar los debates actuales sobre econom\u00eda, pol\u00edticas p\u00fablicas y desarrollo desde una perspectiva feminista. Igualmente, tiene como finalidad contribuir al trabajo pro igualdad de g\u00e9nero a trav\u00e9s de la colaboraci\u00f3n con organizaciones de la sociedad civil e instituciones p\u00fablicas tanto a escala local y regional como nacional e internacional.<\/p>\n","protected":false},"excerpt":{"rendered":"<p>El pasado viernes tuvo lugar, en el espacio 1.07 del edificio 44 de la Universidad Pablo de Olavide, el seminario \u201cCorrientes de la Econom\u00eda Cr\u00edtica\u201d impartido por el economista Ricardo Molero Simarro.<\/p>\n","protected":false},"author":13,"featured_media":0,"comment_status":"closed","ping_status":"open","sticky":false,"template":"","format":"standard","meta":{"_monsterinsights_skip_tracking":false,"_monsterinsights_sitenote_active":false,"_monsterinsights_sitenote_note":"","_monsterinsights_sitenote_category":0,"footnotes":""},"categories":[6],"tags":[2733,63,2929],"class_list":["post-12869119","post","type-post","status-publish","format-standard","hentry","category-institucional","tag-ecoecofem","tag-economia","tag-observatorio-gepdo"],"_links":{"self":[{"href":"https:\/\/www.upo.es\/diario\/wp-json\/wp\/v2\/posts\/12869119","targetHints":{"allow":["GET"]}}],"collection":[{"href":"https:\/\/www.upo.es\/diario\/wp-json\/wp\/v2\/posts"}],"about":[{"href":"https:\/\/www.upo.es\/diario\/wp-json\/wp\/v2\/types\/post"}],"author":[{"embeddable":true,"href":"https:\/\/www.upo.es\/diario\/wp-json\/wp\/v2\/users\/13"}],"replies":[{"embeddable":true,"href":"https:\/\/www.upo.es\/diario\/wp-json\/wp\/v2\/comments?post=12869119"}],"version-history":[{"count":8,"href":"https:\/\/www.upo.es\/diario\/wp-json\/wp\/v2\/posts\/12869119\/revisions"}],"predecessor-version":[{"id":12921421,"href":"https:\/\/www.upo.es\/diario\/wp-json\/wp\/v2\/posts\/12869119\/revisions\/12921421"}],"wp:attachment":[{"href":"https:\/\/www.upo.es\/diario\/wp-json\/wp\/v2\/media?parent=12869119"}],"wp:term":[{"taxonomy":"category","embeddable":true,"href":"https:\/\/www.upo.es\/diario\/wp-json\/wp\/v2\/categories?post=12869119"},{"taxonomy":"post_tag","embeddable":true,"href":"https:\/\/www.upo.es\/diario\/wp-json\/wp\/v2\/tags?post=12869119"}],"curies":[{"name":"wp","href":"https:\/\/api.w.org\/{rel}","templated":true}]}}