{"id":1289631,"date":"2013-07-29T11:46:35","date_gmt":"2013-07-29T11:46:35","guid":{"rendered":"https:\/\/www.upo.es\/diario\/?p=1289631"},"modified":"2013-07-30T11:44:17","modified_gmt":"2013-07-30T11:44:17","slug":"un-total-de-20-estudiantes-inician-las-excavaciones-sobre-restos-romanos-de-epoca-imperial","status":"publish","type":"post","link":"https:\/\/www.upo.es\/diario\/institucional\/2013\/07\/un-total-de-20-estudiantes-inician-las-excavaciones-sobre-restos-romanos-de-epoca-imperial\/","title":{"rendered":"Un total de 20 estudiantes inician las excavaciones sobre restos romanos de \u00e9poca imperial"},"content":{"rendered":"<figure id=\"attachment_1289632\" aria-describedby=\"caption-attachment-1289632\" style=\"width: 320px\" class=\"wp-caption alignright\"><a href=\"https:\/\/www.upo.es\/diario\/wp-content\/uploads\/2013\/07\/excavaciones_carmona.jpg\"><img loading=\"lazy\" decoding=\"async\" class=\"size-medium wp-image-1289632\" alt=\"excavaciones en Carmona\" src=\"https:\/\/www.upo.es\/diario\/wp-content\/uploads\/2013\/07\/excavaciones_carmona-320x213.jpg\" width=\"320\" height=\"213\" srcset=\"https:\/\/www.upo.es\/diario\/wp-content\/uploads\/2013\/07\/excavaciones_carmona-320x213.jpg 320w, https:\/\/www.upo.es\/diario\/wp-content\/uploads\/2013\/07\/excavaciones_carmona-1024x681.jpg 1024w, https:\/\/www.upo.es\/diario\/wp-content\/uploads\/2013\/07\/excavaciones_carmona-600x399.jpg 600w, https:\/\/www.upo.es\/diario\/wp-content\/uploads\/2013\/07\/excavaciones_carmona.jpg 1702w\" sizes=\"auto, (max-width: 320px) 100vw, 320px\" \/><\/a><figcaption id=\"caption-attachment-1289632\" class=\"wp-caption-text\">El curso de Arqueolog\u00eda de campo se extender\u00e1 hasta el pr\u00f3ximo 23 de agosto<\/figcaption><\/figure>\n<p>Un total de 20 estudiantes participan desde hoy en la VII edici\u00f3n del curso sobre <i>Arqueolog\u00eda de campo<\/i>, coordinado por Ricardo Lineros Romero, director del Museo de la Ciudad de Carmona, y Juan Manuel Rom\u00e1n Rodr\u00edguez, arque\u00f3logo del Servicio Municipal de Arqueolog\u00eda del Ayuntamiento de Carmona. Dicho seminario cuenta con el patrocinio y colaboraci\u00f3n de las Delegaciones de Cultura, Turismo y Patrimonio Hist\u00f3rico del Ayuntamiento de Carmona, del Museo de la Ciudad de Carmona, de la Diputaci\u00f3n de Sevilla y la Fundaci\u00f3n Cajasol.<\/p>\n<p>El acto de presentaci\u00f3n del curso ha contado con la presencia de Francisco Hidalgo, director de la sede de la Universidad Pablo de Olavide en Carmona; Ram\u00f3n Gavira, delegado de Cultura, Turismo y Patrimonio Hist\u00f3rico del Ayuntamiento de Carmona, adem\u00e1s de Ricardo Lineros y Juan Manuel Rom\u00e1n.<\/p>\n<p>Este nuevo simposio de \u2018Olavide en Carmona\u2019, que se celebra desde hoy hasta el pr\u00f3ximo 23 de agosto, se estructura en un seminario sobre metodolog\u00eda arqueol\u00f3gica y en sesiones pr\u00e1cticas de trabajo de campo en excavaci\u00f3n. El seminario sobre metodolog\u00eda, que tendr\u00e1 lugar en las dependencias del Museo de la Ciudad y en la casa palacio de Los Briones, abordar\u00e1 temas como la gesti\u00f3n de la arqueolog\u00eda, la estratificaci\u00f3n arqueol\u00f3gica, las aplicaciones t\u00e9cnicas, el registro y gesti\u00f3n de la documentaci\u00f3n, la arqueolog\u00eda paramental y bajo rasante, as\u00ed como el dibujo y digitalizaci\u00f3n del material arqueol\u00f3gico. Para ello, se contar\u00e1 tambi\u00e9n con la participaci\u00f3n de las arque\u00f3logas Roc\u00edo Anglada y Trinidad G\u00f3mez.<\/p>\n<figure id=\"attachment_1289889\" aria-describedby=\"caption-attachment-1289889\" style=\"width: 320px\" class=\"wp-caption alignleft\"><a href=\"https:\/\/www.upo.es\/diario\/wp-content\/uploads\/2013\/07\/inauguracion-curso-arqueologia.jpg\"><img loading=\"lazy\" decoding=\"async\" class=\"size-medium wp-image-1289889\" alt=\"Juan Manuel Rom\u00e1n, Ram\u00f3n Gavira, Francisco Hidalgo y Ricardo Lineros\" src=\"https:\/\/www.upo.es\/diario\/wp-content\/uploads\/2013\/07\/inauguracion-curso-arqueologia-320x214.jpg\" width=\"320\" height=\"214\" srcset=\"https:\/\/www.upo.es\/diario\/wp-content\/uploads\/2013\/07\/inauguracion-curso-arqueologia-320x214.jpg 320w, https:\/\/www.upo.es\/diario\/wp-content\/uploads\/2013\/07\/inauguracion-curso-arqueologia-1024x685.jpg 1024w, https:\/\/www.upo.es\/diario\/wp-content\/uploads\/2013\/07\/inauguracion-curso-arqueologia-600x401.jpg 600w, https:\/\/www.upo.es\/diario\/wp-content\/uploads\/2013\/07\/inauguracion-curso-arqueologia.jpg 1549w\" sizes=\"auto, (max-width: 320px) 100vw, 320px\" \/><\/a><figcaption id=\"caption-attachment-1289889\" class=\"wp-caption-text\">Desde la izquierda: Juan Manuel Rom\u00e1n, Ram\u00f3n Gavira, Francisco Hidalgo y Ricardo Lineros<\/figcaption><\/figure>\n<p>Las pr\u00e1cticas arqueol\u00f3gicas se realizar\u00e1n en la plaza de Juli\u00e1n Besteiro, zona aleda\u00f1a a la Casa Palacio de los Briones, sede de Olavide en Carmona, donde se excavar\u00e1n restos de una edificaci\u00f3n de \u00e9poca romana imperial, cuya construcci\u00f3n debi\u00f3 realizarse entre los siglos I o II\u00a0 d. C. y que previsiblemente se encuentran en buen estado de conservaci\u00f3n. En dicha zona, seg\u00fan los coordinadores, se ha descubierto una galer\u00eda de \u00e9poca romana cavada en la roca, que fue reaprovechada posteriormente como desag\u00fce en \u00e9poca almohade entre los el siglos XII y XIII.<\/p>\n<p>Esta excavaci\u00f3n se inici\u00f3 en el curso de verano del a\u00f1o pasado sobre los restos del desaparecido Convento de San Jos\u00e9, del siglo XVII, que estuvo en pie hasta los a\u00f1os 70 aproximadamente. En los niveles relacionados con el convento se encontraron durante las excavaciones una decena de enterramientos infantiles, que podr\u00edan estar relacionados con una epidemia.<\/p>\n<p>Durante el curso, los estudiantes realizar\u00e1n los trabajos propios de una excavaci\u00f3n, recibiendo informaci\u00f3n pr\u00e1ctica en las distintas cuestiones que debe conocer un arque\u00f3logo, como metodolog\u00eda arqueol\u00f3gica, registro, dibujo de campo, topograf\u00eda, fotograf\u00eda, estudio de materiales, etc.<\/p>\n<p>&nbsp;<\/p>\n","protected":false},"excerpt":{"rendered":"<p>Un total de 20 estudiantes participan  en la VII edici\u00f3n del curso sobre Arqueolog\u00eda de campo, coordinado por Ricardo Lineros Romero, director del Museo de la Ciudad de Carmona, y Juan Manuel Rom\u00e1n Rodr\u00edguez, arque\u00f3logo del Servicio Municipal de Arqueolog\u00eda del Ayuntamiento de Carmona. Dicho seminario cuenta con el patrocinio y colaboraci\u00f3n de las Delegaciones de Cultura, Turismo y Patrimonio Hist\u00f3rico del Ayuntamiento de Carmona, del Museo de la Ciudad de Carmona, de la Diputaci\u00f3n de Sevilla y la Fundaci\u00f3n Cajasol.<\/p>\n","protected":false},"author":6,"featured_media":0,"comment_status":"closed","ping_status":"open","sticky":false,"template":"","format":"standard","meta":{"_monsterinsights_skip_tracking":false,"_monsterinsights_sitenote_active":false,"_monsterinsights_sitenote_note":"","_monsterinsights_sitenote_category":0,"footnotes":""},"categories":[6],"tags":[128,23,141,22,519,65],"class_list":["post-1289631","post","type-post","status-publish","format-standard","hentry","category-institucional","tag-arqueologia","tag-carmona","tag-curso","tag-cursos-de-verano","tag-olavide-en-carmona","tag-practicas"],"_links":{"self":[{"href":"https:\/\/www.upo.es\/diario\/wp-json\/wp\/v2\/posts\/1289631","targetHints":{"allow":["GET"]}}],"collection":[{"href":"https:\/\/www.upo.es\/diario\/wp-json\/wp\/v2\/posts"}],"about":[{"href":"https:\/\/www.upo.es\/diario\/wp-json\/wp\/v2\/types\/post"}],"author":[{"embeddable":true,"href":"https:\/\/www.upo.es\/diario\/wp-json\/wp\/v2\/users\/6"}],"replies":[{"embeddable":true,"href":"https:\/\/www.upo.es\/diario\/wp-json\/wp\/v2\/comments?post=1289631"}],"version-history":[{"count":5,"href":"https:\/\/www.upo.es\/diario\/wp-json\/wp\/v2\/posts\/1289631\/revisions"}],"predecessor-version":[{"id":1296263,"href":"https:\/\/www.upo.es\/diario\/wp-json\/wp\/v2\/posts\/1289631\/revisions\/1296263"}],"wp:attachment":[{"href":"https:\/\/www.upo.es\/diario\/wp-json\/wp\/v2\/media?parent=1289631"}],"wp:term":[{"taxonomy":"category","embeddable":true,"href":"https:\/\/www.upo.es\/diario\/wp-json\/wp\/v2\/categories?post=1289631"},{"taxonomy":"post_tag","embeddable":true,"href":"https:\/\/www.upo.es\/diario\/wp-json\/wp\/v2\/tags?post=1289631"}],"curies":[{"name":"wp","href":"https:\/\/api.w.org\/{rel}","templated":true}]}}