{"id":1295739,"date":"2013-07-30T10:57:22","date_gmt":"2013-07-30T10:57:22","guid":{"rendered":"https:\/\/www.upo.es\/diario\/?p=1295739"},"modified":"2013-09-04T11:38:21","modified_gmt":"2013-09-04T11:38:21","slug":"el-consejo-de-gobierno-aprueba-el-plan-de-ordenacion-docente-para-el-proximo-curso-2013-2014","status":"publish","type":"post","link":"https:\/\/www.upo.es\/diario\/institucional\/2013\/07\/el-consejo-de-gobierno-aprueba-el-plan-de-ordenacion-docente-para-el-proximo-curso-2013-2014\/","title":{"rendered":"El Consejo de Gobierno aprueba el Plan de Ordenaci\u00f3n Docente para el pr\u00f3ximo curso 2013-2014"},"content":{"rendered":"<figure id=\"attachment_1295740\" aria-describedby=\"caption-attachment-1295740\" style=\"width: 320px\" class=\"wp-caption alignleft\"><a href=\"https:\/\/www.upo.es\/diario\/wp-content\/uploads\/2013\/07\/cgjul13.jpg\"><img loading=\"lazy\" decoding=\"async\" class=\"size-medium wp-image-1295740\" alt=\"El Consejo de Gobierno de la Universidad Pablo de Olavide, presidido por el rector Vicente Guzm\u00e1n\" src=\"https:\/\/www.upo.es\/diario\/wp-content\/uploads\/2013\/07\/cgjul13-320x213.jpg\" width=\"320\" height=\"213\" srcset=\"https:\/\/www.upo.es\/diario\/wp-content\/uploads\/2013\/07\/cgjul13-320x213.jpg 320w, https:\/\/www.upo.es\/diario\/wp-content\/uploads\/2013\/07\/cgjul13-1024x682.jpg 1024w, https:\/\/www.upo.es\/diario\/wp-content\/uploads\/2013\/07\/cgjul13-600x399.jpg 600w\" sizes=\"auto, (max-width: 320px) 100vw, 320px\" \/><\/a><figcaption id=\"caption-attachment-1295740\" class=\"wp-caption-text\">El Consejo de Gobierno de la UPO, presidido por el rector Vicente Guzm\u00e1n<\/figcaption><\/figure>\n<p>El Consejo de Gobierno de la Universidad Pablo de Olavide, presidido por el rector Vicente Guzm\u00e1n, ha aprobado la modificaci\u00f3n de la relaci\u00f3n de puestos de trabajo que permite implementar los Planes de Ordenaci\u00f3n Docente (PODs) de todos los departamentos de esta universidad para el pr\u00f3ximo curso 2013-2014.<\/p>\n<p>La aprobaci\u00f3n del POD posibilita renovar el contrato de todo el profesorado de plantilla con dedicaci\u00f3n a tiempo completo y prorrogar el contrato del 92 por ciento de los profesores asociados a tiempo parcial. El 8 por ciento de no renovaciones de contrato se debe a la reducci\u00f3n del encargo docente como consecuencia de la extinci\u00f3n de licenciaturas y a la mayor capacidad docente del profesorado a tiempo completo, debido a la implementaci\u00f3n de las medidas de modulaci\u00f3n de la capacidad docente del profesorado en funci\u00f3n de su actividad investigadora. Adem\u00e1s, el 10 por ciento de la plantilla de profesorado a tiempo completo incrementar\u00e1 su docencia entre 1 y 2 horas semanales.<\/p>\n<p>Con la modificaci\u00f3n de la relaci\u00f3n de puestos de trabajo, la plantilla de PDI de la Olavide quedar\u00e1 configurada por 548 profesores a tiempo completo y 408 profesores a tiempo parcial.<\/p>\n<p>La aprobaci\u00f3n del POD por el Consejo de Gobierno se produce despu\u00e9s de que los 15 departamentos de la UPO hayan dado finalmente luz verde a sus respectivos planes y tras ser informado por asentimiento por la Comisi\u00f3n Acad\u00e9mica de Profesorado, integrada por decanos y directores de departamento y representantes del PDI.<\/p>\n<p>Por otro lado, el Consejo de Gobierno de la UPO ha acordado designar Comisionado para la Defensor\u00eda Universitaria, a propuesta del rector, al profesor Eduardo Gamero Casado hasta la celebraci\u00f3n de elecciones a Defensor Universitario en el mes de octubre. El catedr\u00e1tico de Derecho Administrativo Eduardo Gamero ha sido Defensor Universitario desde diciembre de 2007 hasta el mes de mayo de este a\u00f1o en que se celebraron las elecciones a Defensor. Gamero se present\u00f3 como \u00fanico candidato pero no logr\u00f3 el apoyo suficiente para su reelecci\u00f3n.<\/p>\n<p>Asimismo, el Consejo de Gobierno ha aprobado la rotulaci\u00f3n del edificio 45 de esta universidad como edificio Alexander von Humboldt, y del pabell\u00f3n 26 (Gimnasio) como pabell\u00f3n de las Trabajadoras del Campo Andaluz.<\/p>\n","protected":false},"excerpt":{"rendered":"<p>El Consejo de Gobierno de la Universidad Pablo de Olavide, presidido por el rector Vicente Guzm\u00e1n, ha aprobado la modificaci\u00f3n de la relaci\u00f3n de puestos de trabajo que permite implementar los Planes de Ordenaci\u00f3n Docente (PODs) de todos los departamentos de esta universidad para el pr\u00f3ximo curso 2013-2014.<\/p>\n","protected":false},"author":6,"featured_media":0,"comment_status":"closed","ping_status":"open","sticky":false,"template":"","format":"standard","meta":{"_monsterinsights_skip_tracking":false,"_monsterinsights_sitenote_active":false,"_monsterinsights_sitenote_note":"","_monsterinsights_sitenote_category":0,"footnotes":""},"categories":[6],"tags":[107,102,105,518,488],"class_list":["post-1295739","post","type-post","status-publish","format-standard","hentry","category-institucional","tag-campus","tag-consejo-de-gobierno","tag-curso-2013-2014","tag-defensor-universitario","tag-departamento"],"_links":{"self":[{"href":"https:\/\/www.upo.es\/diario\/wp-json\/wp\/v2\/posts\/1295739","targetHints":{"allow":["GET"]}}],"collection":[{"href":"https:\/\/www.upo.es\/diario\/wp-json\/wp\/v2\/posts"}],"about":[{"href":"https:\/\/www.upo.es\/diario\/wp-json\/wp\/v2\/types\/post"}],"author":[{"embeddable":true,"href":"https:\/\/www.upo.es\/diario\/wp-json\/wp\/v2\/users\/6"}],"replies":[{"embeddable":true,"href":"https:\/\/www.upo.es\/diario\/wp-json\/wp\/v2\/comments?post=1295739"}],"version-history":[{"count":7,"href":"https:\/\/www.upo.es\/diario\/wp-json\/wp\/v2\/posts\/1295739\/revisions"}],"predecessor-version":[{"id":1516375,"href":"https:\/\/www.upo.es\/diario\/wp-json\/wp\/v2\/posts\/1295739\/revisions\/1516375"}],"wp:attachment":[{"href":"https:\/\/www.upo.es\/diario\/wp-json\/wp\/v2\/media?parent=1295739"}],"wp:term":[{"taxonomy":"category","embeddable":true,"href":"https:\/\/www.upo.es\/diario\/wp-json\/wp\/v2\/categories?post=1295739"},{"taxonomy":"post_tag","embeddable":true,"href":"https:\/\/www.upo.es\/diario\/wp-json\/wp\/v2\/tags?post=1295739"}],"curies":[{"name":"wp","href":"https:\/\/api.w.org\/{rel}","templated":true}]}}