{"id":1295744,"date":"2013-07-31T06:00:48","date_gmt":"2013-07-31T06:00:48","guid":{"rendered":"https:\/\/www.upo.es\/diario\/?p=1295744"},"modified":"2013-07-31T07:09:48","modified_gmt":"2013-07-31T07:09:48","slug":"el-rector-de-la-upo-y-el-presidente-de-la-asociacion-de-antiguos-alumnos-firman-un-convenio-de-colaboracion","status":"publish","type":"post","link":"https:\/\/www.upo.es\/diario\/institucional\/2013\/07\/el-rector-de-la-upo-y-el-presidente-de-la-asociacion-de-antiguos-alumnos-firman-un-convenio-de-colaboracion\/","title":{"rendered":"El rector de la UPO y el presidente de la Asociaci\u00f3n de Antiguos Alumnos firman un convenio de colaboraci\u00f3n"},"content":{"rendered":"<figure id=\"attachment_1296147\" aria-describedby=\"caption-attachment-1296147\" style=\"width: 320px\" class=\"wp-caption alignright\"><a href=\"https:\/\/www.upo.es\/diario\/wp-content\/uploads\/2013\/07\/conve_aaaaupo.jpg\"><img loading=\"lazy\" decoding=\"async\" class=\"size-medium wp-image-1296147\" alt=\"Vicente Guzm\u00e1n Fluja, y Mario \u00c1ngel Leal Bregel\" src=\"https:\/\/www.upo.es\/diario\/wp-content\/uploads\/2013\/07\/conve_aaaaupo-320x213.jpg\" width=\"320\" height=\"213\" srcset=\"https:\/\/www.upo.es\/diario\/wp-content\/uploads\/2013\/07\/conve_aaaaupo-320x213.jpg 320w, https:\/\/www.upo.es\/diario\/wp-content\/uploads\/2013\/07\/conve_aaaaupo-1024x682.jpg 1024w, https:\/\/www.upo.es\/diario\/wp-content\/uploads\/2013\/07\/conve_aaaaupo-600x400.jpg 600w\" sizes=\"auto, (max-width: 320px) 100vw, 320px\" \/><\/a><figcaption id=\"caption-attachment-1296147\" class=\"wp-caption-text\">El rector de la Universidad Pablo de Olavide, Vicente Guzm\u00e1n Fluja, y Mario \u00c1ngel Leal Bregel, presidente de la Asociaci\u00f3n de Antiguos Alumnos de esta Universidad, tras la firma del convenio<\/figcaption><\/figure>\n<p>El rector de la Universidad Pablo de Olavide, Vicente Guzm\u00e1n Fluja, y Mario \u00c1ngel Leal Bregel, presidente de la Asociaci\u00f3n de Antiguos Alumnos de esta Universidad, firmaron ayer martes un convenio de colaboraci\u00f3n <strong>cuyo principal objetivo es establecer un marco jur\u00eddico e institucional adecuado para impulsar la celebraci\u00f3n de actividades formativas de tipo econ\u00f3mico, cient\u00edfico, t\u00e9cnico y de investigaci\u00f3n, en materias de inter\u00e9s com\u00fan, destacando las acciones y programas relativos a la creaci\u00f3n de empleo entre los estudiantes y egresados de la Universidad Pablo de Olavide<\/strong>.<\/p>\n<p>La UPO y la Asociaci\u00f3n de Antiguos Alumnos manifiestan as\u00ed el inter\u00e9s por fomentar la colaboraci\u00f3n entre ambas mediante la prestaci\u00f3n de ayuda t\u00e9cnica e intercambio de servicios. Entre otras cosas, este convenio pretende sentar las bases para la puesta en marcha de proyectos, promoci\u00f3n de estudios, edici\u00f3n de publicaciones y otras actividades comunes de car\u00e1cter cient\u00edfico, econ\u00f3mico, cultural, educativo, social y de investigaci\u00f3n, que se lleven a cabo tanto por estudiantes como por egresados de esta universidad. Tambi\u00e9n tiene como objetivo apoyar los programas relativos al fomento del empleo y de iniciativas empresariales y emprendedoras de estudiantes y egresados de la Universidad Pablo de Olavide, \u00a0as\u00ed como realizar las actuaciones precisas a fin de que los egresados de la UPO sean asimilados como miembros de su comunidad universitaria.<\/p>\n<p>La <a href=\"http:\/\/www.upo.es\/antiguos-alumnos\/\">Asociaci\u00f3n de Antiguos Alumnos de la Universidad Pablo de Olavide<\/a> nace en el a\u00f1o 2003 con la intenci\u00f3n de crear un v\u00ednculo de uni\u00f3n entre los egresados, la instituci\u00f3n en la que se formaron y la sociedad. Por ello, durante el \u00faltimo a\u00f1o la Asociaci\u00f3n ha aumentado su actividad y presencia en la comunidad universitaria brindando la posibilidad de participaci\u00f3n y colaboraci\u00f3n para todos los egresados interesados.<\/p>\n","protected":false},"excerpt":{"rendered":"<p>\tEl rector de la Universidad Pablo de Olavide, Vicente Guzm\u00e1n Fluja, y Mario \u00c1ngel Leal Bregel, presidente de la Asociaci\u00f3n de Antiguos Alumnos de esta Universidad, firmaron ayer martes un convenio de colaboraci\u00f3n cuyo principal objetivo es establecer un marco jur\u00eddico e institucional adecuado para impulsar la celebraci\u00f3n de actividades formativas de tipo econ\u00f3mico, cient\u00edfico, t\u00e9cnico y de investigaci\u00f3n, en materias de inter\u00e9s com\u00fan, destacando las acciones y programas relativos a la creaci\u00f3n de empleo entre los estudiantes y egresados de la Universidad Pablo de Olavide.<\/p>\n","protected":false},"author":6,"featured_media":0,"comment_status":"closed","ping_status":"open","sticky":false,"template":"","format":"standard","meta":{"_monsterinsights_skip_tracking":false,"_monsterinsights_sitenote_active":false,"_monsterinsights_sitenote_note":"","_monsterinsights_sitenote_category":0,"footnotes":""},"categories":[6],"tags":[153,372,326,21,38,106],"class_list":["post-1295744","post","type-post","status-publish","format-standard","hentry","category-institucional","tag-alumni","tag-asociacion","tag-convenio","tag-estudiantes","tag-rector","tag-vicente-c-guzman"],"_links":{"self":[{"href":"https:\/\/www.upo.es\/diario\/wp-json\/wp\/v2\/posts\/1295744","targetHints":{"allow":["GET"]}}],"collection":[{"href":"https:\/\/www.upo.es\/diario\/wp-json\/wp\/v2\/posts"}],"about":[{"href":"https:\/\/www.upo.es\/diario\/wp-json\/wp\/v2\/types\/post"}],"author":[{"embeddable":true,"href":"https:\/\/www.upo.es\/diario\/wp-json\/wp\/v2\/users\/6"}],"replies":[{"embeddable":true,"href":"https:\/\/www.upo.es\/diario\/wp-json\/wp\/v2\/comments?post=1295744"}],"version-history":[{"count":2,"href":"https:\/\/www.upo.es\/diario\/wp-json\/wp\/v2\/posts\/1295744\/revisions"}],"predecessor-version":[{"id":1301125,"href":"https:\/\/www.upo.es\/diario\/wp-json\/wp\/v2\/posts\/1295744\/revisions\/1301125"}],"wp:attachment":[{"href":"https:\/\/www.upo.es\/diario\/wp-json\/wp\/v2\/media?parent=1295744"}],"wp:term":[{"taxonomy":"category","embeddable":true,"href":"https:\/\/www.upo.es\/diario\/wp-json\/wp\/v2\/categories?post=1295744"},{"taxonomy":"post_tag","embeddable":true,"href":"https:\/\/www.upo.es\/diario\/wp-json\/wp\/v2\/tags?post=1295744"}],"curies":[{"name":"wp","href":"https:\/\/api.w.org\/{rel}","templated":true}]}}