{"id":13028400,"date":"2016-04-19T10:53:27","date_gmt":"2016-04-19T10:53:27","guid":{"rendered":"https:\/\/www.upo.es\/diario\/?p=13028400"},"modified":"2016-04-19T11:14:17","modified_gmt":"2016-04-19T11:14:17","slug":"la-upo-celebra-la-proxima-semana-unas-jornadas-para-fomentar-la-participacion-en-proyectos-europeos-de-idi","status":"publish","type":"post","link":"https:\/\/www.upo.es\/diario\/institucional\/2016\/04\/la-upo-celebra-la-proxima-semana-unas-jornadas-para-fomentar-la-participacion-en-proyectos-europeos-de-idi\/","title":{"rendered":"La UPO celebra la pr\u00f3xima semana unas jornadas para fomentar la participaci\u00f3n en proyectos europeos de I+D+i"},"content":{"rendered":"<p style=\"text-align: justify;\"><a href=\"https:\/\/www.upo.es\/diario\/wp-content\/uploads\/2016\/04\/2390666040_2e6b0a9a78_z.jpg\"><img loading=\"lazy\" decoding=\"async\" class=\"alignright size-medium wp-image-13028405\" alt=\"2390666040_2e6b0a9a78_z\" src=\"https:\/\/www.upo.es\/diario\/wp-content\/uploads\/2016\/04\/2390666040_2e6b0a9a78_z-320x240.jpg\" width=\"320\" height=\"240\" srcset=\"https:\/\/www.upo.es\/diario\/wp-content\/uploads\/2016\/04\/2390666040_2e6b0a9a78_z-320x240.jpg 320w, https:\/\/www.upo.es\/diario\/wp-content\/uploads\/2016\/04\/2390666040_2e6b0a9a78_z.jpg 500w\" sizes=\"auto, (max-width: 320px) 100vw, 320px\" \/><\/a>En el marco de la <strong>VII edici\u00f3n de los Desayunos Europeos de la Universidad Pablo de Olavide<\/strong>, la oficina de Proyectos Europeos de la <strong>OTRI<\/strong> ha organizado para\u00a0 este mes de abril la primera jornada informativa y de asesoramiento con objeto de facilitar a los investigadores su participaci\u00f3n en<strong> proyectos europeos de I+D+i<\/strong>.<\/p>\n<p style=\"text-align: justify;\">El desarrollo de la jornada contar\u00e1 con dos sesiones. Una primera parte, donde se abordar\u00e1 el impacto y visibilidad de las publicaciones a trav\u00e9s del acceso abierto y el dep\u00f3sito en repositorios, aspecto obligatorio desde el lanzamiento del programa Horizonte 2020, y que ser\u00e1 impartida por los responsables de recursos y apoyo a la investigaci\u00f3n de la Biblioteca.<\/p>\n<p style=\"text-align: justify;\">Una segunda parte en la que el personal t\u00e9cnico de la oficina de Proyectos Europeos de la OTRI presentar\u00e1 la nueva convocatoria de acciones individuales Marie Sklodowska-Curie (Individual Fellowships) de Horizonte 2020, abierta desde el pasado d\u00eda 11 de abril. Para la ocasi\u00f3n, tambi\u00e9n se contar\u00e1 con investigadores de la propia universidad que han participado en estos proyectos y compartir\u00e1n su experiencia. Este programa supone una oportunidad, tanto para investigadores postdoctorales que deseen realizar una estancia postdoctoral en un pa\u00eds extranjero, como para investigadores principales que quieran incorporar j\u00f3venes cient\u00edficos, en sus grupos de investigaci\u00f3n.<\/p>\n<p style=\"text-align: justify;\">La jornada tendr\u00e1 lugar el pr\u00f3ximo jueves 28 de abril en la Sala de Grados del edificio 25B (Biblioteca), y se iniciar\u00e1 a las 9.30 horas, con un networking-desayuno, donde los investigadores inscritos tendr\u00e1n la oportunidad intercambiar sus experiencias con el Programa Marco.<\/p>\n<p style=\"text-align: justify;\">Para participar en esta jornada, se deber\u00e1 rellenar formulario adjunto a esta informaci\u00f3n y enviarlo a la siguiente direcci\u00f3n: proyectosEU_OTRI@upo.es.<\/p>\n<p style=\"text-align: justify;\"><a href=\"https:\/\/www.upo.es\/diario\/wp-content\/uploads\/2016\/04\/20150419FormularioInscripcionDesayunosEuropeos.docx\">Formulario de inscripci\u00f3n<\/a><\/p>\n<p style=\"text-align: justify;\">M\u00e1s informaci\u00f3n:<\/p>\n<p>http:\/\/www.upo.es\/uporesearch\/<\/p>\n<p>&nbsp;<\/p>\n<p>Fuente OTRI<\/p>\n","protected":false},"excerpt":{"rendered":"<p>En el marco de la VII edici\u00f3n de los Desayunos Europeos de la Universidad Pablo de Olavide, la oficina de Proyectos Europeos de la OTRI ha organizado para  este mes de abril la primera jornada informativa y de asesoramiento con objeto de facilitar a los investigadores su participaci\u00f3n en proyectos europeos de I+D+i. <\/p>\n","protected":false},"author":4,"featured_media":0,"comment_status":"closed","ping_status":"open","sticky":false,"template":"","format":"standard","meta":{"_monsterinsights_skip_tracking":false,"_monsterinsights_sitenote_active":false,"_monsterinsights_sitenote_note":"","_monsterinsights_sitenote_category":0,"footnotes":""},"categories":[6],"tags":[1430,619,514,83,3313],"class_list":["post-13028400","post","type-post","status-publish","format-standard","hentry","category-institucional","tag-desayunos-europeos","tag-idi","tag-jornada","tag-otri","tag-proyectos-europeos"],"_links":{"self":[{"href":"https:\/\/www.upo.es\/diario\/wp-json\/wp\/v2\/posts\/13028400","targetHints":{"allow":["GET"]}}],"collection":[{"href":"https:\/\/www.upo.es\/diario\/wp-json\/wp\/v2\/posts"}],"about":[{"href":"https:\/\/www.upo.es\/diario\/wp-json\/wp\/v2\/types\/post"}],"author":[{"embeddable":true,"href":"https:\/\/www.upo.es\/diario\/wp-json\/wp\/v2\/users\/4"}],"replies":[{"embeddable":true,"href":"https:\/\/www.upo.es\/diario\/wp-json\/wp\/v2\/comments?post=13028400"}],"version-history":[{"count":4,"href":"https:\/\/www.upo.es\/diario\/wp-json\/wp\/v2\/posts\/13028400\/revisions"}],"predecessor-version":[{"id":13028404,"href":"https:\/\/www.upo.es\/diario\/wp-json\/wp\/v2\/posts\/13028400\/revisions\/13028404"}],"wp:attachment":[{"href":"https:\/\/www.upo.es\/diario\/wp-json\/wp\/v2\/media?parent=13028400"}],"wp:term":[{"taxonomy":"category","embeddable":true,"href":"https:\/\/www.upo.es\/diario\/wp-json\/wp\/v2\/categories?post=13028400"},{"taxonomy":"post_tag","embeddable":true,"href":"https:\/\/www.upo.es\/diario\/wp-json\/wp\/v2\/tags?post=13028400"}],"curies":[{"name":"wp","href":"https:\/\/api.w.org\/{rel}","templated":true}]}}