{"id":13042428,"date":"2016-04-20T12:30:42","date_gmt":"2016-04-20T12:30:42","guid":{"rendered":"https:\/\/www.upo.es\/diario\/?p=13042428"},"modified":"2016-04-25T13:14:39","modified_gmt":"2016-04-25T13:14:39","slug":"la-upo-acoge-una-exposicion-sobre-investigacion-en-enfermedades-raras","status":"publish","type":"post","link":"https:\/\/www.upo.es\/diario\/institucional\/2016\/04\/la-upo-acoge-una-exposicion-sobre-investigacion-en-enfermedades-raras\/","title":{"rendered":"La UPO acoge una exposici\u00f3n sobre investigaci\u00f3n en enfermedades raras"},"content":{"rendered":"<figure id=\"attachment_13042431\" aria-describedby=\"caption-attachment-13042431\" style=\"width: 600px\" class=\"wp-caption aligncenter\"><a href=\"https:\/\/www.upo.es\/diario\/wp-content\/uploads\/2016\/04\/expo_menosraras1.jpg\"><img loading=\"lazy\" decoding=\"async\" class=\"size-large wp-image-13042431\" alt=\"La muestra \u201cMenos Raras\u201d puede visitarse en la Biblioteca hasta el 29 de abril\" src=\"https:\/\/www.upo.es\/diario\/wp-content\/uploads\/2016\/04\/expo_menosraras1-600x400.jpg\" width=\"600\" height=\"400\" srcset=\"https:\/\/www.upo.es\/diario\/wp-content\/uploads\/2016\/04\/expo_menosraras1-600x400.jpg 600w, https:\/\/www.upo.es\/diario\/wp-content\/uploads\/2016\/04\/expo_menosraras1-320x213.jpg 320w\" sizes=\"auto, (max-width: 600px) 100vw, 600px\" \/><\/a><figcaption id=\"caption-attachment-13042431\" class=\"wp-caption-text\">La muestra \u201cMenos Raras\u201d puede visitarse en la Biblioteca hasta el 29 de abril<\/figcaption><\/figure>\n<p>El \u00c1rea de Exposiciones de la Biblioteca\/CRAI de la Universidad Pablo de Olavide acoge hasta el pr\u00f3ximo 29 de abril la <b>exposici\u00f3n \u201cMenos Raras\u201d<\/b>, una muestra sobre investigaci\u00f3n en enfermedades raras organizada por la Associaci\u00f3 Catalana de Comunicaci\u00f3 Cient\u00edfica (ACCC).<\/p>\n<p>A trav\u00e9s de paneles, esta exposici\u00f3n tiene el objetivo de mostrar a la comunidad universitaria en qu\u00e9 consisten las enfermedades raras, en concreto 17 de ellas, \u00a0y c\u00f3mo se trabaja en Espa\u00f1a para conocerlas y paliar los efectos que producen en quienes las padecen. A trav\u00e9s de casos concretos, la muestra acerca algunas de las investigaciones m\u00e1s destacadas, incluyendo tambi\u00e9n parte de la investigaci\u00f3n de dos grupos de la Universidad Pablo de Olavide dirigidos por Pl\u00e1cido Navas Lloret y Jos\u00e9 Antonio S\u00e1nchez-Alc\u00e1zar, ambos centrados en las enfermedades mitocondriales.<\/p>\n<p>Adem\u00e1s de la exposici\u00f3n f\u00edsica, se puede encontrar m\u00e1s informaci\u00f3n a trav\u00e9s del <a href=\"http:\/\/menosraras.blogspot.com.es\/\">blog<\/a> de dicha muestra.<\/p>\n<p>La exposici\u00f3n \u201cMenos Raras\u201d est\u00e1 organizada por la <a href=\"http:\/\/www.accc.cat\/?sz=1280,768,1280,655\">Associaci\u00f3 Catalana de Comunicaci\u00f3 Cient\u00edfica<\/a> (ACCC) con el patrocinio del <a href=\"http:\/\/www.ciberer.es\/\">Centro de Investigaci\u00f3n\u00a0 Biom\u00e9dica en Red de Enfermedades Raras<\/a> (CIBERER), dependiente del <a href=\"http:\/\/www.isciii.es\/\">Instituto de Salud Carlos III<\/a>, y el <a href=\"http:\/\/www.cnag.cat\/resources\/\">Centro Nacional de An\u00e1lisis Gen\u00f3mico<\/a> (CNAG).<\/p>\n<p>Esta iniciativa ha sido promovida por la comisi\u00f3n acad\u00e9mica del <a href=\"https:\/\/www.upo.es\/postgrado\/Master-Oficial-Conocimiento-Actual-de-las-Enfermedades-Raras\">M\u00e1ster \u201cConocimiento Actual de las Enfermedades Raras\u201d<\/a> (UPO-UNIA) y la investigadora Mar\u00eda Victoria Cascajo Almenara, miembro del grupo de investigaci\u00f3n de Pl\u00e1cido Navas, con la colaboraci\u00f3n del Vicerrectorado de Investigaci\u00f3n y Transferencia de Tecnolog\u00eda y la <a href=\"https:\/\/www.upo.es\/biblioteca\/\">Biblioteca\/CRAI<\/a> de la Universidad Pablo de Olavide.<\/p>\n<p><b>Sobre la investigaci\u00f3n cient\u00edfica que se realiza en Espa\u00f1a en enfermedades raras<\/b><\/p>\n<p>Las enfermedades raras (ER) son aquellas enfermedades que tienen una baja frecuencia en la poblaci\u00f3n. Para ser considerada como rara, cada enfermedad espec\u00edfica s\u00f3lo puede afectar a un n\u00famero limitado de la poblaci\u00f3n total, definido en Europa como menos de 1 cada 2.000 ciudadanos. Se estima que en la actualidad existen entre 5.000 y 7.000 enfermedades raras distintas, que afectan a los pacientes en sus capacidades f\u00edsicas, habilidades mentales y en sus cualidades sensoriales y de comportamiento (fuente: orpha.net).<\/p>\n<p>La mayor parte de estas patolog\u00edas tienen un origen gen\u00e9tico, lo que implica que la investigaci\u00f3n biom\u00e9dica en este campo sea determinante en la b\u00fasqueda de terapias y medicamentos para su tratamiento. A todo ello se suma que existe un amplio desconocimiento m\u00e9dico y cient\u00edfico sobre estas enfermedades. Para remediarlo, existen diferentes grupos de investigaci\u00f3n repartidos por toda Espa\u00f1a que trabajan codo con codo a trav\u00e9s de entidades como el Centro de Investigaci\u00f3n\u00a0 Biom\u00e9dica en Red de Enfermedades Raras (CIBERER) -dependiente del Instituto de Salud Carlos III-, o el Centro Nacional de An\u00e1lisis Gen\u00f3mico (CNAG) que desde Barcelona colabora en varios proyectos que investigan este tipo de patolog\u00edas. Despu\u00e9s del a\u00f1o 2013, designado como A\u00f1o Internacional de las Enfermedades Raras, ambas instituciones han aunado esfuerzos con la Associaci\u00f3 de Catalana de Comunicaci\u00f3 Cient\u00edfica (ACCC) para dar visibilidad a la labor que desarrolla su personal cient\u00edfico. La exposici\u00f3n \u201cMenos Raras\u201d que acoge la Universidad Pablo de Olavide es una muestra de ese esfuerzo por acercar a la sociedad el trabajo que est\u00e1n realizando nuestros cient\u00edficos.<br \/>\n<iframe loading=\"lazy\" src=\"https:\/\/player.vimeo.com\/video\/87871110\" height=\"360\" width=\"640\" allowfullscreen=\"\" frameborder=\"0\"><\/iframe><\/p>\n<p><a href=\"https:\/\/vimeo.com\/87871110\">\u00a0<\/a><\/p>\n","protected":false},"excerpt":{"rendered":"<p>El \u00c1rea de Exposiciones de la Biblioteca\/CRAI de la Universidad Pablo de Olavide acoge hasta el pr\u00f3ximo 29 de abril la exposici\u00f3n \u201cMenos Raras\u201d, una muestra sobre investigaci\u00f3n en enfermedades raras organizada por la Associaci\u00f3 Catalana de Comunicaci\u00f3 Cient\u00edfica (ACCC).<\/p>\n","protected":false},"author":6,"featured_media":0,"comment_status":"closed","ping_status":"open","sticky":false,"template":"","format":"standard","meta":{"_monsterinsights_skip_tracking":false,"_monsterinsights_sitenote_active":false,"_monsterinsights_sitenote_note":"","_monsterinsights_sitenote_category":0,"footnotes":""},"categories":[6],"tags":[2491,2341,117,74,56,245,218],"class_list":["post-13042428","post","type-post","status-publish","format-standard","hentry","category-institucional","tag-biblioteca-crai","tag-cataluna","tag-enfermedades-raras","tag-exposiciones","tag-investigacion","tag-medicina","tag-salud"],"_links":{"self":[{"href":"https:\/\/www.upo.es\/diario\/wp-json\/wp\/v2\/posts\/13042428","targetHints":{"allow":["GET"]}}],"collection":[{"href":"https:\/\/www.upo.es\/diario\/wp-json\/wp\/v2\/posts"}],"about":[{"href":"https:\/\/www.upo.es\/diario\/wp-json\/wp\/v2\/types\/post"}],"author":[{"embeddable":true,"href":"https:\/\/www.upo.es\/diario\/wp-json\/wp\/v2\/users\/6"}],"replies":[{"embeddable":true,"href":"https:\/\/www.upo.es\/diario\/wp-json\/wp\/v2\/comments?post=13042428"}],"version-history":[{"count":5,"href":"https:\/\/www.upo.es\/diario\/wp-json\/wp\/v2\/posts\/13042428\/revisions"}],"predecessor-version":[{"id":13112067,"href":"https:\/\/www.upo.es\/diario\/wp-json\/wp\/v2\/posts\/13042428\/revisions\/13112067"}],"wp:attachment":[{"href":"https:\/\/www.upo.es\/diario\/wp-json\/wp\/v2\/media?parent=13042428"}],"wp:term":[{"taxonomy":"category","embeddable":true,"href":"https:\/\/www.upo.es\/diario\/wp-json\/wp\/v2\/categories?post=13042428"},{"taxonomy":"post_tag","embeddable":true,"href":"https:\/\/www.upo.es\/diario\/wp-json\/wp\/v2\/tags?post=13042428"}],"curies":[{"name":"wp","href":"https:\/\/api.w.org\/{rel}","templated":true}]}}