{"id":13042437,"date":"2016-04-21T03:03:17","date_gmt":"2016-04-21T03:03:17","guid":{"rendered":"https:\/\/www.upo.es\/diario\/?p=13042437"},"modified":"2016-04-21T07:14:25","modified_gmt":"2016-04-21T07:14:25","slug":"estudiantes-de-la-upo-participan-en-la-organizacion-del-primer-modelo-internacional-de-naciones-unidas-de-andalucia","status":"publish","type":"post","link":"https:\/\/www.upo.es\/diario\/institucional\/2016\/04\/estudiantes-de-la-upo-participan-en-la-organizacion-del-primer-modelo-internacional-de-naciones-unidas-de-andalucia\/","title":{"rendered":"Estudiantes de la UPO participan en la organizaci\u00f3n del primer modelo internacional de Naciones Unidas de Andaluc\u00eda"},"content":{"rendered":"<p><a href=\"https:\/\/www.upo.es\/diario\/wp-content\/uploads\/2016\/04\/unsa.jpg\"><img loading=\"lazy\" decoding=\"async\" class=\"alignright size-medium wp-image-13042438\" alt=\"unsa\" src=\"https:\/\/www.upo.es\/diario\/wp-content\/uploads\/2016\/04\/unsa-320x256.jpg\" width=\"320\" height=\"256\" srcset=\"https:\/\/www.upo.es\/diario\/wp-content\/uploads\/2016\/04\/unsa-320x256.jpg 320w, https:\/\/www.upo.es\/diario\/wp-content\/uploads\/2016\/04\/unsa-600x480.jpg 600w, https:\/\/www.upo.es\/diario\/wp-content\/uploads\/2016\/04\/unsa.jpg 960w\" sizes=\"auto, (max-width: 320px) 100vw, 320px\" \/><\/a>Los estudiantes del Doble Grado en Derecho y Ciencias Pol\u00edticas y de la Administraci\u00f3n de la Universidad Pablo de Olavide Mar\u00eda Luque, Soledad Rom\u00e1n y Nicol\u00e1s Casablanca han participado en la organizaci\u00f3n del <i><a href=\"http:\/\/www.seimun.es\/\">South European International Model of United Nations<\/a><\/i> (SEIMUN 2016), el primer modelo internacional de Naciones Unidas de Andaluc\u00eda que se celebrar\u00e1 en la ciudad de Sevilla desde ma\u00f1ana jueves d\u00eda 21 hasta el 24 de abril.<b>\u00a0<\/b><\/p>\n<p>Organizado por <b>UNSA Andaluc\u00eda<\/b>, asociaci\u00f3n de estudiantes de distintas universidades andaluzas dedicada a la promoci\u00f3n de los valores de las Naciones Unidas, esta actividad cuenta con la colaboraci\u00f3n de la Universidad Pablo de Olavide, la Universidad de Ja\u00e9n, la Universidad de Granada, la Universidad Loyola, la Fundaci\u00f3n Tres Culturas del Mediterr\u00e1neo, el Ayuntamiento de Sevilla, el Instituto Espa\u00f1ol de Estudios Estrat\u00e9gicos, Obra Social La Caixa y el Instituto Andaluz de la Juventud.<\/p>\n<p>La creaci\u00f3n de SEIMUN 2016 ha coordinado a j\u00f3venes de Sevilla, M\u00e1laga, Granada, Ja\u00e9n, C\u00f3rdoba y Barcelona para reunir en la capital auton\u00f3mica a m\u00e1s de 250 estudiantes de todo el mundo con la intenci\u00f3n de mejorar las habilidades de comunicaci\u00f3n p\u00fablica, los conocimientos sobre relaciones internacionales, pol\u00edtica y administraci\u00f3n p\u00fablica de los participantes. Seg\u00fan los organizadores, la comunidad aut\u00f3noma de Andaluc\u00eda se suma de esta manera a las regiones que realizan Modelos de Naciones Unidas (MUN) en Espa\u00f1a para llegar a ser un referente europeo, en los pr\u00f3ximos a\u00f1os, de talento juvenil, participaci\u00f3n y promoci\u00f3n de valores democr\u00e1ticos y mejora de las capacidades de oratoria de la juventud.<\/p>\n<p>En el <i>South European International Model of United Nations<\/i>\u00a0 los participantes, j\u00f3venes universitarios de todo el mundo, tendr\u00e1n la posibilidad de prepararse para un futuro mercado laboral aumentando sus dotes de oratoria, debate y negociaci\u00f3n a base de representar a un delegado de un pa\u00eds en concreto, durante cuatro d\u00edas, en un comit\u00e9 de las Naciones Unidas.<\/p>\n<p>La inauguraci\u00f3n tendr\u00e1 lugar ma\u00f1ana jueves 21 de abril a las 16:30 horas en la sede de la Fundaci\u00f3n Tres Culturas del Mediterr\u00e1neo y el resto de sesiones se celebrar\u00e1n en el campus Sevilla\u2013Palmas Altas de la Universidad Loyola Andaluc\u00eda.<\/p>\n","protected":false},"excerpt":{"rendered":"<p>Los estudiantes del Doble Grado en Derecho y Ciencias Pol\u00edticas y de la Administraci\u00f3n de la Universidad Pablo de Olavide Mar\u00eda Luque, Soledad Rom\u00e1n y Nicol\u00e1s Casablanca han participado en la organizaci\u00f3n del South European International Model of United Nations (SEIMUN 2016), el primer modelo internacional de Naciones Unidas de Andaluc\u00eda que se celebra en la ciudad de Sevilla desde el 21 hasta el 24 de abril.\t<\/p>\n","protected":false},"author":2,"featured_media":0,"comment_status":"closed","ping_status":"open","sticky":false,"template":"","format":"standard","meta":{"_monsterinsights_skip_tracking":false,"_monsterinsights_sitenote_active":false,"_monsterinsights_sitenote_note":"","_monsterinsights_sitenote_category":0,"footnotes":""},"categories":[6],"tags":[87,21,3315,591,76,171,2255,502],"class_list":["post-13042437","post","type-post","status-publish","format-standard","hentry","category-institucional","tag-derecho","tag-estudiantes","tag-model","tag-naciones-unidas","tag-politica","tag-relaciones-internacionales","tag-simulacion","tag-universidad"],"_links":{"self":[{"href":"https:\/\/www.upo.es\/diario\/wp-json\/wp\/v2\/posts\/13042437","targetHints":{"allow":["GET"]}}],"collection":[{"href":"https:\/\/www.upo.es\/diario\/wp-json\/wp\/v2\/posts"}],"about":[{"href":"https:\/\/www.upo.es\/diario\/wp-json\/wp\/v2\/types\/post"}],"author":[{"embeddable":true,"href":"https:\/\/www.upo.es\/diario\/wp-json\/wp\/v2\/users\/2"}],"replies":[{"embeddable":true,"href":"https:\/\/www.upo.es\/diario\/wp-json\/wp\/v2\/comments?post=13042437"}],"version-history":[{"count":3,"href":"https:\/\/www.upo.es\/diario\/wp-json\/wp\/v2\/posts\/13042437\/revisions"}],"predecessor-version":[{"id":13042440,"href":"https:\/\/www.upo.es\/diario\/wp-json\/wp\/v2\/posts\/13042437\/revisions\/13042440"}],"wp:attachment":[{"href":"https:\/\/www.upo.es\/diario\/wp-json\/wp\/v2\/media?parent=13042437"}],"wp:term":[{"taxonomy":"category","embeddable":true,"href":"https:\/\/www.upo.es\/diario\/wp-json\/wp\/v2\/categories?post=13042437"},{"taxonomy":"post_tag","embeddable":true,"href":"https:\/\/www.upo.es\/diario\/wp-json\/wp\/v2\/tags?post=13042437"}],"curies":[{"name":"wp","href":"https:\/\/api.w.org\/{rel}","templated":true}]}}