{"id":13055992,"date":"2016-04-21T10:47:32","date_gmt":"2016-04-21T10:47:32","guid":{"rendered":"https:\/\/www.upo.es\/diario\/?p=13055992"},"modified":"2016-04-21T10:49:42","modified_gmt":"2016-04-21T10:49:42","slug":"la-universidad-pablo-de-olavide-participa-en-un-proyecto-europeo-de-formacion-de-interpretes-a-distancia","status":"publish","type":"post","link":"https:\/\/www.upo.es\/diario\/institucional\/2016\/04\/la-universidad-pablo-de-olavide-participa-en-un-proyecto-europeo-de-formacion-de-interpretes-a-distancia\/","title":{"rendered":"La Universidad Pablo de Olavide participa en un proyecto europeo de formaci\u00f3n de int\u00e9rpretes a distancia"},"content":{"rendered":"<figure id=\"attachment_13055998\" aria-describedby=\"caption-attachment-13055998\" style=\"width: 600px\" class=\"wp-caption aligncenter\"><a href=\"https:\/\/www.upo.es\/diario\/wp-content\/uploads\/2016\/04\/PRodriguez-EFlores-JMFeria.jpg\"><img loading=\"lazy\" decoding=\"async\" class=\"size-large wp-image-13055998\" alt=\"De izquierda a derecha, Estefan\u00eda Flores Acu\u00f1a, Pilar Rodr\u00edguez Reina y Jos\u00e9 Manuel Feria Dom\u00ednguez\" src=\"https:\/\/www.upo.es\/diario\/wp-content\/uploads\/2016\/04\/PRodriguez-EFlores-JMFeria-600x337.jpg\" width=\"600\" height=\"337\" srcset=\"https:\/\/www.upo.es\/diario\/wp-content\/uploads\/2016\/04\/PRodriguez-EFlores-JMFeria-600x337.jpg 600w, https:\/\/www.upo.es\/diario\/wp-content\/uploads\/2016\/04\/PRodriguez-EFlores-JMFeria-320x180.jpg 320w\" sizes=\"auto, (max-width: 600px) 100vw, 600px\" \/><\/a><figcaption id=\"caption-attachment-13055998\" class=\"wp-caption-text\">De izquierda a derecha, Estefan\u00eda Flores Acu\u00f1a, Pilar Rodr\u00edguez Reina y Jos\u00e9 Manuel Feria Dom\u00ednguez<\/figcaption><\/figure>\n<p>La Universidad Pablo de Olavide, de Sevilla, a trav\u00e9s de las profesoras del \u00c1rea de Filolog\u00eda Italiana, Pilar Rodr\u00edguez Reina y Estefan\u00eda Flores Acu\u00f1a, y del profesor del \u00c1rea de Econom\u00eda Financiera y Contabilidad Jos\u00e9 Manuel Feria Dom\u00ednguez, participa, junto con la <a href=\"http:\/\/www.unibo.it\/it\">Universidad de Bolonia<\/a> (Italia), la <a href=\"http:\/\/www.surrey.ac.uk\/\">Universidad de Surrey<\/a> (Reino Unido), la <a href=\"http:\/\/www.ugr.es\/\">Universidad de Granada<\/a> (Espa\u00f1a) y dos empresas de interpretaci\u00f3n telef\u00f3nica <a href=\"http:\/\/www.dualia.es\/\">Dualia<\/a> (Pa\u00eds Vasco, Espa\u00f1a) y Veasyt, spin-off de la <a href=\"http:\/\/www.unive.it\/\">Universidad Ca\u2019 Foscari<\/a> (Venecia, Italia), en un <strong>Proyecto Europeo del Programa Erasmus+<\/strong>, para la formaci\u00f3n de int\u00e9rpretes a distancia.<\/p>\n<p>El <strong>proyecto \u201cSHIFT in Orality: Shaping the Interpreters of the Future and of Today\u201d<\/strong> est\u00e1 liderado por la Universidad de Bolonia, cuyo coordinador es el profesor F\u00e9lix San Vicente, y ha obtenido una valoraci\u00f3n global de 95\/100 y una financiaci\u00f3n de 368.206 euros por parte de la Comisi\u00f3n Europea. Este proyecto se inserta en la acci\u00f3n clave Cooperaci\u00f3n para la innovaci\u00f3n y el intercambio de buenas pr\u00e1cticas.<\/p>\n<p>SHIFT se ha constituido como Red Europea (Italia, Espa\u00f1a y Reino Unido) y<strong> tiene como objetivo desarrollar un conjunto de propuestas pedag\u00f3gicas completo y eficaz para la formaci\u00f3n de int\u00e9rpretes a distancia a nivel universitario<\/strong> como formaci\u00f3n permanente. Desde una perspectiva metodol\u00f3gica, el Proyecto se centrar\u00e1 en la t\u00e9cnica de la interpretaci\u00f3n dial\u00f3gica o bilateral y su aplicaci\u00f3n en interpretaci\u00f3n a distancia, por ser precisamente esta la modalidad protagonista de los servicios de interpretaci\u00f3n a distancia prestados, tanto en el sector de los servicios p\u00fablicos como en el \u00e1mbito empresarial.<\/p>\n<p>El pasado mes de diciembre tuvo lugar la primera reuni\u00f3n del proyecto en la ciudad de Forl\u00ec (Bolonia), en la que se fijaron las bases para la celebraci\u00f3n de un congreso que tendr\u00e1 lugar en noviembre de 2016 en Sevilla en la Universidad Pablo de Olavide, donde se har\u00e1n p\u00fablicos los avances y los primeros resultados de este proyecto europeo.<\/p>\n","protected":false},"excerpt":{"rendered":"<p>El Proyecto \u201cSHIFT in Orality: Shaping the Interpreters of the Future and of Today\u201d, est\u00e1 impulsado por un consorcio de entidades procedentes de Italia, Reino Unido y Espa\u00f1a, entre las que est\u00e1 la UPO.<\/p>\n","protected":false},"author":6,"featured_media":0,"comment_status":"closed","ping_status":"open","sticky":false,"template":"","format":"standard","meta":{"_monsterinsights_skip_tracking":false,"_monsterinsights_sitenote_active":false,"_monsterinsights_sitenote_note":"","_monsterinsights_sitenote_category":0,"footnotes":""},"categories":[6],"tags":[454,509,3320,328,933,754,68],"class_list":["post-13055992","post","type-post","status-publish","format-standard","hentry","category-institucional","tag-europa","tag-formacion","tag-formacion-a-distancia","tag-formacion-permanente","tag-proyecto","tag-traduccion-e-interpretacion","tag-union-europea"],"_links":{"self":[{"href":"https:\/\/www.upo.es\/diario\/wp-json\/wp\/v2\/posts\/13055992","targetHints":{"allow":["GET"]}}],"collection":[{"href":"https:\/\/www.upo.es\/diario\/wp-json\/wp\/v2\/posts"}],"about":[{"href":"https:\/\/www.upo.es\/diario\/wp-json\/wp\/v2\/types\/post"}],"author":[{"embeddable":true,"href":"https:\/\/www.upo.es\/diario\/wp-json\/wp\/v2\/users\/6"}],"replies":[{"embeddable":true,"href":"https:\/\/www.upo.es\/diario\/wp-json\/wp\/v2\/comments?post=13055992"}],"version-history":[{"count":3,"href":"https:\/\/www.upo.es\/diario\/wp-json\/wp\/v2\/posts\/13055992\/revisions"}],"predecessor-version":[{"id":13055997,"href":"https:\/\/www.upo.es\/diario\/wp-json\/wp\/v2\/posts\/13055992\/revisions\/13055997"}],"wp:attachment":[{"href":"https:\/\/www.upo.es\/diario\/wp-json\/wp\/v2\/media?parent=13055992"}],"wp:term":[{"taxonomy":"category","embeddable":true,"href":"https:\/\/www.upo.es\/diario\/wp-json\/wp\/v2\/categories?post=13055992"},{"taxonomy":"post_tag","embeddable":true,"href":"https:\/\/www.upo.es\/diario\/wp-json\/wp\/v2\/tags?post=13055992"}],"curies":[{"name":"wp","href":"https:\/\/api.w.org\/{rel}","templated":true}]}}