{"id":13055993,"date":"2016-04-22T05:29:26","date_gmt":"2016-04-22T05:29:26","guid":{"rendered":"https:\/\/www.upo.es\/diario\/?p=13055993"},"modified":"2016-04-22T06:54:00","modified_gmt":"2016-04-22T06:54:00","slug":"manana-tercera-sesion-del-ciclo-de-conferencias-nodo-atlantico-coredexpolicentricstates","status":"publish","type":"post","link":"https:\/\/www.upo.es\/diario\/institucional\/2016\/04\/manana-tercera-sesion-del-ciclo-de-conferencias-nodo-atlantico-coredexpolicentricstates\/","title":{"rendered":"Hoy viernes, tercera sesi\u00f3n del Ciclo de conferencias \u00abNodo Atl\u00e1ntico &#8211; Coredex\/Policentricstates\u00bb"},"content":{"rendered":"<p><a href=\"https:\/\/www.upo.es\/diario\/wp-content\/uploads\/2016\/04\/Captura2.png\"><img loading=\"lazy\" decoding=\"async\" class=\"alignright size-medium wp-image-13055994\" alt=\"Captura\" src=\"https:\/\/www.upo.es\/diario\/wp-content\/uploads\/2016\/04\/Captura2-225x320.png\" width=\"225\" height=\"320\" srcset=\"https:\/\/www.upo.es\/diario\/wp-content\/uploads\/2016\/04\/Captura2-225x320.png 225w, https:\/\/www.upo.es\/diario\/wp-content\/uploads\/2016\/04\/Captura2-423x600.png 423w, https:\/\/www.upo.es\/diario\/wp-content\/uploads\/2016\/04\/Captura2.png 600w\" sizes=\"auto, (max-width: 225px) 100vw, 225px\" \/><\/a>Hoy\u00a0<span style=\"text-decoration: underline;\">viernes 22 de abril, a las 16 horas en la en el seminario 1 del edificio 2 de la Universidad Pablo de Olavide<\/span> \u00a0tendr\u00e1 lugar la tercera sesi\u00f3n del <b>ciclo de conferencias \u201cNodo Atl\u00e1ntico-Coredex\/Polycentricstates\u201d<\/b> organizado por el \u00c1rea de Historia Moderna de la UPO con la colaboraci\u00f3n de Universidad de Murcia y la Escuela de Estudios Hispano-Americanos. El ciclo tiene como objetivo discutir sobre m\u00e9todos y nuevas l\u00edneas de investigaci\u00f3n en el \u00e1mbito de la Historia Moderna desde una perspectiva interdisciplinar.<\/p>\n<p>En esta tercera sesi\u00f3n tendr\u00e1 lugar la ponencia de <b>Ana D\u00edaz Serrano<\/b>, de la Universidad de Murcia sobre \u201cMediadores pol\u00edticos en la Am\u00e9rica espa\u00f1ola: \u00e9lites ind\u00edgenas y \u00f3rdenes religiosas\u201d. La segunda ponencia ser\u00e1 impartida por <b>Roc\u00edo Moreno Cabanillas,<\/b> de la Universidad Pablo de Olavide, en torno a \u201cResistencias y obst\u00e1culos al plan de reforma postal en Hispanoam\u00e9rica durante el siglo XVIII\u201d. Tras finalizar las conferencias, se abrir\u00e1 un debate moderado por Alberto Rodr\u00edguez Mart\u00ednez, doctorado del \u00e1rea de Historia Moderna de la Universidad Pablo de Olavide.<\/p>\n<p>El ciclo de conferencias \u201cNodo Atl\u00e1ntico-Coredex\/Polycentricstates\u201d est\u00e1 vinculado al <a href=\"https:\/\/www.upo.es\/postgrado\/Doctorado-Historia-y-Estudios-Humanisticos-Europa-America-Arte-y-Lenguas\">doctorado en Historia y Estudios Human\u00edsticos: Europa, Arte y Lenguas<\/a> de la UPO y al Nodo Atl\u00e1ntico de la red de Excelencia Columnaria-Coredex, as\u00ed como al proyecto Polycentricstates. Asimismo, cuenta con la financiaci\u00f3n del Centros de Estudios de Postgrado de la UPO (CEDEP) y la colaboraci\u00f3n de la <a href=\"http:\/\/revistadehistoriaeufrates.blogspot.com.es\/\">revista \u00c9ufrates<\/a>, puesta en marcha por un grupo de egresados del grado de Geograf\u00eda e Historia de la UPO.<\/p>\n<p>La \u00faltima sesi\u00f3n de este ciclo de conferencias ser\u00e1 el pr\u00f3ximo 29 de abril con las intervenciones de Luis Salas Almela, de la Universidad de C\u00f3rdoba y Alberto Rodr\u00edguez Mart\u00ednez, de la UPO.<\/p>\n","protected":false},"excerpt":{"rendered":"<p>Hoy viernes 22 de abril, a las 16 horas en la en el seminario 1 del edificio 2 de la Universidad Pablo de Olavide tendr\u00e1 lugar la tercera sesi\u00f3n del ciclo de conferencias \u201cNodo Atl\u00e1ntico-Coredex\/Polycentricstates\u201d organizado por el \u00c1rea de Historia Moderna de la UPO con la colaboraci\u00f3n de Universidad de Murcia y la Escuela de Estudios Hispano-Americanos. El ciclo tiene como objetivo discutir sobre m\u00e9todos y nuevas l\u00edneas de investigaci\u00f3n en el \u00e1mbito de la Historia Moderna desde una perspectiva interdisciplinar.<\/p>\n","protected":false},"author":13,"featured_media":0,"comment_status":"closed","ping_status":"open","sticky":false,"template":"","format":"standard","meta":{"_monsterinsights_skip_tracking":false,"_monsterinsights_sitenote_active":false,"_monsterinsights_sitenote_note":"","_monsterinsights_sitenote_category":0,"footnotes":""},"categories":[6],"tags":[265,1037,150,2970],"class_list":["post-13055993","post","type-post","status-publish","format-standard","hentry","category-institucional","tag-arte","tag-escuela-de-estudios-hispano-americanos","tag-historia","tag-nodo-atlantico"],"_links":{"self":[{"href":"https:\/\/www.upo.es\/diario\/wp-json\/wp\/v2\/posts\/13055993","targetHints":{"allow":["GET"]}}],"collection":[{"href":"https:\/\/www.upo.es\/diario\/wp-json\/wp\/v2\/posts"}],"about":[{"href":"https:\/\/www.upo.es\/diario\/wp-json\/wp\/v2\/types\/post"}],"author":[{"embeddable":true,"href":"https:\/\/www.upo.es\/diario\/wp-json\/wp\/v2\/users\/13"}],"replies":[{"embeddable":true,"href":"https:\/\/www.upo.es\/diario\/wp-json\/wp\/v2\/comments?post=13055993"}],"version-history":[{"count":4,"href":"https:\/\/www.upo.es\/diario\/wp-json\/wp\/v2\/posts\/13055993\/revisions"}],"predecessor-version":[{"id":13067310,"href":"https:\/\/www.upo.es\/diario\/wp-json\/wp\/v2\/posts\/13055993\/revisions\/13067310"}],"wp:attachment":[{"href":"https:\/\/www.upo.es\/diario\/wp-json\/wp\/v2\/media?parent=13055993"}],"wp:term":[{"taxonomy":"category","embeddable":true,"href":"https:\/\/www.upo.es\/diario\/wp-json\/wp\/v2\/categories?post=13055993"},{"taxonomy":"post_tag","embeddable":true,"href":"https:\/\/www.upo.es\/diario\/wp-json\/wp\/v2\/tags?post=13055993"}],"curies":[{"name":"wp","href":"https:\/\/api.w.org\/{rel}","templated":true}]}}