{"id":13057139,"date":"2016-04-21T17:00:11","date_gmt":"2016-04-21T17:00:11","guid":{"rendered":"https:\/\/www.upo.es\/diario\/?p=13057139"},"modified":"2016-04-22T07:49:01","modified_gmt":"2016-04-22T07:49:01","slug":"comienza-en-la-upo-la-fase-de-formacion-del-viii-concurso-de-ideas-y-proyectos-empresariales-innovadores","status":"publish","type":"post","link":"https:\/\/www.upo.es\/diario\/institucional\/2016\/04\/comienza-en-la-upo-la-fase-de-formacion-del-viii-concurso-de-ideas-y-proyectos-empresariales-innovadores\/","title":{"rendered":"Comienza en la UPO la fase de formaci\u00f3n del VIII Concurso de Ideas y Proyectos Empresariales Innovadores"},"content":{"rendered":"<figure id=\"attachment_13067880\" aria-describedby=\"caption-attachment-13067880\" style=\"width: 600px\" class=\"wp-caption aligncenter\"><a href=\"https:\/\/www.upo.es\/diario\/wp-content\/uploads\/2016\/04\/Fase-de-formacion_VIII-Concurso-de-ideas4.jpg\"><img loading=\"lazy\" decoding=\"async\" class=\"size-large wp-image-13067880\" alt=\"Una treintena de personas participan en la fase de de formaci\u00f3n del VIII Concurso de Ideas y Proyectos Empresariales Innovadores.\" src=\"https:\/\/www.upo.es\/diario\/wp-content\/uploads\/2016\/04\/Fase-de-formacion_VIII-Concurso-de-ideas4-600x399.jpg\" width=\"600\" height=\"399\" srcset=\"https:\/\/www.upo.es\/diario\/wp-content\/uploads\/2016\/04\/Fase-de-formacion_VIII-Concurso-de-ideas4-600x399.jpg 600w, https:\/\/www.upo.es\/diario\/wp-content\/uploads\/2016\/04\/Fase-de-formacion_VIII-Concurso-de-ideas4-320x213.jpg 320w, https:\/\/www.upo.es\/diario\/wp-content\/uploads\/2016\/04\/Fase-de-formacion_VIII-Concurso-de-ideas4.jpg 2000w\" sizes=\"auto, (max-width: 600px) 100vw, 600px\" \/><\/a><figcaption id=\"caption-attachment-13067880\" class=\"wp-caption-text\">Una treintena de personas participan en la fase de de formaci\u00f3n del VIII Concurso de Ideas y Proyectos Empresariales Innovadores.<\/figcaption><\/figure>\n<p style=\"text-align: justify;\">Esta tarde ha comenzado en la Universidad Pablo de Olavide la fase de formaci\u00f3n del <strong>VIII Concurso de Ideas y Proyectos Empresariales Innovadores<\/strong>, una iniciativa que est\u00e1 dirigida a estudiantes, egresados, personal docente e investigador (PDI) y de administraci\u00f3n y servicios (PAS) de la UPO con esp\u00edritu emprendedor y en la que se han inscrito una treintena de participantes.<\/p>\n<figure id=\"attachment_13067881\" aria-describedby=\"caption-attachment-13067881\" style=\"width: 320px\" class=\"wp-caption alignright\"><a href=\"https:\/\/www.upo.es\/diario\/wp-content\/uploads\/2016\/04\/Fase-de-formacion_VIII-Concurso-de-ideas.jpg\"><img loading=\"lazy\" decoding=\"async\" class=\"size-medium wp-image-13067881\" alt=\"De izq. a dcha: Javier Ramos, coordinador del \u00c1rea de Empleabilidad y Emprendimiento de la Fundaci\u00f3n Universidad Pablo de Olavide; Jos\u00e9 Castro, gerente de la Fundaci\u00f3n Pers\u00e1n;  Jos\u00e9 Manuel Feria, delegado del rector en materia de Estrategia, Perspectiva y Emprendimiento de la UPO, y el profesor F\u00e9lix de Le\u00f3n.\" src=\"https:\/\/www.upo.es\/diario\/wp-content\/uploads\/2016\/04\/Fase-de-formacion_VIII-Concurso-de-ideas-320x229.jpg\" width=\"320\" height=\"229\" srcset=\"https:\/\/www.upo.es\/diario\/wp-content\/uploads\/2016\/04\/Fase-de-formacion_VIII-Concurso-de-ideas-320x229.jpg 320w, https:\/\/www.upo.es\/diario\/wp-content\/uploads\/2016\/04\/Fase-de-formacion_VIII-Concurso-de-ideas-600x430.jpg 600w, https:\/\/www.upo.es\/diario\/wp-content\/uploads\/2016\/04\/Fase-de-formacion_VIII-Concurso-de-ideas.jpg 2000w\" sizes=\"auto, (max-width: 320px) 100vw, 320px\" \/><\/a><figcaption id=\"caption-attachment-13067881\" class=\"wp-caption-text\">De izq. a dcha: Javier Ramos, coordinador del \u00c1rea de Empleabilidad y Emprendimiento de la Fundaci\u00f3n Universidad Pablo de Olavide; Jos\u00e9 Castro, gerente de la Fundaci\u00f3n Pers\u00e1n; Jos\u00e9 Manuel Feria, delegado del rector en materia de Estrategia, Perspectiva y Emprendimiento de la UPO, y el profesor F\u00e9lix de Le\u00f3n.<\/figcaption><\/figure>\n<p style=\"text-align: justify;\">A dicho acto, que tuvo lugar<strong> a las 17,00 horas en el edificio 45<\/strong>, asisti\u00f3 Jos\u00e9 Manuel Feria Dom\u00ednguez, delegado del rector en materia de Estrategia, Perspectiva y Emprendimiento de la UPO y Jos\u00e9 Castro Mora, gerente de la Fundaci\u00f3n Pers\u00e1n, entidad que imparte esta acci\u00f3n formativa<strong> consistente en siete talleres, los cuales se desarrollar\u00e1n hasta el pr\u00f3ximo 12 de mayo<\/strong> en horario de tarde. Adem\u00e1s, estuvo tambi\u00e9n presentes Javier Ramos Valenzuela, coordinador del \u00c1rea de Empleabilidad y Emprendimiento de la Fundaci\u00f3n Universidad Pablo de Olavide y F\u00e9lix de Le\u00f3n Molinari, profesor encargado de impartir el primero de los talleres que componen esta fase formativa y que se titula \u201cTaller de creatividad e hibridaci\u00f3n\u201d.<\/p>\n<p style=\"text-align: justify;\">La pr\u00f3xima semana continuar\u00e1 esta formaci\u00f3n especializada con los talleres sobre el plan financiero y el modelo canvas que se impartir\u00e1n el mi\u00e9rcoles d\u00eda 28 de abril y el jueves 29, respectivamente. Posteriormente, en mayo los alumnos abordar\u00e1n la protecci\u00f3n de las ideas, el taller de empresa digital, c\u00f3mo llegar al cliente y finalizar\u00e1n con casos de \u00e9xito emprendedor. Todos los talleres se celebrar\u00e1n de 17,00 a 19,00 horas en el aula 1.06 del edificio 45 de la Universidad Pablo de Olavide.<\/p>\n<p style=\"text-align: justify;\">Por su parte, <strong>la fase de presentaci\u00f3n de propuestas para participar en el VIII Concurso de Ideas y Proyectos Empresariales Innovadores finalizar\u00e1 el pr\u00f3ximo 10 de junio<\/strong> y los interesados podr\u00e1n presentar sus propuestas en una de las tres modalidades disponibles: la \u2018Modalidad General\u2019 que acoge iniciativas basadas en la tecnolog\u00eda y el conocimiento, en cualquier sector empresarial, excepto el Biotecnol\u00f3gico; la \u2018Modalidad Biotech\u2019, dirigida a premiar la mejor iniciativa emprendedora, en este sector y la \u2018Modalidad Emprendevirus\u2019, destinada a premiar la mejor idea empresarial generada por los estudiantes de primer y segundo curso de grado.<\/p>\n<p style=\"text-align: justify;\">Esta iniciativa, promovida desde la Delegaci\u00f3n de Estrategia, Prospectiva y Emprendimiento de la UPO, y en l\u00ednea con el Plan Estrat\u00e9gico vigente, se enmarca dentro del Programa de Creaci\u00f3n de Empresas de la Universidad Pablo de Olavide (UPOemprende) y tiene como principal objetivo promover y apoyar ideas de negocio empresarial en el entorno universitario, impulsando la formaci\u00f3n de equipos emprendedores y la constituci\u00f3n de nuevas empresas innovadoras basadas en el conocimiento y\/o resultados de investigaci\u00f3n desarrollados en la UPO.<\/p>\n<p style=\"text-align: justify;\">Este certamen est\u00e1 coordinado conjuntamente por el Vicerrectorado de Investigaci\u00f3n y Transferencia de Tecnolog\u00eda, a trav\u00e9s de su Oficina de Transferencia de Resultados de Investigaci\u00f3n (OTRI), y el \u00c1rea de Empleabilidad y Emprendimiento de la Fundaci\u00f3n Universidad Pablo de Olavide, adscrita al Vicerrectorado de Postgrado, Formaci\u00f3n Permanente y Empleo.<\/p>\n<p style=\"text-align: justify;\"><strong>M\u00e1s informaci\u00f3n<\/strong>: <a href=\"http:\/\/upoemprende.upo.es\/concurso-de-ideas-2016\/\">upoemprende.upo.es\/concurso-de-ideas-2016\/<\/a><\/p>\n<p style=\"text-align: justify;\">\n","protected":false},"excerpt":{"rendered":"<p>Esta tarde ha comenzado en la Universidad Pablo de Olavide la fase de formaci\u00f3n del VIII Concurso de Ideas y Proyectos Empresariales Innovadores, una iniciativa que est\u00e1 dirigida a estudiantes, egresados, personal docente e investigador (PDI) y de administraci\u00f3n y servicios (PAS) de la UPO con esp\u00edritu emprendedor y en la que se han inscrito una treintena de participantes. <\/p>\n","protected":false},"author":6,"featured_media":0,"comment_status":"closed","ping_status":"open","sticky":false,"template":"","format":"standard","meta":{"_monsterinsights_skip_tracking":false,"_monsterinsights_sitenote_active":false,"_monsterinsights_sitenote_note":"","_monsterinsights_sitenote_category":0,"footnotes":""},"categories":[6],"tags":[241,80,509,47,2022,83,242],"class_list":["post-13057139","post","type-post","status-publish","format-standard","hentry","category-institucional","tag-concurso-de-ideas","tag-emprendedores","tag-formacion","tag-fundaciones","tag-jose-manuel-feria","tag-otri","tag-upoemprende"],"_links":{"self":[{"href":"https:\/\/www.upo.es\/diario\/wp-json\/wp\/v2\/posts\/13057139","targetHints":{"allow":["GET"]}}],"collection":[{"href":"https:\/\/www.upo.es\/diario\/wp-json\/wp\/v2\/posts"}],"about":[{"href":"https:\/\/www.upo.es\/diario\/wp-json\/wp\/v2\/types\/post"}],"author":[{"embeddable":true,"href":"https:\/\/www.upo.es\/diario\/wp-json\/wp\/v2\/users\/6"}],"replies":[{"embeddable":true,"href":"https:\/\/www.upo.es\/diario\/wp-json\/wp\/v2\/comments?post=13057139"}],"version-history":[{"count":3,"href":"https:\/\/www.upo.es\/diario\/wp-json\/wp\/v2\/posts\/13057139\/revisions"}],"predecessor-version":[{"id":13067482,"href":"https:\/\/www.upo.es\/diario\/wp-json\/wp\/v2\/posts\/13057139\/revisions\/13067482"}],"wp:attachment":[{"href":"https:\/\/www.upo.es\/diario\/wp-json\/wp\/v2\/media?parent=13057139"}],"wp:term":[{"taxonomy":"category","embeddable":true,"href":"https:\/\/www.upo.es\/diario\/wp-json\/wp\/v2\/categories?post=13057139"},{"taxonomy":"post_tag","embeddable":true,"href":"https:\/\/www.upo.es\/diario\/wp-json\/wp\/v2\/tags?post=13057139"}],"curies":[{"name":"wp","href":"https:\/\/api.w.org\/{rel}","templated":true}]}}