{"id":13111493,"date":"2016-04-25T12:47:48","date_gmt":"2016-04-25T12:47:48","guid":{"rendered":"https:\/\/www.upo.es\/diario\/?p=13111493"},"modified":"2016-04-27T14:07:34","modified_gmt":"2016-04-27T14:07:34","slug":"sevilla-acogera-el-proximo-mes-de-mayo-el-xi-congreso-secr-violencia-paz-y-religion","status":"publish","type":"post","link":"https:\/\/www.upo.es\/diario\/institucional\/2016\/04\/sevilla-acogera-el-proximo-mes-de-mayo-el-xi-congreso-secr-violencia-paz-y-religion\/","title":{"rendered":"Sevilla acoger\u00e1 el pr\u00f3ximo mes de mayo el XI Congreso SECR \u201cViolencia, Paz y Religi\u00f3n\u201d"},"content":{"rendered":"<p><img loading=\"lazy\" decoding=\"async\" class=\"size-medium wp-image-13112060 alignright\" alt=\"Violencia-Paz-Religion-2\" src=\"https:\/\/www.upo.es\/diario\/wp-content\/uploads\/2016\/04\/Violencia-Paz-Religion-2-320x241.png\" width=\"320\" height=\"241\" srcset=\"https:\/\/www.upo.es\/diario\/wp-content\/uploads\/2016\/04\/Violencia-Paz-Religion-2-320x241.png 320w, https:\/\/www.upo.es\/diario\/wp-content\/uploads\/2016\/04\/Violencia-Paz-Religion-2.png 446w\" sizes=\"auto, (max-width: 320px) 100vw, 320px\" \/>Sevilla acoger\u00e1 los d\u00edas 19, 20 y 21 del pr\u00f3ximo mes de mayo el<strong> XI Congreso de la Sociedad Espa\u00f1ola de Ciencias de las Religiones (SECR)<\/strong>, sobre el tema: <strong>\u201cViolencia, Paz y Religi\u00f3n\u201d<\/strong>. Est\u00e1 organizado por la <a href=\"http:\/\/www.upo.es\/\">Universidad Pablo de Olavide<\/a>, la <a href=\"http:\/\/secr.es\/\">Sociedad Espa\u00f1ola de Ciencias de las Religiones<\/a>, el <a href=\"http:\/\/www.kaiciid.org\/es\">Centro Internacional de Di\u00e1logo (KAICIID)<\/a> y el <a href=\"https:\/\/www.ucm.es\/iucr\/instituto-universitario\">Instituto Universitario de Ciencias de las Religiones de la Universidad Complutense de Madrid<\/a>.<\/p>\n<p>Este congreso interdisciplinario, al que asistir\u00e1n m\u00e1s de un centenar de expertos en la materia,<strong> tiene como principal objetivo abordar el problema de la violencia y sus conexiones con las religiones, as\u00ed como las contribuciones de \u00e9stas en \u00e1reas de prevenci\u00f3n, mediaci\u00f3n y resoluci\u00f3n de conflictos<\/strong>. As\u00ed, el XI Congreso de la SECR es un foro de encuentro \u00fanico para investigadores y estudiosos de muy diversas disciplinas que abordan, analizan y promueven el estudio y el conocimiento de la historia de las religiones y del fen\u00f3meno religioso.<\/p>\n<p>La violencia cometida en el nombre de la religi\u00f3n es un reto de plena actualidad, y est\u00e1 estrechamente relacionado con el extremismo. Este congreso pretende encabezar el debate cient\u00edfico sobre estas cuestiones, pero tambi\u00e9n aportar desde el di\u00e1logo y el encuentro criterios de soluci\u00f3n pac\u00edfica que puedan contribuir a la paz y seguridad internacionales.<\/p>\n<p>El congreso est\u00e1 organizado en torno a cinco paneles tem\u00e1ticos, en los que se presentar\u00e1n comunicaciones y conferencias plenarias, las cuales ser\u00e1n impartidas por expertos de reconocido prestigio internacional, como <b>Amelia Valc\u00e1rcel<\/b>, catedr\u00e1tica de Filosof\u00eda de la Universidad Nacional de Educaci\u00f3n a Distancia y una de las personas m\u00e1s valoradas por sus escritos y ensayos en materia de g\u00e9nero y feminismo; <b>Esteban Ibarra<\/b>, presidente de Movimiento contra la Intolerancia y uno de los promotores de la \u00faltima reforma del C\u00f3digo Penal en materia de delitos de odio; <b>Abdelaziz Aiadi<\/b>, experto en el mundo isl\u00e1mico contempor\u00e1neo y catedr\u00e1tico de la Universidad Abdelmalek Essaidi de Tetu\u00e1n, <b>Gustavo Su\u00e1rez Pertierra<\/b>, catedr\u00e1tico de Derecho Eclesi\u00e1stico del Estado de la Universidad Nacional de Educaci\u00f3n a Distancia y experto en relaciones internacionales y seguridad; y <b>\u00c1lvaro Albacete<\/b>, diplom\u00e1tico, secretario general adjunto del Centro Internacional de Di\u00e1logo y experto en consolidaci\u00f3n de la paz.<\/p>\n<p>El congreso cuenta con la colaboraci\u00f3n de diversos organismos e instituciones patrocinadoras, entre los que destacan el <a href=\"http:\/\/www.icas.es\/\">Colegio de Abogados de Sevilla<\/a>, donde se celebrar\u00e1 este congreso, y la <a href=\"http:\/\/www.tresculturas.org\/\">Fundaci\u00f3n Tres Culturas<\/a>, donde tendr\u00e1 lugar uno de los paneles.<\/p>\n<p><b>Info del congreso<\/b>: <a href=\"https:\/\/www.upo.es\/portal\/impe\/web\/contenido\/67b88160-07a2-11e6-9c52-3fe5a96f4a88\">www.upo.es\/portal\/impe\/web\/contenido\/67b88160-07a2-11e6-9c52-3fe5a96f4a88<\/a><\/p>\n<p><strong>In English:<\/strong> <a title=\"Seville to host 11th SECR Congress on \u201cViolence, Peace and Religion\u201d in May\" href=\"https:\/\/www.upo.es\/diario\/english\/2016\/04\/seville-to-host-11th-secr-congress-on-violence-peace-and-religion-in-may\/\">Seville to host 11th SECR Congress on \u201cViolence, Peace and Religion\u201d in May <\/a><\/p>\n","protected":false},"excerpt":{"rendered":"<p>Organizado por la Universidad Pablo de Olavide (UPO), la Sociedad Espa\u00f1ola de Ciencias de las Religiones (SECR), el Centro Internacional de Di\u00e1logo (KAICIID), y el Instituto Universitario de las Religiones de la Universidad Complutense de Madrid, reunir\u00e1 a m\u00e1s de un centenar de expertos.<\/p>\n","protected":false},"author":6,"featured_media":0,"comment_status":"closed","ping_status":"open","sticky":false,"template":"","format":"standard","meta":{"_monsterinsights_skip_tracking":false,"_monsterinsights_sitenote_active":false,"_monsterinsights_sitenote_note":"","_monsterinsights_sitenote_category":0,"footnotes":""},"categories":[6],"tags":[633,354,132,464,896,146,143],"class_list":["post-13111493","post","type-post","status-publish","format-standard","hentry","category-institucional","tag-conflictos","tag-congreso","tag-humanidades","tag-paz","tag-religion","tag-sociedad","tag-violencia"],"_links":{"self":[{"href":"https:\/\/www.upo.es\/diario\/wp-json\/wp\/v2\/posts\/13111493","targetHints":{"allow":["GET"]}}],"collection":[{"href":"https:\/\/www.upo.es\/diario\/wp-json\/wp\/v2\/posts"}],"about":[{"href":"https:\/\/www.upo.es\/diario\/wp-json\/wp\/v2\/types\/post"}],"author":[{"embeddable":true,"href":"https:\/\/www.upo.es\/diario\/wp-json\/wp\/v2\/users\/6"}],"replies":[{"embeddable":true,"href":"https:\/\/www.upo.es\/diario\/wp-json\/wp\/v2\/comments?post=13111493"}],"version-history":[{"count":5,"href":"https:\/\/www.upo.es\/diario\/wp-json\/wp\/v2\/posts\/13111493\/revisions"}],"predecessor-version":[{"id":13141323,"href":"https:\/\/www.upo.es\/diario\/wp-json\/wp\/v2\/posts\/13111493\/revisions\/13141323"}],"wp:attachment":[{"href":"https:\/\/www.upo.es\/diario\/wp-json\/wp\/v2\/media?parent=13111493"}],"wp:term":[{"taxonomy":"category","embeddable":true,"href":"https:\/\/www.upo.es\/diario\/wp-json\/wp\/v2\/categories?post=13111493"},{"taxonomy":"post_tag","embeddable":true,"href":"https:\/\/www.upo.es\/diario\/wp-json\/wp\/v2\/tags?post=13111493"}],"curies":[{"name":"wp","href":"https:\/\/api.w.org\/{rel}","templated":true}]}}