{"id":13139553,"date":"2016-04-28T06:01:14","date_gmt":"2016-04-28T06:01:14","guid":{"rendered":"https:\/\/www.upo.es\/diario\/?p=13139553"},"modified":"2016-04-28T11:32:09","modified_gmt":"2016-04-28T11:32:09","slug":"el-escritor-jose-antonio-illanes-presenta-manana-en-la-upo-su-libro-el-preferido-de-dios","status":"publish","type":"post","link":"https:\/\/www.upo.es\/diario\/libros\/2016\/04\/el-escritor-jose-antonio-illanes-presenta-manana-en-la-upo-su-libro-el-preferido-de-dios\/","title":{"rendered":"El escritor Jos\u00e9 Antonio Illanes presenta en la UPO su libro \u00abEl preferido de Dios\u00bb"},"content":{"rendered":"<figure id=\"attachment_13153610\" aria-describedby=\"caption-attachment-13153610\" style=\"width: 600px\" class=\"wp-caption aligncenter\"><a href=\"https:\/\/www.upo.es\/diario\/wp-content\/uploads\/2016\/04\/Presentaci\u00f3n-LIBRO1.jpg\"><img loading=\"lazy\" decoding=\"async\" class=\"size-large wp-image-13153610\" alt=\"De izqda a dcha: Mar\u00eda Isabel Fijo, Jos\u00e9 Antonio Illanes y Amalia Vah\u00ed durante la presentaci\u00f3n del libro en la UPO.\" src=\"https:\/\/www.upo.es\/diario\/wp-content\/uploads\/2016\/04\/Presentaci\u00f3n-LIBRO1-600x423.jpg\" width=\"600\" height=\"423\" srcset=\"https:\/\/www.upo.es\/diario\/wp-content\/uploads\/2016\/04\/Presentaci\u00f3n-LIBRO1-600x423.jpg 600w, https:\/\/www.upo.es\/diario\/wp-content\/uploads\/2016\/04\/Presentaci\u00f3n-LIBRO1-320x225.jpg 320w\" sizes=\"auto, (max-width: 600px) 100vw, 600px\" \/><\/a><figcaption id=\"caption-attachment-13153610\" class=\"wp-caption-text\">De izqda a dcha: Mar\u00eda Isabel Fijo, Jos\u00e9 Antonio Illanes y Amalia Vah\u00ed durante la presentaci\u00f3n del libro en la UPO.<\/figcaption><\/figure>\n<p>El jueves 28 de abril, a las 11:30 horas en la sala de grados del edificio 6 de la Universidad Pablo de Olavide, el escritor Jos\u00e9 Antonio Illanes ha presentado su libro \u201cEl preferido de Dios\u201d, en un acto presidido por Amalia Vah\u00ed Serrano, secretaria de la Facultad de Humanidades, y Mar\u00eda Isabel Fijo Le\u00f3n, profesora de Filolog\u00eda Inglesa de esta universidad.<\/p>\n<p><b>Jos\u00e9 Antonio Illanes<\/b> nace en 1962 en Montellano, Sevilla. Es autor de numerosas obras de poes\u00eda y narrativa, entre las que destacan \u201cEl octavo color del sol\u201d, \u201cEl azor y la zura\u201d, \u201cLa trastienda de la memoria\u201d y \u201cEl preferido de Dios\u201d. Tiene en su haber m\u00e1s de 40 premios literarios, entre ellos el Premio internacional de narrativa \u201cTom\u00e1s Ferm\u00edn de Arteta\u201d, los premios internacionales de cuentos \u201cIgnacio de Aldecoa\u201d y \u201cGabriel Mir\u00f3\u201d, el Premio \u201cGustavo Adolfo B\u00e9cquer\u201d de narrativa y el Premio internacional de novela corta \u201cMalela Ramos\u201d.<\/p>\n<p><b>Sinopsis de \u201cEl preferido de Dios\u201d<\/b> (Editorial Edlibrix, 2015). Durante una operaci\u00f3n de contraguerrilla, los fusileros franceses del 43 Regimiento de Infanter\u00eda de L\u00ednea har\u00e1n un descubrimiento medieval inaudito que llegar\u00e1 a manos del Mariscal Soult, virrey de Andaluc\u00eda. El misterioso hallazgo desata la insaciable codicia del duque y de cuantos intuyen lo que hay tras \u00e9l. \u201cEl preferido de Dios\u201d tiende un puente m\u00e1gico entre la Espa\u00f1a napole\u00f3nica y la del siglo IX, entre el sur ocupado por los imperiales y el que tuvo en jaque a los Omeya, un puente transitado por intrigas, sue\u00f1os, deserciones, lealtades, traiciones, fanatismos y ambiciones. Es una novela donde los vivos perfiles humanos colorean el lienzo de una trama recreada y escrita en dos \u00e9pocas y en dos estilos narrativos separados por mil a\u00f1os de historia. Es una aventura de guerras, h\u00e9roes an\u00f3nimos, santos inveros\u00edmiles, tesoros colosales, misticismos ins\u00f3litos y amores desbocados.<\/p>\n<p>La presentaci\u00f3n de este libro se enmarca en el programa de actividades conmemorativas del D\u00eda del Libro organizado por la Facultad de Humanidades de la Universidad Pablo de Olavide.<\/p>\n","protected":false},"excerpt":{"rendered":"<p>El jueves 28 de abril, a las 11:30 horas en la sala de grados del edificio 6 de la Universidad Pablo de Olavide, el escritor Jos\u00e9 Antonio Illanes ha presentado su libro \u201cEl preferido de Dios\u201d, en un acto presidido por Amalia Vah\u00ed Serrano, secretaria de la Facultad de Humanidades, y Mar\u00eda Isabel Fijo Le\u00f3n, profesora de Filolog\u00eda Inglesa de esta universidad.<\/p>\n","protected":false},"author":2,"featured_media":0,"comment_status":"closed","ping_status":"open","sticky":false,"template":"","format":"standard","meta":{"_monsterinsights_skip_tracking":false,"_monsterinsights_sitenote_active":false,"_monsterinsights_sitenote_note":"","_monsterinsights_sitenote_category":0,"footnotes":""},"categories":[77],"tags":[3331,96,333,334],"class_list":["post-13139553","post","type-post","status-publish","format-standard","hentry","category-libros","tag-dia-del-libro","tag-facultad-de-humanidades","tag-libro","tag-presentacion"],"_links":{"self":[{"href":"https:\/\/www.upo.es\/diario\/wp-json\/wp\/v2\/posts\/13139553","targetHints":{"allow":["GET"]}}],"collection":[{"href":"https:\/\/www.upo.es\/diario\/wp-json\/wp\/v2\/posts"}],"about":[{"href":"https:\/\/www.upo.es\/diario\/wp-json\/wp\/v2\/types\/post"}],"author":[{"embeddable":true,"href":"https:\/\/www.upo.es\/diario\/wp-json\/wp\/v2\/users\/2"}],"replies":[{"embeddable":true,"href":"https:\/\/www.upo.es\/diario\/wp-json\/wp\/v2\/comments?post=13139553"}],"version-history":[{"count":5,"href":"https:\/\/www.upo.es\/diario\/wp-json\/wp\/v2\/posts\/13139553\/revisions"}],"predecessor-version":[{"id":13139556,"href":"https:\/\/www.upo.es\/diario\/wp-json\/wp\/v2\/posts\/13139553\/revisions\/13139556"}],"wp:attachment":[{"href":"https:\/\/www.upo.es\/diario\/wp-json\/wp\/v2\/media?parent=13139553"}],"wp:term":[{"taxonomy":"category","embeddable":true,"href":"https:\/\/www.upo.es\/diario\/wp-json\/wp\/v2\/categories?post=13139553"},{"taxonomy":"post_tag","embeddable":true,"href":"https:\/\/www.upo.es\/diario\/wp-json\/wp\/v2\/tags?post=13139553"}],"curies":[{"name":"wp","href":"https:\/\/api.w.org\/{rel}","templated":true}]}}