{"id":13153612,"date":"2016-04-28T11:46:00","date_gmt":"2016-04-28T11:46:00","guid":{"rendered":"https:\/\/www.upo.es\/diario\/?p=13153612"},"modified":"2016-04-29T10:52:47","modified_gmt":"2016-04-29T10:52:47","slug":"seminario-las-cooperativas-de-viviendas-uruguayas-como-sistema-de-produccion-social-del-habitat-y-la-autogestion-de-barrios","status":"publish","type":"post","link":"https:\/\/www.upo.es\/diario\/institucional\/2016\/04\/seminario-las-cooperativas-de-viviendas-uruguayas-como-sistema-de-produccion-social-del-habitat-y-la-autogestion-de-barrios\/","title":{"rendered":"Seminario \u00abLas cooperativas de viviendas uruguayas como sistema de producci\u00f3n social del h\u00e1bitat y la autogesti\u00f3n de barrios\u00bb"},"content":{"rendered":"<figure id=\"attachment_13168260\" aria-describedby=\"caption-attachment-13168260\" style=\"width: 600px\" class=\"wp-caption aligncenter\"><a href=\"https:\/\/www.upo.es\/diario\/institucional\/2016\/04\/seminario-las-cooperativas-de-viviendas-uruguayas-como-sistema-de-produccion-social-del-habitat-y-la-autogestion-de-barrios\/attachment\/ecoeco\/\" rel=\"attachment wp-att-13168260\"><img loading=\"lazy\" decoding=\"async\" class=\"size-large wp-image-13168260\" alt=\"Marta Solanas durante el seminario impartido en la Upo.\" src=\"https:\/\/www.upo.es\/diario\/wp-content\/uploads\/2016\/04\/EcoEco-600x400.jpg\" width=\"600\" height=\"400\" srcset=\"https:\/\/www.upo.es\/diario\/wp-content\/uploads\/2016\/04\/EcoEco-600x400.jpg 600w, https:\/\/www.upo.es\/diario\/wp-content\/uploads\/2016\/04\/EcoEco-320x213.jpg 320w\" sizes=\"auto, (max-width: 600px) 100vw, 600px\" \/><\/a><figcaption id=\"caption-attachment-13168260\" class=\"wp-caption-text\">Marta Solanas durante el seminario impartido en la Upo.<\/figcaption><\/figure>\n<p><span style=\"text-decoration: underline;\">Hoy, viernes 29 de abril, a las 12:00 horas en el espacio 1.07 del edificio 44 de la Universidad Pablo de Olavide<\/span>, ha tenido lugar el seminario \u201cLas cooperativas de vivienda uruguayas como sistema de producci\u00f3n social del h\u00e1bitat y la autogesti\u00f3n de barrios\u201d impartido por la investigadora Marta Solanas Dom\u00ednguez.<\/p>\n<p>Esta actividad, abierta a toda la comunidad universitaria y p\u00fablico interesado, se enmarca en el <b>Seminario Permanente del Observatorio GEP&amp;DO<\/b> de G\u00e9nero, Econom\u00eda, Pol\u00edtica y Desarrollo, en coordinaci\u00f3n con el grupo de investigaci\u00f3n EcoEcoFem (Econom\u00eda Ecol\u00f3gica, Feminista y Desarrollo) de la UPO.<\/p>\n<p><b>Marta Solanas Dom\u00ednguez <\/b>es doctora en Estudios Medioambientales por la Universidad Pablo de Olavide y arquitecta por la Universidad de Sevilla. Posee un m\u00e1ster en Cooperaci\u00f3n Internacional, Acci\u00f3n Humanitaria y Pol\u00edticas de Desarrollo por la Universidad de Paris. Es investigadora del grupo GIEST. Adem\u00e1s, forma parte de distintos espacios de investigaci\u00f3n y redes que trabajan para impulsar el cooperativismo de vivienda en el contexto andaluz, a trav\u00e9s de la propiedad colectiva o formas de tenencia equivalentes, a trav\u00e9s de la cesi\u00f3n de uso o alquiler.<\/p>\n<p>El <a href=\"http:\/\/genderobservatory.com\/\">Observatorio de G\u00e9nero sobre Econom\u00eda, Pol\u00edtica y Desarrollo<\/a> (GEP&amp;DO), con sede en la Universidad Pablo de Olavide, nace como espacio para la investigaci\u00f3n, la reflexi\u00f3n cr\u00edtica y el intercambio de conocimientos y saberes sobre igualdad de g\u00e9nero. Conformado por investigadoras y docentes con diferentes trayectorias profesionales, el Observatorio pretende alimentar los debates actuales sobre econom\u00eda, pol\u00edticas p\u00fablicas y desarrollo desde una perspectiva feminista. Igualmente, tiene como finalidad contribuir al trabajo pro igualdad de g\u00e9nero a trav\u00e9s de la colaboraci\u00f3n con organizaciones de la sociedad civil e instituciones p\u00fablicas tanto a escala local y regional como nacional e internacional.<\/p>\n<p>&nbsp;<\/p>\n<p>&nbsp;<\/p>\n","protected":false},"excerpt":{"rendered":"<p>Hoy, viernes 29 de abril, a las 12:00 horas en el espacio 1.07 del edificio 44 de la Universidad Pablo de Olavide, ha tenido lugar el seminario \u201cLas cooperativas de vivienda uruguayas como sistema de producci\u00f3n social del h\u00e1bitat y la autogesti\u00f3n de barrios\u201d impartido por la investigadora Marta Solanas Dom\u00ednguez.<\/p>\n","protected":false},"author":13,"featured_media":0,"comment_status":"closed","ping_status":"open","sticky":false,"template":"","format":"standard","meta":{"_monsterinsights_skip_tracking":false,"_monsterinsights_sitenote_active":false,"_monsterinsights_sitenote_note":"","_monsterinsights_sitenote_category":0,"footnotes":""},"categories":[6],"tags":[2733,2732,2929,3241],"class_list":["post-13153612","post","type-post","status-publish","format-standard","hentry","category-institucional","tag-ecoecofem","tag-gepdo","tag-observatorio-gepdo","tag-seminario-permanente-de-observatorio-gepdo"],"_links":{"self":[{"href":"https:\/\/www.upo.es\/diario\/wp-json\/wp\/v2\/posts\/13153612","targetHints":{"allow":["GET"]}}],"collection":[{"href":"https:\/\/www.upo.es\/diario\/wp-json\/wp\/v2\/posts"}],"about":[{"href":"https:\/\/www.upo.es\/diario\/wp-json\/wp\/v2\/types\/post"}],"author":[{"embeddable":true,"href":"https:\/\/www.upo.es\/diario\/wp-json\/wp\/v2\/users\/13"}],"replies":[{"embeddable":true,"href":"https:\/\/www.upo.es\/diario\/wp-json\/wp\/v2\/comments?post=13153612"}],"version-history":[{"count":3,"href":"https:\/\/www.upo.es\/diario\/wp-json\/wp\/v2\/posts\/13153612\/revisions"}],"predecessor-version":[{"id":13168261,"href":"https:\/\/www.upo.es\/diario\/wp-json\/wp\/v2\/posts\/13153612\/revisions\/13168261"}],"wp:attachment":[{"href":"https:\/\/www.upo.es\/diario\/wp-json\/wp\/v2\/media?parent=13153612"}],"wp:term":[{"taxonomy":"category","embeddable":true,"href":"https:\/\/www.upo.es\/diario\/wp-json\/wp\/v2\/categories?post=13153612"},{"taxonomy":"post_tag","embeddable":true,"href":"https:\/\/www.upo.es\/diario\/wp-json\/wp\/v2\/tags?post=13153612"}],"curies":[{"name":"wp","href":"https:\/\/api.w.org\/{rel}","templated":true}]}}