{"id":13154211,"date":"2016-04-28T12:27:43","date_gmt":"2016-04-28T12:27:43","guid":{"rendered":"https:\/\/www.upo.es\/diario\/?p=13154211"},"modified":"2016-05-03T09:32:08","modified_gmt":"2016-05-03T09:32:08","slug":"los-estudiantes-del-aula-abierta-de-mayores-de-la-upo-se-forman-en-el-uso-de-telefonos-inteligentes","status":"publish","type":"post","link":"https:\/\/www.upo.es\/diario\/institucional\/2016\/04\/los-estudiantes-del-aula-abierta-de-mayores-de-la-upo-se-forman-en-el-uso-de-telefonos-inteligentes\/","title":{"rendered":"Los estudiantes del Aula Abierta de Mayores de la UPO se forman en el uso de tel\u00e9fonos inteligentes"},"content":{"rendered":"<figure id=\"attachment_13154212\" aria-describedby=\"caption-attachment-13154212\" style=\"width: 600px\" class=\"wp-caption aligncenter\"><a href=\"https:\/\/www.upo.es\/diario\/wp-content\/uploads\/2016\/04\/smartphone_aulamayores.jpg\"><img loading=\"lazy\" decoding=\"async\" class=\"size-large wp-image-13154212\" alt=\"En la fotograf\u00eda, estudiantes del Aula de Mayores de Tomares en uno de los talleres.\" src=\"https:\/\/www.upo.es\/diario\/wp-content\/uploads\/2016\/04\/smartphone_aulamayores-600x400.jpg\" width=\"600\" height=\"400\" srcset=\"https:\/\/www.upo.es\/diario\/wp-content\/uploads\/2016\/04\/smartphone_aulamayores-600x400.jpg 600w, https:\/\/www.upo.es\/diario\/wp-content\/uploads\/2016\/04\/smartphone_aulamayores-320x213.jpg 320w\" sizes=\"auto, (max-width: 600px) 100vw, 600px\" \/><\/a><figcaption id=\"caption-attachment-13154212\" class=\"wp-caption-text\">En la fotograf\u00eda, estudiantes del Aula de Mayores de Tomares en uno de los talleres.<\/figcaption><\/figure>\n<p>Los estudiantes del Aula Abierta de Mayores de la Universidad Pablo de Olavide forman parte del programa <b>\u201cConoce y disfruta las posibilidades de tu smartphone\u201d<\/b>, una iniciativa puesta en marcha por la Fundaci\u00f3n Vodafone Espa\u00f1a y la Confederaci\u00f3n Estatal de Mayores Activos (CONFEMAC) cuyo objetivo es formar a los mayores en el uso de tel\u00e9fonos inteligentes.<\/p>\n<p>Con esta iniciativa se pretende facilitar a las personas mayores el acceso a los beneficios que proporcionan las Tecnolog\u00edas de la Informaci\u00f3n y Comunicaci\u00f3n, evitando la brecha digital y favoreciendo el envejecimiento activo.<\/p>\n<p>En total participar\u00e1n en estos talleres 240 personas mayores de las distintas sedes de este programa universitario de la UPO. Durante el mes de abril han participado en este programa estudiantes de Tomares, Lebrija, Castilleja de la Cuesta, Gilena y Bormujos, mientras que los estudiantes de Alcal\u00e1 de Guada\u00edra y Mairena del Alcor lo har\u00e1n a lo largo del mes de mayo.<\/p>\n<p>Los talleres est\u00e1n estructurados en dos sesiones. En la primera sesi\u00f3n se explica el funcionamiento de los botones externos, la utilidad de los iconos de la pantalla, llamar y recibir llamadas, poner mensajes para estar en contacto con familiares o amistades, hacer fotos, etc. En la segunda se explica el acceso a internet, c\u00f3mo descargar las aplicaciones, y se les da a las personas mayores formaci\u00f3n en el uso seguro del smartphone y sobre las ventajas de las redes sociales como Whatsapp, Facebook o Twitter. Tambi\u00e9n, se les ense\u00f1a a consultar informaciones de inter\u00e9s como el tiempo, peri\u00f3dicos digitales, pedir cita m\u00e9dica, buscar informaci\u00f3n sobre temas de inter\u00e9s personal, utilizar el correo electr\u00f3nico, etc.<\/p>\n<p>El <a href=\"https:\/\/www.upo.es\/aula-mayores\/\">Aula Abierta de Mayores de la Universidad Pablo de Olavide<\/a> es un programa universitario dirigido a personas mayores de 50 a\u00f1os, sin necesidad de una titulaci\u00f3n previa, que deseen ampliar su formaci\u00f3n e intercambiar experiencias. Dependiente del Vicerrectorado de Cultura y Compromiso Social, esta iniciativa tiene como principal objetivo la formaci\u00f3n cient\u00edfica, cultural y social de los mayores, as\u00ed como propiciar actividades art\u00edsticas y creativas, aprovechar la riqueza cultural de los mayores, promover las relaciones intergeneracionales y facilitar el voluntariado. Para ello, el programa se estructura en dos ciclos, b\u00e1sico y de continuidad, divididos en tres cursos cada uno de 135 horas. Actualmente cuenta con cerca de 650 estudiantes y 14 sedes en la provincia de Sevilla: Alcal\u00e1 de Guada\u00edra, Aznalc\u00f3llar, Bormujos, Castilleja de la Cuesta, Gerena, Gilena, Gines, Herrera, La Puebla de Cazalla, Lebrija, Mairena del Alcor, Pedrera, Santiponce y Tomares.<\/p>\n<p>Las instituciones que colaboran, adem\u00e1s de la propia <a href=\"http:\/\/www.upo.es\/portal\/impe\/web\/portada\">Universidad Pablo de Olavide<\/a> y son la <a href=\"http:\/\/www.juntadeandalucia.es\/organismos\/igualdadsaludypoliticassociales.html\">Consejer\u00eda de Igualdad y Pol\u00edticas Sociales de la Junta de Andaluc\u00eda<\/a>, la <a href=\"http:\/\/www.dipusevilla.es\/\">Diputaci\u00f3n de Sevilla<\/a>,\u00a0 <a href=\"https:\/\/obrasociallacaixa.org\/es\/\">Obra Social \u201cLa Caixa\u201d<\/a>,\u00a0y los distintos ayuntamientos donde tiene lugar dicho programa.<\/p>\n<p><b><a href=\"http:\/\/www.confemac.net\/\">CONFEMAC<\/a><\/b> es una organizaci\u00f3n no lucrativa, de \u00e1mbito estatal que trabaja con las personas mayores para que, una vez terminada la etapa laboral, sigan aprendiendo y desarroll\u00e1ndose para continuar plenamente integrados en la sociedad.<\/p>\n<p>La <b><a href=\"http:\/\/www.fundacionvodafone.es\/\">Fundaci\u00f3n Vodafone Espa\u00f1a<\/a><\/b> es una instituci\u00f3n sin \u00e1nimo de lucro que contribuye al impulso de la innovaci\u00f3n y la utilizaci\u00f3n de las TIC para mejorar la calidad de vida de las personas y, especialmente, facilitar la integraci\u00f3n social de colectivos vulnerables. Para ello, entre otras actividades, participa en proyectos de innovaci\u00f3n tecnol\u00f3gica nacionales y europeos, dirigidos a investigar nuevas aplicaciones de las comunicaciones m\u00f3viles que faciliten la vida a personas dependientes, mayores y enfermos cr\u00f3nicos. Es promotora y patrocinadora de diversos programas de formaci\u00f3n con varias universidades espa\u00f1olas dirigidos a la investigaci\u00f3n y la excelencia docente en las nuevas Tecnolog\u00edas de la Informaci\u00f3n y las Comunicaciones. Esta instituci\u00f3n tiene adem\u00e1s otros objetivos, como son la difusi\u00f3n de las telecomunicaciones en la sociedad a trav\u00e9s de publicaciones, cursos y seminarios.<\/p>\n<p>&nbsp;<\/p>\n","protected":false},"excerpt":{"rendered":"<p>Los estudiantes del Aula Abierta de Mayores de la Universidad Pablo de Olavide forman parte del programa \u201cConoce y disfruta las posibilidades de tu smartphone\u201d, una iniciativa puesta en marcha por la Fundaci\u00f3n Vodafone Espa\u00f1a y la Confederaci\u00f3n Estatal de Mayores Activos (CONFEMAC) cuyo objetivo es formar a los mayores en el uso de tel\u00e9fonos inteligentes. <\/p>\n","protected":false},"author":2,"featured_media":0,"comment_status":"closed","ping_status":"open","sticky":false,"template":"","format":"standard","meta":{"_monsterinsights_skip_tracking":false,"_monsterinsights_sitenote_active":false,"_monsterinsights_sitenote_note":"","_monsterinsights_sitenote_category":0,"footnotes":""},"categories":[6],"tags":[52,509,53,2052],"class_list":["post-13154211","post","type-post","status-publish","format-standard","hentry","category-institucional","tag-aula-abierta-de-mayores","tag-formacion","tag-mayores","tag-municipios"],"_links":{"self":[{"href":"https:\/\/www.upo.es\/diario\/wp-json\/wp\/v2\/posts\/13154211","targetHints":{"allow":["GET"]}}],"collection":[{"href":"https:\/\/www.upo.es\/diario\/wp-json\/wp\/v2\/posts"}],"about":[{"href":"https:\/\/www.upo.es\/diario\/wp-json\/wp\/v2\/types\/post"}],"author":[{"embeddable":true,"href":"https:\/\/www.upo.es\/diario\/wp-json\/wp\/v2\/users\/2"}],"replies":[{"embeddable":true,"href":"https:\/\/www.upo.es\/diario\/wp-json\/wp\/v2\/comments?post=13154211"}],"version-history":[{"count":5,"href":"https:\/\/www.upo.es\/diario\/wp-json\/wp\/v2\/posts\/13154211\/revisions"}],"predecessor-version":[{"id":13168276,"href":"https:\/\/www.upo.es\/diario\/wp-json\/wp\/v2\/posts\/13154211\/revisions\/13168276"}],"wp:attachment":[{"href":"https:\/\/www.upo.es\/diario\/wp-json\/wp\/v2\/media?parent=13154211"}],"wp:term":[{"taxonomy":"category","embeddable":true,"href":"https:\/\/www.upo.es\/diario\/wp-json\/wp\/v2\/categories?post=13154211"},{"taxonomy":"post_tag","embeddable":true,"href":"https:\/\/www.upo.es\/diario\/wp-json\/wp\/v2\/tags?post=13154211"}],"curies":[{"name":"wp","href":"https:\/\/api.w.org\/{rel}","templated":true}]}}