{"id":13168270,"date":"2016-05-03T05:34:39","date_gmt":"2016-05-03T05:34:39","guid":{"rendered":"https:\/\/www.upo.es\/diario\/?p=13168270"},"modified":"2016-05-03T07:05:07","modified_gmt":"2016-05-03T07:05:07","slug":"este-martes-conferencia-la-educacion-social-en-justicia-juvenil-a-cargo-de-victor-garcia-mateo","status":"publish","type":"post","link":"https:\/\/www.upo.es\/diario\/institucional\/2016\/05\/este-martes-conferencia-la-educacion-social-en-justicia-juvenil-a-cargo-de-victor-garcia-mateo\/","title":{"rendered":"Hoy martes, conferencia \u00abLa educaci\u00f3n social en Justicia Juvenil\u00bb a cargo de V\u00edctor Garc\u00eda Mateo"},"content":{"rendered":"<p><span style=\"text-decoration: underline;\">Hoy martes 3 de mayo a las 17.30 horas en la sala de grado del edificio 7 de la Universidad Pablo de Olavide<\/span>, tendr\u00e1 lugar la conferencia \u201cLa educaci\u00f3n social en justicia juvenil\u201d a cargo de V\u00edctor Garc\u00eda Mateo. Esta conferencia se enmarca dentro del ciclo de conferencias \u201cPresente y futuro de la educaci\u00f3n social. Especializaci\u00f3n y empleabilidad\u201d, organizado por la Facultad de Ciencias Sociales de la UPO y el Colegio Profesional de Educadores y Educadoras Sociales de Andaluc\u00eda.<\/p>\n<p><b>V\u00edctor Garc\u00eda Mateo <\/b>es educador social del Ayuntamiento de Sevilla y polit\u00f3logo. Ha trabajo con menores infractores y desde la promoci\u00f3n de la salud. Estudi\u00f3 el m\u00e1ster de Intervenci\u00f3n Educativa en Contextos Sociales de la UNED. Actualmente es miembro del Colegio Profesional de Educadores y Educadoras Sociales de Andaluc\u00eda.<\/p>\n<p>El <b>ciclo de conferencias \u201cPresente y futuro de la educaci\u00f3n social. Especializaci\u00f3n y empleabilidad\u201d,<\/b> que se desarrollar\u00e1 hasta el 3 de mayo, tiene como objetivo dar respuestas a objetivos de planes de mejora y procesos de calidad de la Facultad de Ciencias Empresariales, respecto a la especializaci\u00f3n y la empleabilidad de sus t\u00edtulos.<\/p>\n","protected":false},"excerpt":{"rendered":"<p>Hoy martes 3 de mayo a las 17.30 horas en la sala de grado del edificio 7 de la Universidad Pablo de Olavide, tendr\u00e1 lugar la conferencia \u201cLa educaci\u00f3n social en justicia juvenil\u201d a cargo de V\u00edctor Garc\u00eda Mateo. Esta conferencia se enmarca dentro del ciclo de conferencias \u201cPresente y futuro de la educaci\u00f3n social. Especializaci\u00f3n y empleabilidad\u201d, organizado por la Facultad de Ciencias Sociales de la UPO y el Colegio Profesional de Educadores y Educadoras Sociales de Andaluc\u00eda.<\/p>\n","protected":false},"author":13,"featured_media":0,"comment_status":"closed","ping_status":"open","sticky":false,"template":"","format":"standard","meta":{"_monsterinsights_skip_tracking":false,"_monsterinsights_sitenote_active":false,"_monsterinsights_sitenote_note":"","_monsterinsights_sitenote_category":0,"footnotes":""},"categories":[6],"tags":[1483,3141,613],"class_list":["post-13168270","post","type-post","status-publish","format-standard","hentry","category-institucional","tag-consejo-de-colegios-de-educadores-y-educadoras-sociales","tag-educador","tag-justicia"],"_links":{"self":[{"href":"https:\/\/www.upo.es\/diario\/wp-json\/wp\/v2\/posts\/13168270","targetHints":{"allow":["GET"]}}],"collection":[{"href":"https:\/\/www.upo.es\/diario\/wp-json\/wp\/v2\/posts"}],"about":[{"href":"https:\/\/www.upo.es\/diario\/wp-json\/wp\/v2\/types\/post"}],"author":[{"embeddable":true,"href":"https:\/\/www.upo.es\/diario\/wp-json\/wp\/v2\/users\/13"}],"replies":[{"embeddable":true,"href":"https:\/\/www.upo.es\/diario\/wp-json\/wp\/v2\/comments?post=13168270"}],"version-history":[{"count":2,"href":"https:\/\/www.upo.es\/diario\/wp-json\/wp\/v2\/posts\/13168270\/revisions"}],"predecessor-version":[{"id":13216691,"href":"https:\/\/www.upo.es\/diario\/wp-json\/wp\/v2\/posts\/13168270\/revisions\/13216691"}],"wp:attachment":[{"href":"https:\/\/www.upo.es\/diario\/wp-json\/wp\/v2\/media?parent=13168270"}],"wp:term":[{"taxonomy":"category","embeddable":true,"href":"https:\/\/www.upo.es\/diario\/wp-json\/wp\/v2\/categories?post=13168270"},{"taxonomy":"post_tag","embeddable":true,"href":"https:\/\/www.upo.es\/diario\/wp-json\/wp\/v2\/tags?post=13168270"}],"curies":[{"name":"wp","href":"https:\/\/api.w.org\/{rel}","templated":true}]}}