{"id":13219672,"date":"2016-05-04T05:12:52","date_gmt":"2016-05-04T05:12:52","guid":{"rendered":"https:\/\/www.upo.es\/diario\/?p=13219672"},"modified":"2016-05-04T07:15:20","modified_gmt":"2016-05-04T07:15:20","slug":"nuestro-reto-es-potenciar-la-participacion-de-los-estudiantes-de-forma-mas-activa-en-la-vida-universitaria","status":"publish","type":"post","link":"https:\/\/www.upo.es\/diario\/entrevista\/2016\/05\/nuestro-reto-es-potenciar-la-participacion-de-los-estudiantes-de-forma-mas-activa-en-la-vida-universitaria\/","title":{"rendered":"\u00abNuestro reto es potenciar la participaci\u00f3n de los estudiantes de forma m\u00e1s activa en la vida universitaria\u00bb"},"content":{"rendered":"<figure id=\"attachment_13219674\" aria-describedby=\"caption-attachment-13219674\" style=\"width: 600px\" class=\"wp-caption aligncenter\"><a href=\"https:\/\/www.upo.es\/diario\/wp-content\/uploads\/2016\/05\/africa_calvo.jpg\"><img loading=\"lazy\" decoding=\"async\" class=\"size-large wp-image-13219674\" alt=\"\u00c1frica Calvo Lluch, decana de la Facultad de Ciencias del Deporte de la UPO.\" src=\"https:\/\/www.upo.es\/diario\/wp-content\/uploads\/2016\/05\/africa_calvo-600x400.jpg\" width=\"600\" height=\"400\" srcset=\"https:\/\/www.upo.es\/diario\/wp-content\/uploads\/2016\/05\/africa_calvo-600x400.jpg 600w, https:\/\/www.upo.es\/diario\/wp-content\/uploads\/2016\/05\/africa_calvo-320x213.jpg 320w\" sizes=\"auto, (max-width: 600px) 100vw, 600px\" \/><\/a><figcaption id=\"caption-attachment-13219674\" class=\"wp-caption-text\">\u00c1frica Calvo Lluch, decana de la Facultad de Ciencias del Deporte de la UPO.<\/figcaption><\/figure>\n<p><b>\u00bfQu\u00e9 supone para usted estar al frente de la Facultad de Ciencias del Deporte?<\/b><b>\u00a0<\/b><\/p>\n<p>El puesto de decana de la Facultad de Ciencias del Deporte supone un honor inmenso para cualquier persona que lo ocupe, para m\u00ed mucho m\u00e1s ya que puede ser el momento de volcarnos en los alumnos y profesores para poder avanzar. Nuestra raz\u00f3n de ser son nuestros alumnos y a ellos nos debemos. Un empresario dir\u00eda que los estudiantes son nuestros clientes y tenemos que cuidarles, pero exigi\u00e9ndoles el m\u00e1ximo, ya que la capacidad y potencial que tienen es inmenso y nuestra labor es hacer que afloren sus potenciales y sus cualidades.<b>\u00a0<\/b><\/p>\n<p><b>\u00bfQui\u00e9nes integran el equipo decanal y cu\u00e1l es la competencia de cada uno?<\/b><b>\u00a0<\/b><\/p>\n<p>Somos un equipo que cualquiera envidiar\u00eda. Javier G\u00e1lvez Gonz\u00e1lez se ocupa del Vicedecanato de Ordenaci\u00f3n y el Trabajo Fin de Grado. Su contacto con los alumnos es diario y \u00e9stos saben que van a ser atendidos personalmente cada vez que lo necesiten. Lo hacemos por convencimiento, porque debe ser as\u00ed.<\/p>\n<p>Javier N\u00fa\u00f1ez S\u00e1nchez se ocupa de las pr\u00e1cticas externas, dura tarea, ya que hay que buscar, seleccionar, y repartir todos los centros de pr\u00e1cticas para los alumnos. Es nuestra imagen futura de la universidad. Disponemos de 265 centros donde mandamos a nuestros alumnos cada a\u00f1o. Los estudiantes eligen el centro y un 10% de los estudiantes se quedan trabajando en el lugar donde han ido a hacer sus pr\u00e1cticas. Javier N\u00fa\u00f1ez es nuestro punto de enlace con la realidad.<\/p>\n<p>De la calidad se ocupa Alberto Nuviala Nuviala, un vicedecano incansable con esta ardua tarea que normalmente no se reconoce lo suficiente. Nos tiene a todos controlados con las evidencias y los informes. Por si tuviera poco tambi\u00e9n se encarga de la movilidad.<\/p>\n<p>Elisabet Rodr\u00edguez Bies se encarga de la coordinaci\u00f3n del grado. Ella nos va informando de todo, se encarga de atender los alumnos con bajo rendimiento y aquellos que necesitan una atenci\u00f3n especial,\u00a0 y sobre todo qu\u00e9 aspectos debemos mejorar. Adem\u00e1s, apoya en el decanato en las actividades que organizamos para los estudiantes.<b>\u00a0<\/b><\/p>\n<p><b>\u00bfQu\u00e9 puede encontrar el estudiante en esta facultad que no encuentre en otras?<\/b><b>\u00a0<\/b><\/p>\n<p>Yo creo que nuestro potencial es el profesorado y la orientaci\u00f3n de nuestros estudiantes, ya que les permitimos especializarse en cualquiera de los itinerarios de salidas profesionales. Adem\u00e1s, en la UPO tienen continuaci\u00f3n de estudios en cualquiera de esos itinerarios en el \u201cM\u00e1ster de\u00a0 Rendimiento, Salud, Ense\u00f1anza y Ocio\u201d.<\/p>\n<p>El centrarnos en la actividad f\u00edsica y el deporte hace que seamos una facultad muy atractiva para que nos elijan los futuros estudiantes. No olvidamos las ciencias que nos sustentan como son las Ciencias Biol\u00f3gicas, Sociales y Humanas, pero s\u00ed tenemos muy claro qu\u00e9 es lo que queremos potenciar. Adem\u00e1s, el hecho de poder desarrollar nuestros estudios en un campus \u00fanico es un valor a\u00f1adido que hay que resaltar.<b>\u00a0<\/b><\/p>\n<p><b>H\u00e1bleme de la titulaci\u00f3n de su facultad.<\/b><b>\u00a0<\/b><\/p>\n<p>Nuestra facultad solo tiene un grado, el Grado de Ciencias de la Actividad F\u00edsica y Deporte, pero con una admisi\u00f3n muy alta, ya que tenemos 160 alumnos nuevos cada curso. El curso pasado, unas 1.800 personas nos eligieron para cursar el Grado de Ciencias del Deporte en primera opci\u00f3n, aunque como te he comentado, solo 160 fueron admitidos.<\/p>\n<p>Tambi\u00e9n tenemos m\u00e1s solicitudes de traslado de expediente que plazas, con lo que tenemos que rechazar a muchos estudiantes. En este curso hemos subido la nota de corte a 10,06 sobre 14.<b>\u00a0<\/b><\/p>\n<p><b>\u00bfQu\u00e9 retos y qu\u00e9 proyectos se plantea hoy en d\u00eda su decanato?<\/b><b>\u00a0<\/b><\/p>\n<p>Los miembros del equipo decanal de la Facultad de Ciencias del Deporte nos hemos planteado como reto potenciar la participaci\u00f3n de los estudiantes de forma m\u00e1s activa en la vida universitaria.<\/p>\n<p>Estamos ya trabajando en la dar la posibilidad a los estudiantes de tener dobles titulaciones, y ya tenemos muy avanzado el hecho de que un alumno de la UPO pueda tener una titulaci\u00f3n europea y una espa\u00f1ola. Las colaboraciones m\u00e1s inmediatas son con el Instituto Polit\u00e9cnico de Beja y con la Universidade do Algarve, lo que supondr\u00e1 el impulso definitivo a la movilidad en nuestra facultad.<\/p>\n<p>A partir de mayo comenzaremos las negociaciones con la Universidad de Kennesaw en Atlanta (USA) y con alguna m\u00e1s en Estados Unidos. El Centro Universitario Internacional de la UPO ha sido definitivo para la consecuci\u00f3n de estos convenios.<\/p>\n<p>&nbsp;<\/p>\n<p>&nbsp;<\/p>\n","protected":false},"excerpt":{"rendered":"<p>\u00c1frica Calvo Lluch es licenciada en Ciencias de la Actividad F\u00edsica y Deporte por la Universidad Polit\u00e9cnica de Madrid y doctora por la Universidad Pablo de Olavide. Es profesora contratada doctora en el Departamento de Deporte e Inform\u00e1tica de la UPO. Sus investigaciones se centran en el acondicionamiento f\u00edsico espec\u00edfico en danza, as\u00ed como en el \u00e1mbito de la actividad f\u00edsica y la salud. Actualmente forma parte de un Proyecto de I+D financiado por el Ministerio de Educaci\u00f3n, Cultura y Deporte cuyo tema principal es la danza en la Guerra Civil y el Franquismo.<\/p>\n","protected":false},"author":2,"featured_media":13230858,"comment_status":"closed","ping_status":"open","sticky":false,"template":"","format":"standard","meta":{"_monsterinsights_skip_tracking":false,"_monsterinsights_sitenote_active":false,"_monsterinsights_sitenote_note":"","_monsterinsights_sitenote_category":0,"footnotes":""},"categories":[24],"tags":[2701,627,2703,21,3342],"class_list":["post-13219672","post","type-post","status-publish","format-standard","has-post-thumbnail","hentry","category-entrevista","tag-decana","tag-entrevista-2","tag-equipo-decanal","tag-estudiantes","tag-facultad-de-ciencias-del-deporte"],"_links":{"self":[{"href":"https:\/\/www.upo.es\/diario\/wp-json\/wp\/v2\/posts\/13219672","targetHints":{"allow":["GET"]}}],"collection":[{"href":"https:\/\/www.upo.es\/diario\/wp-json\/wp\/v2\/posts"}],"about":[{"href":"https:\/\/www.upo.es\/diario\/wp-json\/wp\/v2\/types\/post"}],"author":[{"embeddable":true,"href":"https:\/\/www.upo.es\/diario\/wp-json\/wp\/v2\/users\/2"}],"replies":[{"embeddable":true,"href":"https:\/\/www.upo.es\/diario\/wp-json\/wp\/v2\/comments?post=13219672"}],"version-history":[{"count":2,"href":"https:\/\/www.upo.es\/diario\/wp-json\/wp\/v2\/posts\/13219672\/revisions"}],"predecessor-version":[{"id":13230859,"href":"https:\/\/www.upo.es\/diario\/wp-json\/wp\/v2\/posts\/13219672\/revisions\/13230859"}],"wp:featuredmedia":[{"embeddable":true,"href":"https:\/\/www.upo.es\/diario\/wp-json\/wp\/v2\/media\/13230858"}],"wp:attachment":[{"href":"https:\/\/www.upo.es\/diario\/wp-json\/wp\/v2\/media?parent=13219672"}],"wp:term":[{"taxonomy":"category","embeddable":true,"href":"https:\/\/www.upo.es\/diario\/wp-json\/wp\/v2\/categories?post=13219672"},{"taxonomy":"post_tag","embeddable":true,"href":"https:\/\/www.upo.es\/diario\/wp-json\/wp\/v2\/tags?post=13219672"}],"curies":[{"name":"wp","href":"https:\/\/api.w.org\/{rel}","templated":true}]}}