{"id":13233832,"date":"2016-05-04T12:10:02","date_gmt":"2016-05-04T12:10:02","guid":{"rendered":"https:\/\/www.upo.es\/diario\/?p=13233832"},"modified":"2016-05-04T12:10:02","modified_gmt":"2016-05-04T12:10:02","slug":"destacados-politologos-presentan-en-la-upo-tres-libros-que-analizan-la-politica-en-espana","status":"publish","type":"post","link":"https:\/\/www.upo.es\/diario\/libros\/2016\/05\/destacados-politologos-presentan-en-la-upo-tres-libros-que-analizan-la-politica-en-espana\/","title":{"rendered":"Destacados polit\u00f3logos presentan en la UPO tres libros  que analizan la pol\u00edtica en Espa\u00f1a"},"content":{"rendered":"<div>\n<figure id=\"attachment_13233833\" aria-describedby=\"caption-attachment-13233833\" style=\"width: 600px\" class=\"wp-caption aligncenter\"><a href=\"https:\/\/www.upo.es\/diario\/wp-content\/uploads\/2016\/05\/presen_libro_politica.jpg\"><img loading=\"lazy\" decoding=\"async\" class=\"size-large wp-image-13233833\" alt=\"En la imagen, de izquierda a derecha, Francisco Llera, Jos\u00e9 Francisco Jim\u00e9nez D\u00edaz, el vicerrector Antonio Herrera Gonz\u00e1lez de Molina, Joaqu\u00edn M\u00aa Molins, Iv\u00e1n Medina y Santiago Delgado Fern\u00e1ndez. \" src=\"https:\/\/www.upo.es\/diario\/wp-content\/uploads\/2016\/05\/presen_libro_politica-600x400.jpg\" width=\"600\" height=\"400\" srcset=\"https:\/\/www.upo.es\/diario\/wp-content\/uploads\/2016\/05\/presen_libro_politica-600x400.jpg 600w, https:\/\/www.upo.es\/diario\/wp-content\/uploads\/2016\/05\/presen_libro_politica-320x213.jpg 320w\" sizes=\"auto, (max-width: 600px) 100vw, 600px\" \/><\/a><figcaption id=\"caption-attachment-13233833\" class=\"wp-caption-text\">En la imagen, de izquierda a derecha, Francisco Llera, Jos\u00e9 Francisco Jim\u00e9nez D\u00edaz, el vicerrector Antonio Herrera Gonz\u00e1lez de Molina, Joaqu\u00edn M\u00aa Molins, Iv\u00e1n Medina y Santiago Delgado Fern\u00e1ndez.<\/figcaption><\/figure>\n<p>La Universidad Pablo de Olavide ha acogido hoy mi\u00e9rcoles la presentaci\u00f3n de tres libros en los que se analiza la pol\u00edtica en Espa\u00f1a desde la Transici\u00f3n democr\u00e1tica a la situaci\u00f3n actual. El acto, organizado por el \u00c1rea de Ciencia Pol\u00edtica y de la Administraci\u00f3n de esta universidad, ha sido presidido por Antonio Herrera Gonz\u00e1lez de Molina, vicerrector de Estudiantes de la UPO, y ha contado con las intervenciones de los autores de estas tres obras, Francisco Llera, Jos\u00e9 Francisco Jim\u00e9nez D\u00edaz y Santiago Delgado Fern\u00e1ndez, y Joaqu\u00edn Molins e Iv\u00e1n Medina.<\/p><\/div>\n<div>\n<p>As\u00ed, <b>Francisco J. Llera Ramo<\/b>, catedr\u00e1tico de Ciencia Pol\u00edtica y de la Administraci\u00f3n de la Universidad del Pa\u00eds Vasco, ha presentado su obra <b>\u201cDesafecci\u00f3n pol\u00edtica y regeneraci\u00f3n democr\u00e1tica en la Espa\u00f1a actual: diagn\u00f3sticos y propuestas\u201d<\/b> (Madrid: Centro de Estudios Pol\u00edticos y Constitucionales, 2016), resultado de horas de deliberaci\u00f3n y an\u00e1lisis de un grupo de acad\u00e9micos de la Ciencia Pol\u00edtica, movidos por el compromiso c\u00edvico y la inquietud intelectual, unidos en torno a la preocupaci\u00f3n por la actual crisis econ\u00f3mica e institucional de Espa\u00f1a y con el objetivo de poner sus diagn\u00f3sticos y propuestas al servicio de la mejora de la calidad de la democracia. A partir de esquemas conceptuales y anal\u00edticos comunes y en su contextualizaci\u00f3n internacional, se ha procesado una gran cantidad de informaci\u00f3n relevante disponible en los \u00e1mbitos m\u00e1s cr\u00edticos del sistema pol\u00edtico, deliberando ampliamente sobre el diagn\u00f3stico de los principales problemas colectivos y sobre la mejor estrategia a seguir para intentar superarlos. El casi medio centenar de medidas propuestas en los campos anal\u00edticos seleccionados tienen como objetivo recuperar el compromiso y la confianza ciudadanos en las instituciones, actores y procesos pol\u00edticos. La obra centra su diagn\u00f3stico y sus propuestas en los \u00e1mbitos de los partidos pol\u00edticos (especialmente, la representaci\u00f3n y la financiaci\u00f3n), la corrupci\u00f3n, la transparencia y la rendici\u00f3n de cuentas y los medios y la comunicaci\u00f3n pol\u00edtica.<\/p>\n<p>Por su parte, <b>Jos\u00e9 Francisco Jim\u00e9nez D\u00edaz<\/b>, profesor del \u00c1rea de Ciencia Pol\u00edtica y de la Administraci\u00f3n de la Universidad Pablo de Olavide, y <b>Santiago Delgado Fern\u00e1ndez<\/b>, profesor de Ciencia Pol\u00edtica y de la Administraci\u00f3n de la Universidad de Granada, han hablado sobre el libro que coordinan titulado <b>\u201cPolitical Leadership in the Spanish Transition to Democracy (1975-1982)\u201d<\/b> (Nova Science Publishers, 2016), en el que participan autores especializados en el estudio del liderazgo pol\u00edtico, \u00e9lites pol\u00edticas locales, comportamiento electoral y pensamiento pol\u00edtico en Espa\u00f1a desde los diversos enfoques de la Ciencia Pol\u00edtica. El libro trata sobre los actores pol\u00edticos, principales y secundarios, que desempe\u00f1aron un papel clave en el inicio, control y desarrollo de los cambios que trajeron la democracia a Espa\u00f1a, entre 1975 y 1982. As\u00ed, los autores estudian detalladamente y desde un mismo esquema anal\u00edtico a los siguientes l\u00edderes pol\u00edticos de la transici\u00f3n democr\u00e1tica espa\u00f1ola: Torcuato Fern\u00e1ndez-Miranda, Adolfo Su\u00e1rez, Felipe Gonz\u00e1lez, Manuel Fraga, Santiago Carrillo, Fernando Abril-Martorell, Francisco Fern\u00e1ndez-Ord\u00f3\u00f1ez, Alfonso Guerra, Jordi Pujol y Xabier Arzallus.<\/p>\n<p>El tercer libro se titula <b>\u201cLos grupos de inter\u00e9s en Espa\u00f1a. Organizaci\u00f3n, institucionalizaci\u00f3n y estrategias de influencia\u201d<\/b> (Madrid: Tecnos, 2016), y ha sido presentado por <b>Joaqu\u00edn M\u00aa. Molins<\/b>, catedr\u00e1tico em\u00e9rito de Ciencia Pol\u00edtica de la Universidad Aut\u00f3noma de Barcelona, e <b>Iv\u00e1n Medina<\/b>, profesor de Ciencia Pol\u00edtica y de la Administraci\u00f3n de la Universidad de Valencia, \u00a0ambos coordinadores junto a <b>Luz Mu\u00f1oz<\/b>, profesora de Ciencia Pol\u00edtica y de la Administraci\u00f3n de la Universidad de Barcelona. La obra, que bien podr\u00eda hacer las veces de un aut\u00e9ntico manual, supone no s\u00f3lo una considerable y necesaria puesta al d\u00eda de los grupos de inter\u00e9s en Espa\u00f1a desde la disciplina politol\u00f3gica, sino la ampliaci\u00f3n del an\u00e1lisis a un mayor n\u00famero de grupos que se han visibilizado en los \u00faltimos a\u00f1os, algunos abordados como tales por primera vez, como los grupos de inter\u00e9s de las confesiones religiosas con notorio arraigo o los interesados en la pol\u00edtica agroalimentaria. Todo ello, adem\u00e1s, con el valor a\u00f1adido de abarcar el actual periodo de crisis multidimensional en Espa\u00f1a.<\/p>\n<p>&nbsp;<\/p>\n<\/div>\n","protected":false},"excerpt":{"rendered":"<p>La Universidad Pablo de Olavide ha acogido hoy mi\u00e9rcoles la presentaci\u00f3n de tres libros en los que se analiza la pol\u00edtica en Espa\u00f1a desde la Transici\u00f3n democr\u00e1tica a la situaci\u00f3n actual. El acto, organizado por el \u00c1rea de Ciencia Pol\u00edtica y de la Administraci\u00f3n de esta universidad, ha sido presidido por Antonio Herrera Gonz\u00e1lez de Molina, vicerrector de Estudiantes de la UPO, y ha contado con las intervenciones de los autores de estas tres obras, Francisco Llera, Jos\u00e9 Francisco Jim\u00e9nez D\u00edaz y Santiago Delgado Fern\u00e1ndez, y Joaqu\u00edn Molins e Iv\u00e1n Medina.<\/p>\n","protected":false},"author":2,"featured_media":0,"comment_status":"closed","ping_status":"open","sticky":false,"template":"","format":"standard","meta":{"_monsterinsights_skip_tracking":false,"_monsterinsights_sitenote_active":false,"_monsterinsights_sitenote_note":"","_monsterinsights_sitenote_category":0,"footnotes":""},"categories":[77],"tags":[744,285,333,76,1328,334,3338],"class_list":["post-13233832","post","type-post","status-publish","format-standard","hentry","category-libros","tag-democracia","tag-espana","tag-libro","tag-politica","tag-politicos","tag-presentacion","tag-transicion"],"_links":{"self":[{"href":"https:\/\/www.upo.es\/diario\/wp-json\/wp\/v2\/posts\/13233832","targetHints":{"allow":["GET"]}}],"collection":[{"href":"https:\/\/www.upo.es\/diario\/wp-json\/wp\/v2\/posts"}],"about":[{"href":"https:\/\/www.upo.es\/diario\/wp-json\/wp\/v2\/types\/post"}],"author":[{"embeddable":true,"href":"https:\/\/www.upo.es\/diario\/wp-json\/wp\/v2\/users\/2"}],"replies":[{"embeddable":true,"href":"https:\/\/www.upo.es\/diario\/wp-json\/wp\/v2\/comments?post=13233832"}],"version-history":[{"count":1,"href":"https:\/\/www.upo.es\/diario\/wp-json\/wp\/v2\/posts\/13233832\/revisions"}],"predecessor-version":[{"id":13233834,"href":"https:\/\/www.upo.es\/diario\/wp-json\/wp\/v2\/posts\/13233832\/revisions\/13233834"}],"wp:attachment":[{"href":"https:\/\/www.upo.es\/diario\/wp-json\/wp\/v2\/media?parent=13233832"}],"wp:term":[{"taxonomy":"category","embeddable":true,"href":"https:\/\/www.upo.es\/diario\/wp-json\/wp\/v2\/categories?post=13233832"},{"taxonomy":"post_tag","embeddable":true,"href":"https:\/\/www.upo.es\/diario\/wp-json\/wp\/v2\/tags?post=13233832"}],"curies":[{"name":"wp","href":"https:\/\/api.w.org\/{rel}","templated":true}]}}