{"id":13248866,"date":"2016-05-05T12:28:55","date_gmt":"2016-05-05T12:28:55","guid":{"rendered":"https:\/\/www.upo.es\/diario\/?p=13248866"},"modified":"2016-05-12T07:58:19","modified_gmt":"2016-05-12T07:58:19","slug":"decimocuarta-edicion-de-los-cursos-de-verano-de-la-universidad-pablo-de-olavide-en-su-sede-de-carmona","status":"publish","type":"post","link":"https:\/\/www.upo.es\/diario\/institucional\/2016\/05\/decimocuarta-edicion-de-los-cursos-de-verano-de-la-universidad-pablo-de-olavide-en-su-sede-de-carmona\/","title":{"rendered":"Decimocuarta edici\u00f3n de los Cursos de Verano de la Universidad Pablo de Olavide en su sede de Carmona"},"content":{"rendered":"<figure id=\"attachment_13248867\" aria-describedby=\"caption-attachment-13248867\" style=\"width: 600px\" class=\"wp-caption aligncenter\"><a href=\"https:\/\/www.upo.es\/diario\/wp-content\/uploads\/2016\/05\/cuve16.jpg\"><img loading=\"lazy\" decoding=\"async\" class=\"size-large wp-image-13248867\" alt=\"En la imagen, de izq. a dcha., el vicerrector de Postgrado y Formaci\u00f3n Permanente de la UPO, Miguel \u00c1ngel Gual Font; Luis Miguel Pons, Juan \u00c1vila, el rector Vicente Guzm\u00e1n, Fernando Rodr\u00edguez Villalobos y Amparo Rubiales \" src=\"https:\/\/www.upo.es\/diario\/wp-content\/uploads\/2016\/05\/cuve16-600x401.jpg\" width=\"600\" height=\"401\" srcset=\"https:\/\/www.upo.es\/diario\/wp-content\/uploads\/2016\/05\/cuve16-600x401.jpg 600w, https:\/\/www.upo.es\/diario\/wp-content\/uploads\/2016\/05\/cuve16-320x214.jpg 320w, https:\/\/www.upo.es\/diario\/wp-content\/uploads\/2016\/05\/cuve16.jpg 1900w\" sizes=\"auto, (max-width: 600px) 100vw, 600px\" \/><\/a><figcaption id=\"caption-attachment-13248867\" class=\"wp-caption-text\">Desde la izquierda: Miguel \u00c1ngel Gual Font; Luis Miguel Pons, Juan \u00c1vila, el rector Vicente Guzm\u00e1n, Fernando Rodr\u00edguez Villalobos y Amparo Rubiales<\/figcaption><\/figure>\n<p>Los Cursos de Verano de la Universidad Pablo de Olavide se celebrar\u00e1n nuevamente en su decimocuarta edici\u00f3n en la sede de Carmona, <strong>del 4 de julio al 26 de agosto, organizados por la UPO en colaboraci\u00f3n con el Ayuntamiento<\/strong> de esta ciudad. La Casa Palacio de Los Briones, sede permanente de la Universidad Pablo de Olavide en Carmona, acoger\u00e1 por decimocuarto a\u00f1o consecutivo un total de 41 cursos de verano.<\/p>\n<p>En los Cursos de Verano de la UPO en Carmona se abordar\u00e1n, entre otros, temas diversos, como el terrorismo yihadista; la igualdad de g\u00e9nero; el cine y la memoria hist\u00f3rica, la reforma constitucional, el periodismo de investigaci\u00f3n, la inteligencia emocional, los vinos de Andaluc\u00eda, el flamenco y las Bellas Artes, la salud en el embarazo y la lactancia o la convivencia escolar, en los que participar\u00e1n diferentes especialistas nacionales e internacionales.<\/p>\n<p>El rector de la Universidad Pablo de Olavide, Vicente Guzm\u00e1n Fluja, ha presidido el acto de presentaci\u00f3n de estos seminarios, acompa\u00f1ado por el presidente de la Diputaci\u00f3n de Sevilla, Fernando Rodr\u00edguez Villalobos; el director de Acci\u00f3n Social y Emprendedores de la Fundaci\u00f3n Cajasol, Luis Miguel Pons Moriche; la presidenta del Consejo Social de la UPO, Amparo Rubiales Torrej\u00f3n y el alcalde de Carmona, Juan \u00c1vila Guti\u00e9rrez, quienes han coincidido en destacar la actualidad de los temas objeto de los cursos de este pr\u00f3ximo verano y la relevancia de los ponentes que intervendr\u00e1n en los mismos.<\/p>\n<p>Asimismo, en dicho evento han participado el vicerrector de Postgrado y Formaci\u00f3n Permanente de la UPO, Miguel \u00c1ngel Gual Font y el director de la Sede Olavide en Carmona\u2013Rectora Rosario Valpuesta, Francisco Hidalgo Rosendo.<\/p>\n<p>Durante el acto,<strong> el rector ha asegurado que la filosof\u00eda de los cursos gira en torno a tres grandes ejes: conocimiento abierto, accesible, y transmisi\u00f3n de valores.<\/strong> Seg\u00fan ha explicado, los temas de estos cursos permiten abordar materias que no se imparten con car\u00e1cter reglado en la universidad, que adem\u00e1s son temas de inter\u00e9s para la ciudadan\u00eda. \u201cPor todo ello, los cursos de verano constituyen una oferta formativa seria, rigurosa y de calidad que contribuye a que la universidad llegue a mayor n\u00famero de personas\u201d.<\/p>\n<p>Por su parte,<strong> el presidente de la Diputaci\u00f3n ha afirmado que \u201cdecir UPO en verano es decir Carmona<\/strong>, porque all\u00ed la Olavide est\u00e1 en permanente simbiosis. Y desde la entidad que presido no podemos dejar de apoyar esta oferta formativa, que ser\u00e1 caldo de cultivo para traer riqueza y prosperidad a la provincia de Sevilla\u201d.<\/p>\n<p>Asimismo, <strong>el alcalde de Carmona ha resaltado la importancia de la ciudad en este proyecto universitario<\/strong>, al tiempo que ha agradecido a los carmonenses que hayan sabido entender, a\u00f1o tras a\u00f1o, que la cultura es un motor de desarrollo y promoci\u00f3n de la ciudad, valorando esta apuesta como una inversi\u00f3n para que la Olavide siga creciendo en Carmona.<\/p>\n<p>La presidenta del Consejo Social de la UPO ha destacado el ambiente, la preparaci\u00f3n, el trabajo y el entusiasmo que Olavide en Carmona proyecta en sus cursos de verano, que se han consolidado a\u00f1o tras a\u00f1o y que son ya un referente fundamental para la vida universitaria sevillana y andaluza\u201c.<\/p>\n<p>Por \u00faltimo, el director de Acci\u00f3n Social y Emprendedores de la Fundaci\u00f3n Cajasol ha comentado que esta entidad ha colaborado con los cursos de verano desde sus inicios, hace ya 14 a\u00f1os, y ha transmitido en nombre del presidente que \u201cvamos a seguir apoyando actividades educativas como \u00e9sta que revierten en beneficio de la sociedad\u201d.<\/p>\n<p>En esta nueva edici\u00f3n de los cursos,<strong> los seminarios se celebrar\u00e1n en el mes de julio, mientras que a lo largo del mes de agosto se llevar\u00e1 a cabo en Carmona un curso pr\u00e1ctico destinado a realizar pr\u00e1cticas arqueol\u00f3gicas de campo<\/strong>. Adem\u00e1s de los tradicionales cursos de cinco d\u00edas, en esta edici\u00f3n se ha vuelto a apostar por la inclusi\u00f3n en el programa estival de seminarios de tres y dos d\u00edas, dirigidos sobre todo al reciclaje de profesionales con el fin de que puedan compaginar la formaci\u00f3n con su actividad laboral.<\/p>\n<p>Adem\u00e1s, es destacable que por tercer a\u00f1o consecutivo se ha vuelto a incluir en la programaci\u00f3n estival dos cursos de verano coordinados por el Centro Adscrito San Isidoro (CEADE) en virtud al convenio suscrito entre la Universidad Pablo de Olavide y esta instituci\u00f3n: \u201cModa y comunicaci\u00f3n: promoci\u00f3n, estilismo y tendencias de dise\u00f1o actual\u201d y \u201cEntrenamiento y preparaci\u00f3n integral del futbolista\u201d.<\/p>\n<p><strong>El plazo de matr\u00edcula para inscribirse en los Cursos de Verano 2016 de la Universidad Pablo de Olavide se encuentra ya abierto y estar\u00e1 disponible hasta siete d\u00edas naturales antes de la celebraci\u00f3n de cada curso, siempre que queden plazas disponibles<\/strong>, y los estudiantes que as\u00ed lo quieran podr\u00e1n realizar su matr\u00edcula a trav\u00e9s de Internet a trav\u00e9s de la web <a href=\"file:\/\/\/G:\/AppData\/Local\/Temp\/www.upo.es\/olavideencarmona\">www.upo.es\/olavideencarmona<\/a>. En cada curso se reserva un 10 por ciento para estudiantes becados.<\/p>\n<p>Estos cursos pueden ser convalidados como cr\u00e9ditos de libre configuraci\u00f3n y\/o obtener el reconocimiento de eurocr\u00e9ditos por los estudiantes de todas las universidades p\u00fablicas andaluzas y centros concertados de la UNED. Asimismo, los Cursos de Verano de la UPO se desarrollan con la colaboraci\u00f3n de la Consejer\u00eda de Educaci\u00f3n de la Junta de Andaluc\u00eda, con lo cual sirven de m\u00e9rito para los profesores que as\u00ed lo requieran.<\/p>\n<p>Los cursos de verano de este a\u00f1o ofrecen un programa multidisciplinar en el que participar\u00e1n m\u00e1s de 300 ponentes y conferenciantes. Adem\u00e1s, se espera la participaci\u00f3n de cerca de 800 estudiantes.<\/p>\n<p><b>Ponentes<\/b><\/p>\n<p>Con respecto a los ponentes, hay que destacar la presencia en los Cursos de Verano de la UPO de la dise\u00f1adora de moda \u00c1gatha Ruiz de la Prada; de las escritoras Almudena Grandes y Laura Freixas; del director de cine Benito Zambrano; de la periodista y presidenta de la Fundaci\u00f3n Jos\u00e9 Saramago Pilar del R\u00edo, as\u00ed como tambi\u00e9n de la periodista de la cadena SER Pepa Bueno.<\/p>\n<p>Tambi\u00e9n participar\u00e1n otros periodistas como Javier Espinosa, corresponsal de guerra, o Rafael Rodr\u00edguez, presidente de la Asociaci\u00f3n de la Prensa de Sevilla; el guitarrista Manolo Sanl\u00facar; Alberto Rodr\u00edguez Iglesias, director de Cine-Lz Producciones; Roberto Diz, dise\u00f1ador de moda; Pepe Da Rosa, director y presentador del programa \u201cLa Calle de Enmedio\u201d de Canal Sur Radio, o Gin\u00e9s Mel\u00e9ndez Sotos, director de la Escuela Nacional de Entrenadores de la Real Federaci\u00f3n Espa\u00f1ola de F\u00fatbol.<\/p>\n<p>Pablo Ruz, ex juez de la Audiencia Nacional, tambi\u00e9n participar\u00e1 en los Cursos de Verano de Olavide en Carmona, as\u00ed como \u00c1ngel Sanz Coronado, jefe del \u00c1rea de Inteligencia Contraterrorista del Centro de Inteligencia contra el Terrorismo y el Crimen Organizado (CITCO); Joaqu\u00edn Castell\u00f3n Moreno, director operativo del Departamento de Seguridad Nacional del Ministerio de la Presidencia; Carmen Alborch, pol\u00edtica y escritora, o el te\u00f3logo Juan Jos\u00e9 Tamayo.<\/p>\n<p>Destaca adem\u00e1s la participaci\u00f3n del analista pol\u00edtico Javier Aroca y el catedr\u00e1tico de Econom\u00eda Aplicada de la Universidad de Sevilla, Juan Torres L\u00f3pez. Adem\u00e1s, son varios los consejeros del Gobierno andaluz que pasar\u00e1n por las aulas de la UPO en Carmona, como Antonio Ram\u00edrez de Arellano, consejero de Econom\u00eda y Conocimiento; Mar\u00eda Jos\u00e9 S\u00e1nchez\u00a0 Rubio, consejera de Igualdad y Pol\u00edticas Sociales; Emilio de Llera Su\u00e1rez-B\u00e1rcena, consejero de Justicia e Interior, y Jos\u00e9 Fiscal L\u00f3pez, consejero de Medio Ambiente y Ordenaci\u00f3n del Territorio.<\/p>\n<p>Esta nueva edici\u00f3n de los Cursos de Verano de la Universidad Pablo de Olavide cuenta con la colaboraci\u00f3n de 73 entidades p\u00fablicas y privadas.<\/p>\n<p>M\u00e1s informaci\u00f3n en <a href=\"http:\/\/www.upo.es\/olavideencarmona\/cursos_de_verano\/\">www.upo.es\/olavideencarmona\/cursos_de_verano\/<\/a><\/p>\n<p>&nbsp;<\/p>\n","protected":false},"excerpt":{"rendered":"<p>Los Cursos de Verano de la Universidad Pablo de Olavide se celebrar\u00e1n nuevamente en su decimocuarta edici\u00f3n en la sede de Carmona, del 4 de julio al 26 de agosto, organizados por la UPO en colaboraci\u00f3n con el Ayuntamiento de esta ciudad. La Casa Palacio de Los Briones, sede permanente de la Universidad Pablo de Olavide en Carmona, acoger\u00e1 por decimocuarto a\u00f1o consecutivo un total de 41 cursos de verano. <\/p>\n","protected":false},"author":6,"featured_media":0,"comment_status":"closed","ping_status":"open","sticky":false,"template":"","format":"standard","meta":{"_monsterinsights_skip_tracking":false,"_monsterinsights_sitenote_active":false,"_monsterinsights_sitenote_note":"","_monsterinsights_sitenote_category":0,"footnotes":""},"categories":[6],"tags":[645,23,22,327,509,328,2078,47,519,334,38,106],"class_list":["post-13248866","post","type-post","status-publish","format-standard","hentry","category-institucional","tag-ayuntamientos","tag-carmona","tag-cursos-de-verano","tag-diputacion","tag-formacion","tag-formacion-permanente","tag-fundacion-cajasol","tag-fundaciones","tag-olavide-en-carmona","tag-presentacion","tag-rector","tag-vicente-c-guzman"],"_links":{"self":[{"href":"https:\/\/www.upo.es\/diario\/wp-json\/wp\/v2\/posts\/13248866","targetHints":{"allow":["GET"]}}],"collection":[{"href":"https:\/\/www.upo.es\/diario\/wp-json\/wp\/v2\/posts"}],"about":[{"href":"https:\/\/www.upo.es\/diario\/wp-json\/wp\/v2\/types\/post"}],"author":[{"embeddable":true,"href":"https:\/\/www.upo.es\/diario\/wp-json\/wp\/v2\/users\/6"}],"replies":[{"embeddable":true,"href":"https:\/\/www.upo.es\/diario\/wp-json\/wp\/v2\/comments?post=13248866"}],"version-history":[{"count":3,"href":"https:\/\/www.upo.es\/diario\/wp-json\/wp\/v2\/posts\/13248866\/revisions"}],"predecessor-version":[{"id":13248869,"href":"https:\/\/www.upo.es\/diario\/wp-json\/wp\/v2\/posts\/13248866\/revisions\/13248869"}],"wp:attachment":[{"href":"https:\/\/www.upo.es\/diario\/wp-json\/wp\/v2\/media?parent=13248866"}],"wp:term":[{"taxonomy":"category","embeddable":true,"href":"https:\/\/www.upo.es\/diario\/wp-json\/wp\/v2\/categories?post=13248866"},{"taxonomy":"post_tag","embeddable":true,"href":"https:\/\/www.upo.es\/diario\/wp-json\/wp\/v2\/tags?post=13248866"}],"curies":[{"name":"wp","href":"https:\/\/api.w.org\/{rel}","templated":true}]}}