{"id":13263709,"date":"2016-05-06T10:05:22","date_gmt":"2016-05-06T10:05:22","guid":{"rendered":"https:\/\/www.upo.es\/diario\/?p=13263709"},"modified":"2016-05-06T12:09:33","modified_gmt":"2016-05-06T12:09:33","slug":"encuentro-entre-el-consul-honorario-de-el-salvador-y-el-rector-de-la-universidad-pablo-de-olavide","status":"publish","type":"post","link":"https:\/\/www.upo.es\/diario\/institucional\/2016\/05\/encuentro-entre-el-consul-honorario-de-el-salvador-y-el-rector-de-la-universidad-pablo-de-olavide\/","title":{"rendered":"Encuentro entre el c\u00f3nsul honorario de El Salvador y el rector de la Universidad Pablo de Olavide"},"content":{"rendered":"<figure id=\"attachment_13263710\" aria-describedby=\"caption-attachment-13263710\" style=\"width: 600px\" class=\"wp-caption aligncenter\"><a href=\"https:\/\/www.upo.es\/diario\/wp-content\/uploads\/2016\/05\/Consul-El-Salvador-UPO_01.jpg\"><img loading=\"lazy\" decoding=\"async\" class=\"size-large wp-image-13263710\" alt=\"Ignacio de Coss\u00edo (i) junto al rector Vicente Guzm\u00e1n\" src=\"https:\/\/www.upo.es\/diario\/wp-content\/uploads\/2016\/05\/Consul-El-Salvador-UPO_01-600x400.jpg\" width=\"600\" height=\"400\" srcset=\"https:\/\/www.upo.es\/diario\/wp-content\/uploads\/2016\/05\/Consul-El-Salvador-UPO_01-600x400.jpg 600w, https:\/\/www.upo.es\/diario\/wp-content\/uploads\/2016\/05\/Consul-El-Salvador-UPO_01-320x213.jpg 320w\" sizes=\"auto, (max-width: 600px) 100vw, 600px\" \/><\/a><figcaption id=\"caption-attachment-13263710\" class=\"wp-caption-text\">Ignacio de Coss\u00edo (i) junto al rector Vicente Guzm\u00e1n<\/figcaption><\/figure>\n<p>La Universidad Pablo de Olavide ha acogido el<strong> encuentro entre el c\u00f3nsul honorario de la Rep\u00fablica de El Salvador en Sevilla con jurisdicci\u00f3n para Andaluc\u00eda, Ignacio de Coss\u00edo, y el rector de la UPO, Vicente Guzm\u00e1n Fluja<\/strong>.<\/p>\n<p>En este encuentro institucional, ambos representantes institucionales han abordado el desarrollo de acciones conjuntas en materia de formaci\u00f3n y de investigaci\u00f3n y el estrechamiento de los v\u00ednculos acad\u00e9micos entre las universidades e instituciones salvadore\u00f1as y la Universidad Pablo de Olavide, de Sevilla.<\/p>\n","protected":false},"excerpt":{"rendered":"<p>La Universidad Pablo de Olavide ha acogido el encuentro entre el c\u00f3nsul honorario de la Rep\u00fablica de El Salvador en Sevilla con jurisdicci\u00f3n para Andaluc\u00eda, Ignacio de Coss\u00edo, y el rector de la UPO, Vicente Guzm\u00e1n Fluja. <\/p>\n","protected":false},"author":6,"featured_media":0,"comment_status":"closed","ping_status":"open","sticky":false,"template":"","format":"standard","meta":{"_monsterinsights_skip_tracking":false,"_monsterinsights_sitenote_active":false,"_monsterinsights_sitenote_note":"","_monsterinsights_sitenote_category":0,"footnotes":""},"categories":[6],"tags":[2832,202],"class_list":["post-13263709","post","type-post","status-publish","format-standard","hentry","category-institucional","tag-consules","tag-encuentro-institucional"],"_links":{"self":[{"href":"https:\/\/www.upo.es\/diario\/wp-json\/wp\/v2\/posts\/13263709","targetHints":{"allow":["GET"]}}],"collection":[{"href":"https:\/\/www.upo.es\/diario\/wp-json\/wp\/v2\/posts"}],"about":[{"href":"https:\/\/www.upo.es\/diario\/wp-json\/wp\/v2\/types\/post"}],"author":[{"embeddable":true,"href":"https:\/\/www.upo.es\/diario\/wp-json\/wp\/v2\/users\/6"}],"replies":[{"embeddable":true,"href":"https:\/\/www.upo.es\/diario\/wp-json\/wp\/v2\/comments?post=13263709"}],"version-history":[{"count":6,"href":"https:\/\/www.upo.es\/diario\/wp-json\/wp\/v2\/posts\/13263709\/revisions"}],"predecessor-version":[{"id":13263715,"href":"https:\/\/www.upo.es\/diario\/wp-json\/wp\/v2\/posts\/13263709\/revisions\/13263715"}],"wp:attachment":[{"href":"https:\/\/www.upo.es\/diario\/wp-json\/wp\/v2\/media?parent=13263709"}],"wp:term":[{"taxonomy":"category","embeddable":true,"href":"https:\/\/www.upo.es\/diario\/wp-json\/wp\/v2\/categories?post=13263709"},{"taxonomy":"post_tag","embeddable":true,"href":"https:\/\/www.upo.es\/diario\/wp-json\/wp\/v2\/tags?post=13263709"}],"curies":[{"name":"wp","href":"https:\/\/api.w.org\/{rel}","templated":true}]}}