{"id":13323887,"date":"2016-05-12T05:49:41","date_gmt":"2016-05-12T05:49:41","guid":{"rendered":"https:\/\/www.upo.es\/diario\/?p=13323887"},"modified":"2016-05-12T07:55:53","modified_gmt":"2016-05-12T07:55:53","slug":"manana-presentacion-de-un-estudio-sobre-la-incorporacion-de-la-mujer-andaluza-a-los-ambitos-educativo-y-laboral","status":"publish","type":"post","link":"https:\/\/www.upo.es\/diario\/institucional\/2016\/05\/manana-presentacion-de-un-estudio-sobre-la-incorporacion-de-la-mujer-andaluza-a-los-ambitos-educativo-y-laboral\/","title":{"rendered":"Presentaci\u00f3n de un estudio sobre la incorporaci\u00f3n de la mujer andaluza a los \u00e1mbitos educativo y laboral"},"content":{"rendered":"<figure id=\"attachment_13351729\" aria-describedby=\"caption-attachment-13351729\" style=\"width: 600px\" class=\"wp-caption aligncenter\"><a href=\"https:\/\/www.upo.es\/diario\/wp-content\/uploads\/2016\/05\/IMG_20160511_194701-2.jpg\"><img loading=\"lazy\" decoding=\"async\" class=\"size-large wp-image-13351729\" alt=\"El trabajo de investigaci\u00f3n ha sido elaborado por los estudiantes de la asignatura \u201cTeor\u00eda Pol\u00edtica de G\u00e9nero\u201d de la UPO.\" src=\"https:\/\/www.upo.es\/diario\/wp-content\/uploads\/2016\/05\/IMG_20160511_194701-2-600x362.jpg\" width=\"600\" height=\"362\" srcset=\"https:\/\/www.upo.es\/diario\/wp-content\/uploads\/2016\/05\/IMG_20160511_194701-2-600x362.jpg 600w, https:\/\/www.upo.es\/diario\/wp-content\/uploads\/2016\/05\/IMG_20160511_194701-2-320x193.jpg 320w\" sizes=\"auto, (max-width: 600px) 100vw, 600px\" \/><\/a><figcaption id=\"caption-attachment-13351729\" class=\"wp-caption-text\">El alcalde de Sevilla, acompa\u00f1ado por la vicerrectora de Relaciones Institucionales y Comunicaci\u00f3n, asisti\u00f3 a la presentaci\u00f3n del trabajo de investigaci\u00f3n elaborado por los estudiantes.<\/figcaption><\/figure>\n<p>Ayer mi\u00e9rcoles, 11 de mayo, se present\u00f3 en la Universidad Pablo de Olavide el estudio <b>\u201cEvoluci\u00f3n geneal\u00f3gica de la incorporaci\u00f3n de la mujer andaluza a los \u00e1mbitos educativo y laboral\u201d<\/b>, a cargo de los estudiantes de la asignatura \u201cTeor\u00eda Pol\u00edtica de G\u00e9nero\u201d de la Facultad de Derecho de esta universidad, quienes han elaborado dicho trabajo de investigaci\u00f3n.<\/p>\n<figure id=\"attachment_13351730\" aria-describedby=\"caption-attachment-13351730\" style=\"width: 320px\" class=\"wp-caption alignright\"><a href=\"https:\/\/www.upo.es\/diario\/wp-content\/uploads\/2016\/05\/20160511_182014.jpg\"><img loading=\"lazy\" decoding=\"async\" class=\"size-medium wp-image-13351730\" alt=\"La decana de la Facultad de Derecho present\u00f3 el acto.\" src=\"https:\/\/www.upo.es\/diario\/wp-content\/uploads\/2016\/05\/20160511_182014-320x180.jpg\" width=\"320\" height=\"180\" srcset=\"https:\/\/www.upo.es\/diario\/wp-content\/uploads\/2016\/05\/20160511_182014-320x180.jpg 320w, https:\/\/www.upo.es\/diario\/wp-content\/uploads\/2016\/05\/20160511_182014-600x337.jpg 600w\" sizes=\"auto, (max-width: 320px) 100vw, 320px\" \/><\/a><figcaption id=\"caption-attachment-13351730\" class=\"wp-caption-text\">La decana de la Facultad de Derecho present\u00f3 el acto.<\/figcaption><\/figure>\n<p>La decana de la Facultad de Derecho, Mar\u00eda Serrano Fern\u00e1ndez, fue la encargada de abrir el acto, mientras que \u00e9ste fue clausurado por el alcalde de Sevilla, Juan Espadas. La presentaci\u00f3n de este estudio tambi\u00e9n cont\u00f3 con la intervenci\u00f3n de Mar\u00eda de los \u00c1ngeles Sep\u00falveda Garc\u00eda de la Torre, directora general de Violencia de G\u00e9nero, y Amparo D\u00edaz Ramos, abogada y coordinadora del Turno de Oficio contra la Trata y la Explotaci\u00f3n Sexual, quien ofreci\u00f3 la ponencia \u201cCreemos un Estado en el que la igualdad sea el motor\u201d.<\/p>\n<p>El trabajo de investigaci\u00f3n, ideado por la estudiante Alejandra Cosgaya y coordinado por el profesor Rafael Rodr\u00edguez Prieto, ha consistido en la realizaci\u00f3n de \u00e1rboles geneal\u00f3gicos de familias del alumnado, en los que se han podido apreciar cuestiones como el acceso de las mujeres a la educaci\u00f3n, el impacto sobre las mujeres de una vida rural o urbana o la evoluci\u00f3n de la concienciaci\u00f3n pol\u00edtica de las mismas. Tambi\u00e9n se ha reflexionado sobre el trabajo de las mujeres y su impacto en la sociedad. Esta investigaci\u00f3n ha implicado la realizaci\u00f3n de entrevistas a mujeres de diferentes generaciones.<\/p>\n","protected":false},"excerpt":{"rendered":"<p>Ayer mi\u00e9rcoles, 11 de mayo, se present\u00f3 en la Universidad Pablo de Olavide el estudio \u201cEvoluci\u00f3n geneal\u00f3gica de la incorporaci\u00f3n de la mujer andaluza a los \u00e1mbitos educativo y laboral\u201d, a cargo de los estudiantes de la asignatura \u201cTeor\u00eda Pol\u00edtica de G\u00e9nero\u201d de la Facultad de Derecho de esta universidad, quienes han elaborado dicho trabajo de investigaci\u00f3n.<\/p>\n","protected":false},"author":2,"featured_media":0,"comment_status":"closed","ping_status":"open","sticky":false,"template":"","format":"standard","meta":{"_monsterinsights_skip_tracking":false,"_monsterinsights_sitenote_active":false,"_monsterinsights_sitenote_note":"","_monsterinsights_sitenote_category":0,"footnotes":""},"categories":[6],"tags":[465,3308,233,334,437],"class_list":["post-13323887","post","type-post","status-publish","format-standard","hentry","category-institucional","tag-educacion","tag-estudios","tag-mujer","tag-presentacion","tag-trabajo"],"_links":{"self":[{"href":"https:\/\/www.upo.es\/diario\/wp-json\/wp\/v2\/posts\/13323887","targetHints":{"allow":["GET"]}}],"collection":[{"href":"https:\/\/www.upo.es\/diario\/wp-json\/wp\/v2\/posts"}],"about":[{"href":"https:\/\/www.upo.es\/diario\/wp-json\/wp\/v2\/types\/post"}],"author":[{"embeddable":true,"href":"https:\/\/www.upo.es\/diario\/wp-json\/wp\/v2\/users\/2"}],"replies":[{"embeddable":true,"href":"https:\/\/www.upo.es\/diario\/wp-json\/wp\/v2\/comments?post=13323887"}],"version-history":[{"count":9,"href":"https:\/\/www.upo.es\/diario\/wp-json\/wp\/v2\/posts\/13323887\/revisions"}],"predecessor-version":[{"id":13323890,"href":"https:\/\/www.upo.es\/diario\/wp-json\/wp\/v2\/posts\/13323887\/revisions\/13323890"}],"wp:attachment":[{"href":"https:\/\/www.upo.es\/diario\/wp-json\/wp\/v2\/media?parent=13323887"}],"wp:term":[{"taxonomy":"category","embeddable":true,"href":"https:\/\/www.upo.es\/diario\/wp-json\/wp\/v2\/categories?post=13323887"},{"taxonomy":"post_tag","embeddable":true,"href":"https:\/\/www.upo.es\/diario\/wp-json\/wp\/v2\/tags?post=13323887"}],"curies":[{"name":"wp","href":"https:\/\/api.w.org\/{rel}","templated":true}]}}