{"id":13338273,"date":"2016-05-11T10:51:24","date_gmt":"2016-05-11T10:51:24","guid":{"rendered":"https:\/\/www.upo.es\/diario\/?p=13338273"},"modified":"2016-05-11T11:46:42","modified_gmt":"2016-05-11T11:46:42","slug":"ceremonia-de-egresados-del-doble-grado-en-relaciones-laborales-y-derecho-y-grado-en-relaciones-laborales","status":"publish","type":"post","link":"https:\/\/www.upo.es\/diario\/institucional\/2016\/05\/ceremonia-de-egresados-del-doble-grado-en-relaciones-laborales-y-derecho-y-grado-en-relaciones-laborales\/","title":{"rendered":"Ceremonia de Egresados del doble grado en Relaciones Laborales y Derecho y grado en Relaciones Laborales"},"content":{"rendered":"<figure id=\"attachment_13338608\" aria-describedby=\"caption-attachment-13338608\" style=\"width: 600px\" class=\"wp-caption aligncenter\"><a href=\"https:\/\/www.upo.es\/diario\/wp-content\/uploads\/2016\/05\/DSC5235.jpg\"><img loading=\"lazy\" decoding=\"async\" class=\"size-large wp-image-13338608\" alt=\"La primera promoci\u00f3n del doble grado en Relaciones Laborales y Recursos Humanos y Derecho (2011-2017) y  la cuarta promoci\u00f3n (2012-2016) del grado en Relaciones Laborales y Recursos Humanos.\" src=\"https:\/\/www.upo.es\/diario\/wp-content\/uploads\/2016\/05\/DSC5235-600x309.jpg\" width=\"600\" height=\"309\" srcset=\"https:\/\/www.upo.es\/diario\/wp-content\/uploads\/2016\/05\/DSC5235-600x309.jpg 600w, https:\/\/www.upo.es\/diario\/wp-content\/uploads\/2016\/05\/DSC5235-320x165.jpg 320w\" sizes=\"auto, (max-width: 600px) 100vw, 600px\" \/><\/a><figcaption id=\"caption-attachment-13338608\" class=\"wp-caption-text\">La primera promoci\u00f3n del doble grado en Relaciones Laborales y Recursos Humanos y Derecho (2011-2017) y la cuarta promoci\u00f3n (2012-2016) del grado en Relaciones Laborales y Recursos Humanos.<\/figcaption><\/figure>\n<p style=\"text-align: justify;\">La ceremonia de egresados de la primera promoci\u00f3n del doble grado en Relaciones Laborales y Recursos Humanos y Derecho (2011-2017) y de la cuarta promoci\u00f3n (2012-2016) del grado en Relaciones Laborales y Recursos Humanos se celebr\u00f3 ayer martes en la Universidad Pablo de Olavide, presidida por la decana de la Facultad de Derecho de la UPO, Mar\u00eda Serrano Fern\u00e1ndez.<\/p>\n<figure id=\"attachment_13338895\" aria-describedby=\"caption-attachment-13338895\" style=\"width: 320px\" class=\"wp-caption alignright\"><a href=\"https:\/\/www.upo.es\/diario\/wp-content\/uploads\/2016\/05\/DSC7971.jpg\"><img loading=\"lazy\" decoding=\"async\" class=\"size-medium wp-image-13338895\" alt=\"Lospadrinos de las promociones han sido Mar\u00eda de las Nieves Rico M\u00e1rquez, magistrada-juez del Juzgado de lo Social n\u00ba 4 de Sevilla, y Rafael Hidalgo Romero, presidente del Colegio Oficial de Graduados Sociales de Sevilla.\" src=\"https:\/\/www.upo.es\/diario\/wp-content\/uploads\/2016\/05\/DSC7971-320x212.jpg\" width=\"320\" height=\"212\" srcset=\"https:\/\/www.upo.es\/diario\/wp-content\/uploads\/2016\/05\/DSC7971-320x212.jpg 320w, https:\/\/www.upo.es\/diario\/wp-content\/uploads\/2016\/05\/DSC7971-600x398.jpg 600w\" sizes=\"auto, (max-width: 320px) 100vw, 320px\" \/><\/a><figcaption id=\"caption-attachment-13338895\" class=\"wp-caption-text\">Los padrinos de las promociones han sido Mar\u00eda de las Nieves Rico M\u00e1rquez, magistrada-juez del Juzgado de lo Social n\u00ba 4 de Sevilla, y Rafael Hidalgo Romero, presidente del Colegio Oficial de Graduados Sociales de Sevilla.<\/figcaption><\/figure>\n<p style=\"text-align: justify;\">La madrina de la promoci\u00f3n del doble grado en Relaciones Laborales y Recursos Humanos y Derecho fue Mar\u00eda de las Nieves Rico M\u00e1rquez, magistrada-juez del Juzgado de lo Social n\u00ba 4 de Sevilla, y el padrino de la promoci\u00f3n del grado en Relaciones Laborales y Recursos Humanos fue Rafael Hidalgo Romero, presidente del Colegio Oficial de Graduados Sociales de Sevilla. A la ceremonia asistieron tambi\u00e9n Viviana Caruso Font\u00e1n, vicedecana de Calidad y Nuevas Tecnolog\u00edas, y C\u00e9sar Hornero M\u00e9ndez, director acad\u00e9mico del grado en Relaciones Laborales y Recursos Humanos de la UPO. Los representantes de los estudiantes fueron \u00a0Santiago Mart\u00edn Caballero y Ana Moreno Verdugo del doble grado en Relaciones Laborales y Recursos Humanos y Derecho, y M\u00aa Carmen Tirado Alonso, Sara Trillo Caro y Francisco Delgado Dom\u00ednguez del grado en Relaciones Laborales y Recursos Humanos.<\/p>\n<p style=\"text-align: justify;\">Un total de 73 egresados \u2013 8 del doble grado en Relaciones Laborales y Recursos Humanos y Derecho y 65 del grado en Relaciones Laborales y Recursos Humanos- asistieron junto a sus familiares a este acto con el que la Universidad Pablo de Olavide recupera una antigua tradici\u00f3n de las universidades europeas.<\/p>\n","protected":false},"excerpt":{"rendered":"<p>La ceremonia de egresados de la primera promoci\u00f3n del doble grado en Relaciones Laborales y Recursos Humanos y Derecho (2011-2017) y de la cuarta promoci\u00f3n (2012-2016) del grado en Relaciones Laborales y Recursos Humanos se celebr\u00f3 ayer martes en la Universidad Pablo de Olavide, presidida por la decana de la Facultad de Derecho de la UPO, Mar\u00eda Serrano Fern\u00e1ndez.<\/p>\n","protected":false},"author":4,"featured_media":0,"comment_status":"closed","ping_status":"open","sticky":false,"template":"","format":"standard","meta":{"_monsterinsights_skip_tracking":false,"_monsterinsights_sitenote_active":false,"_monsterinsights_sitenote_note":"","_monsterinsights_sitenote_category":0,"footnotes":""},"categories":[6],"tags":[581,3359,81,1390],"class_list":["post-13338273","post","type-post","status-publish","format-standard","hentry","category-institucional","tag-ceremonia-de-egresados","tag-doble-grado-relaciones-laborales-y-derecho","tag-facultad-de-derecho","tag-grado-en-relaciones-laborales-y-recursos-humanos"],"_links":{"self":[{"href":"https:\/\/www.upo.es\/diario\/wp-json\/wp\/v2\/posts\/13338273","targetHints":{"allow":["GET"]}}],"collection":[{"href":"https:\/\/www.upo.es\/diario\/wp-json\/wp\/v2\/posts"}],"about":[{"href":"https:\/\/www.upo.es\/diario\/wp-json\/wp\/v2\/types\/post"}],"author":[{"embeddable":true,"href":"https:\/\/www.upo.es\/diario\/wp-json\/wp\/v2\/users\/4"}],"replies":[{"embeddable":true,"href":"https:\/\/www.upo.es\/diario\/wp-json\/wp\/v2\/comments?post=13338273"}],"version-history":[{"count":3,"href":"https:\/\/www.upo.es\/diario\/wp-json\/wp\/v2\/posts\/13338273\/revisions"}],"predecessor-version":[{"id":13338278,"href":"https:\/\/www.upo.es\/diario\/wp-json\/wp\/v2\/posts\/13338273\/revisions\/13338278"}],"wp:attachment":[{"href":"https:\/\/www.upo.es\/diario\/wp-json\/wp\/v2\/media?parent=13338273"}],"wp:term":[{"taxonomy":"category","embeddable":true,"href":"https:\/\/www.upo.es\/diario\/wp-json\/wp\/v2\/categories?post=13338273"},{"taxonomy":"post_tag","embeddable":true,"href":"https:\/\/www.upo.es\/diario\/wp-json\/wp\/v2\/tags?post=13338273"}],"curies":[{"name":"wp","href":"https:\/\/api.w.org\/{rel}","templated":true}]}}