{"id":13338894,"date":"2016-05-12T05:01:04","date_gmt":"2016-05-12T05:01:04","guid":{"rendered":"https:\/\/www.upo.es\/diario\/?p=13338894"},"modified":"2016-05-12T06:46:26","modified_gmt":"2016-05-12T06:46:26","slug":"manana-en-la-upo-presentacion-del-libro-siete-cuentos-viaja-por-tus-emociones","status":"publish","type":"post","link":"https:\/\/www.upo.es\/diario\/cultura\/2016\/05\/manana-en-la-upo-presentacion-del-libro-siete-cuentos-viaja-por-tus-emociones\/","title":{"rendered":"Esta tarde en la UPO, presentaci\u00f3n del libro \u00abSiete Cuentos. Viaja por tus emociones\u00bb"},"content":{"rendered":"<p><a href=\"https:\/\/www.upo.es\/diario\/wp-content\/uploads\/2016\/05\/Cartel_Carmen_Maestre.jpg\"><img loading=\"lazy\" decoding=\"async\" class=\"alignright size-medium wp-image-13338898\" alt=\"Cartel_Carmen_Maestre\" src=\"https:\/\/www.upo.es\/diario\/wp-content\/uploads\/2016\/05\/Cartel_Carmen_Maestre-320x226.jpg\" width=\"320\" height=\"226\" srcset=\"https:\/\/www.upo.es\/diario\/wp-content\/uploads\/2016\/05\/Cartel_Carmen_Maestre-320x226.jpg 320w, https:\/\/www.upo.es\/diario\/wp-content\/uploads\/2016\/05\/Cartel_Carmen_Maestre-600x424.jpg 600w\" sizes=\"auto, (max-width: 320px) 100vw, 320px\" \/><\/a>Hoy jueves 12 de mayo contin\u00faa en la Universidad Pablo de Olavide la programaci\u00f3n de \u201cCultura M\u00ednima\u201d con la presentaci\u00f3n del libro \u201cSiete Cuentos. Viaja por tus emociones\u201d, a cargo de su autora Mar\u00eda del Carmen Maestre Montes. Ser\u00e1 a las 19:30 horas en el Espacio Cultural Antigua Guarder\u00eda (ECAG).<\/p>\n<p>Acompa\u00f1a a esta obra un juego de creatividad compuesto por 49 cartas ilustradas que narran visualmente los cuentos de que se compone el libro. La presentaci\u00f3n de ma\u00f1ana se completar\u00e1 con la lectura y puesta en com\u00fan de uno de los cuentos y de un juego de creatividad. La entrada de esta actividad, especialmente pensada para las familias, tiene un precio de 3 euros y se pondr\u00e1 a la venta ma\u00f1ana a partir de las 18:30 horas en el ECAG.<\/p>\n<p>Seg\u00fan su autora, <b>\u201cSiete Cuentos. Viaja por tus emociones\u201d<\/b> (Punto Rojo Libros, S.L, 2015) nace de la ilusi\u00f3n de contar historias a ni\u00f1os y a mayores: historias para so\u00f1ar e imaginar, para acceder a mundos de fantas\u00eda y magia y tambi\u00e9n, para poder adentrarnos en los temas que a todos nos tocan por el hecho de ser personas. A trav\u00e9s de estos cuentos el lector podr\u00e1 acercarse al miedo, valor, al placer, al dolor, a las emociones, al amor, a la expresi\u00f3n de los sentimientos, a la intuici\u00f3n, a la vida y tambi\u00e9n a la muerte. Por estas p\u00e1ginas transitan muchos personajes peculiares. El lector encontrar\u00e1 aqu\u00ed a una rana detective, a un rey miedoso, a un gigante caprichoso, a una bruja convertida en l\u00e1grima, a un duende que cose palabras, a un troll con una dieta nada recomendable, a un monstruo con un agujero, y a toda una serie de seres m\u00e1gicos que conviven con los humanos. Tambi\u00e9n, en este libro el lector tiene una llave: la llave para contestar las cosas de otra manera y crear nuevas historias. Esta llave es la creatividad y con ella podr\u00e1 abrir tantas puertas como le permita su imaginaci\u00f3n.<\/p>\n<p><b>Mar\u00eda del Carmen Maestre Montes<\/b> (Sevilla, 1968) es licenciada en Derecho, m\u00e1ster en Direcci\u00f3n de Recursos Humanos y arteterapeuta. Su trayectoria profesional vinculada durante muchos a\u00f1os al \u00e1mbito de lo social, a trav\u00e9s de la orientaci\u00f3n profesional y la formaci\u00f3n, dio un giro cuando entr\u00f3 en contacto con la Arteterapia, disciplina que le permiti\u00f3 integrar su gran vocaci\u00f3n humanista con el arte, y en concreto con la m\u00fasica, la escritura creativa y los cuentos. Actualmente finaliza una formaci\u00f3n de Psicoterapia Gestalt en la Escuela Jera, de Sevilla. Su recorrido literario p\u00fablico comenz\u00f3 con la edici\u00f3n de su primera novela infantil \u2013 juvenil \u201cEl Universo Dibujado\u201d, publicada por la Editorial Edimater en el a\u00f1o 2009. Recientemente ha sacado a la luz su p\u00e1gina web de cuentos personalizados y terap\u00e9uticos: <a href=\"file:\/\/\/D:\/Mis%20documentos\/MILA\/NDP\/2016\/05_Mayo2016\/09-15Mayo16\/cuentos_culturaminima\/www.cuentoparati.com\">www.cuentoparati.com<\/a>.<\/p>\n<p><a href=\"https:\/\/www.upo.es\/upsc\/export\/sites\/upsc\/Documentos\/extension\/Documentos\/Programacixn15-16b.pdf\">\u201cCultura M\u00ednima\u201d<\/a> es un espacio para el arte y la cultura emergente en la Universidad Pablo de Olavide. De esta manera, el Espacio Cultural Antigua Guarder\u00eda de la UPO se consolida como el espacio estable de la programaci\u00f3n cultural de la Olavide, acogiendo propuestas art\u00edsticas de todas las disciplinas como teatro, danza, flamenco, recitales de poes\u00eda, presentaciones de libros, o recitales en ac\u00fastico de agrupaciones musicales y solistas.<\/p>\n<p>Adem\u00e1s, el EGAC acoge el trabajo diario de las agrupaciones que conforman el Programa Artes y Formaci\u00f3n del Vicerrectorado de Cultura y Compromiso Social, como el Aula de Artes Esc\u00e9nicas, Coro de la UPO, Pe\u00f1a Universitaria \u201cSentir Flamenco\u201d y la colaboraci\u00f3n desde hace a\u00f1os con el Coro South Gospel de Sevilla.<\/p>\n","protected":false},"excerpt":{"rendered":"<p>Hoy jueves 12 de mayo contin\u00faa en la Universidad Pablo de Olavide la programaci\u00f3n de \u201cCultura M\u00ednima\u201d con la presentaci\u00f3n del libro \u201cSiete Cuentos. Viaja por tus emociones\u201d, a cargo de su autora Mar\u00eda del Carmen Maestre Montes. Ser\u00e1 a las 19:30 horas en el Espacio Cultural Antigua Guarder\u00eda (ECAG). <\/p>\n","protected":false},"author":2,"featured_media":0,"comment_status":"closed","ping_status":"open","sticky":false,"template":"","format":"standard","meta":{"_monsterinsights_skip_tracking":false,"_monsterinsights_sitenote_active":false,"_monsterinsights_sitenote_note":"","_monsterinsights_sitenote_category":0,"footnotes":""},"categories":[7],"tags":[3361,3362,2370,2664],"class_list":["post-13338894","post","type-post","status-publish","format-standard","hentry","category-cultura","tag-cuentos","tag-emociones","tag-presentacion-libro","tag-programa-cultura-minima"],"_links":{"self":[{"href":"https:\/\/www.upo.es\/diario\/wp-json\/wp\/v2\/posts\/13338894","targetHints":{"allow":["GET"]}}],"collection":[{"href":"https:\/\/www.upo.es\/diario\/wp-json\/wp\/v2\/posts"}],"about":[{"href":"https:\/\/www.upo.es\/diario\/wp-json\/wp\/v2\/types\/post"}],"author":[{"embeddable":true,"href":"https:\/\/www.upo.es\/diario\/wp-json\/wp\/v2\/users\/2"}],"replies":[{"embeddable":true,"href":"https:\/\/www.upo.es\/diario\/wp-json\/wp\/v2\/comments?post=13338894"}],"version-history":[{"count":6,"href":"https:\/\/www.upo.es\/diario\/wp-json\/wp\/v2\/posts\/13338894\/revisions"}],"predecessor-version":[{"id":13351110,"href":"https:\/\/www.upo.es\/diario\/wp-json\/wp\/v2\/posts\/13338894\/revisions\/13351110"}],"wp:attachment":[{"href":"https:\/\/www.upo.es\/diario\/wp-json\/wp\/v2\/media?parent=13338894"}],"wp:term":[{"taxonomy":"category","embeddable":true,"href":"https:\/\/www.upo.es\/diario\/wp-json\/wp\/v2\/categories?post=13338894"},{"taxonomy":"post_tag","embeddable":true,"href":"https:\/\/www.upo.es\/diario\/wp-json\/wp\/v2\/tags?post=13338894"}],"curies":[{"name":"wp","href":"https:\/\/api.w.org\/{rel}","templated":true}]}}