{"id":13354203,"date":"2016-05-13T05:18:29","date_gmt":"2016-05-13T05:18:29","guid":{"rendered":"https:\/\/www.upo.es\/diario\/?p=13354203"},"modified":"2016-05-13T06:42:12","modified_gmt":"2016-05-13T06:42:12","slug":"manana-en-la-upo-charla-ilustrada-sobre-las-peculiaridades-del-cante-por-solea","status":"publish","type":"post","link":"https:\/\/www.upo.es\/diario\/cultura\/2016\/05\/manana-en-la-upo-charla-ilustrada-sobre-las-peculiaridades-del-cante-por-solea\/","title":{"rendered":"Esta tarde en la UPO, charla ilustrada sobre las peculiaridades del cante por sole\u00e1"},"content":{"rendered":"<p>Hoy viernes 13 de mayo, a las 19.00 horas, en el Espacio Cultural Antigua Guarder\u00eda (junto a la estaci\u00f3n del metro), en la Universidad Pablo de Olavide, se celebrar\u00e1 la charla ilustrada \u201cPeculiaridades del cante por sole\u00e1\u201d, a cargo de <b>Jos\u00e9 Manuel D\u00edaz \u201cMibri\u201d<\/b>, secretario de la pe\u00f1a de la UPO\u00a0 \u201cSentir Flamenco\u201d, y el guitarrista <b>Kaveh Nassehi<\/b>.<\/p>\n<p>Contar\u00e1 tambi\u00e9n con las actuaciones de los cantaores de Alcal\u00e1 de Guada\u00edra <b>Jes\u00fas Ponce<\/b>, <b>Miguel Fajardo<\/b> y <b>Mario de Alcal\u00e1<\/b>.<\/p>\n<p>Esta actividad, cuya entrada es libre y gratuita hasta completar aforo, ha sido organizada por la pe\u00f1a flamenca de la UPO \u201cSentir Flamenco\u201d, que desarrolla su trabajo en el marco del programa \u201cArtes y Formaci\u00f3n\u201d del Vicerrectorado de Cultura y Compromiso Social de la UPO.<\/p>\n<p>Integrada por profesores, alumnos y personal de administraci\u00f3n y servicios, la <a href=\"http:\/\/pfsentirflamenco.blogspot.com.es\/\">Pe\u00f1a \u201cSentir Flamenco\u201d<\/a> de la UPO es una iniciativa que busca el acercamiento de la universidad al flamenco y viceversa. Con el apoyo del Vicerrectorado de Cultura y Compromiso Social de la Universidad Pablo de Olavide, esta pe\u00f1a organiza conferencias, encuentros con artistas, cine, presentaciones de libros, actuaciones y cursos de guitarra y de baile.<\/p>\n","protected":false},"excerpt":{"rendered":"<p>Hoy viernes 13 de mayo, a las 19.00 horas, en el Espacio Cultural Antigua Guarder\u00eda (junto a la estaci\u00f3n del metro), en la Universidad Pablo de Olavide, se celebrar\u00e1 la charla ilustrada \u201cPeculiaridades del cante por sole\u00e1\u201d, a cargo de Jos\u00e9 Manuel D\u00edaz \u201cMibri\u201d, secretario de la pe\u00f1a de la UPO  \u201cSentir Flamenco\u201d, y el guitarrista Kaveh Nassehi. <\/p>\n","protected":false},"author":2,"featured_media":0,"comment_status":"closed","ping_status":"open","sticky":false,"template":"","format":"standard","meta":{"_monsterinsights_skip_tracking":false,"_monsterinsights_sitenote_active":false,"_monsterinsights_sitenote_note":"","_monsterinsights_sitenote_category":0,"footnotes":""},"categories":[7],"tags":[2402,2258,901,2257,93,1142],"class_list":["post-13354203","post","type-post","status-publish","format-standard","hentry","category-cultura","tag-actuacion","tag-cante","tag-charla","tag-charla-ilustrada","tag-flamenco","tag-pena-sentir-flamenco"],"_links":{"self":[{"href":"https:\/\/www.upo.es\/diario\/wp-json\/wp\/v2\/posts\/13354203","targetHints":{"allow":["GET"]}}],"collection":[{"href":"https:\/\/www.upo.es\/diario\/wp-json\/wp\/v2\/posts"}],"about":[{"href":"https:\/\/www.upo.es\/diario\/wp-json\/wp\/v2\/types\/post"}],"author":[{"embeddable":true,"href":"https:\/\/www.upo.es\/diario\/wp-json\/wp\/v2\/users\/2"}],"replies":[{"embeddable":true,"href":"https:\/\/www.upo.es\/diario\/wp-json\/wp\/v2\/comments?post=13354203"}],"version-history":[{"count":2,"href":"https:\/\/www.upo.es\/diario\/wp-json\/wp\/v2\/posts\/13354203\/revisions"}],"predecessor-version":[{"id":13366269,"href":"https:\/\/www.upo.es\/diario\/wp-json\/wp\/v2\/posts\/13354203\/revisions\/13366269"}],"wp:attachment":[{"href":"https:\/\/www.upo.es\/diario\/wp-json\/wp\/v2\/media?parent=13354203"}],"wp:term":[{"taxonomy":"category","embeddable":true,"href":"https:\/\/www.upo.es\/diario\/wp-json\/wp\/v2\/categories?post=13354203"},{"taxonomy":"post_tag","embeddable":true,"href":"https:\/\/www.upo.es\/diario\/wp-json\/wp\/v2\/tags?post=13354203"}],"curies":[{"name":"wp","href":"https:\/\/api.w.org\/{rel}","templated":true}]}}