{"id":13369528,"date":"2016-05-16T07:55:46","date_gmt":"2016-05-16T07:55:46","guid":{"rendered":"https:\/\/www.upo.es\/diario\/?p=13369528"},"modified":"2016-05-16T07:58:14","modified_gmt":"2016-05-16T07:58:14","slug":"hemos-sabido-crecer-sin-perder-de-vista-la-importancia-que-tiene-la-calidad-de-la-ensenanza-que-ofrecemos","status":"publish","type":"post","link":"https:\/\/www.upo.es\/diario\/entrevista\/2016\/05\/hemos-sabido-crecer-sin-perder-de-vista-la-importancia-que-tiene-la-calidad-de-la-ensenanza-que-ofrecemos\/","title":{"rendered":"\u00abHemos sabido crecer sin perder de vista la importancia que tiene la calidad de la ense\u00f1anza que ofrecemos\u00bb"},"content":{"rendered":"<figure id=\"attachment_13369529\" aria-describedby=\"caption-attachment-13369529\" style=\"width: 600px\" class=\"wp-caption aligncenter\"><a href=\"https:\/\/www.upo.es\/diario\/wp-content\/uploads\/2016\/05\/maria_serrano.jpg\"><img loading=\"lazy\" decoding=\"async\" class=\"size-large wp-image-13369529\" alt=\"La decana de la Facultad de Derecho Mar\u00eda Serrano.\" src=\"https:\/\/www.upo.es\/diario\/wp-content\/uploads\/2016\/05\/maria_serrano-600x400.jpg\" width=\"600\" height=\"400\" srcset=\"https:\/\/www.upo.es\/diario\/wp-content\/uploads\/2016\/05\/maria_serrano-600x400.jpg 600w, https:\/\/www.upo.es\/diario\/wp-content\/uploads\/2016\/05\/maria_serrano-320x213.jpg 320w\" sizes=\"auto, (max-width: 600px) 100vw, 600px\" \/><\/a><figcaption id=\"caption-attachment-13369529\" class=\"wp-caption-text\">La decana de la Facultad de Derecho Mar\u00eda Serrano.<\/figcaption><\/figure>\n<p><b>Mar\u00eda Serrano Fern\u00e1ndez es licenciada en Derecho y doctora por la Universidad de Sevilla. Es profesora titular de Derecho civil en el Departamento de Derecho privado de la Universidad Pablo de Olavide y fue elegida decana de la Facultad de Derecho a finales del a\u00f1o 2015. Sus l\u00edneas de investigaci\u00f3n se centran en el \u00e1mbito de los derechos de autor y en el \u00e1mbito del Derecho contractual. Ha realizado estancias de investigaci\u00f3n en el Max Planck Institute for Intellectual Property and Competition Law de Munich o en la Facultad de Derecho de la Universidad de Oxford, entre otras. Actualmente es investigadora principal del Proyecto I+D \u201cDerechos de autor y bibliotecas en el entorno digital: la imprescindible b\u00fasqueda de un punto de equilibrio entre intereses contrapuestos\u201d. <\/b><\/p>\n<p><b>\u00a0<\/b><\/p>\n<p><b>\u00bfQu\u00e9 supone para usted estar al frente de la Facultad de Derecho?<\/b><b>\u00a0<\/b><\/p>\n<p>Supone una enorme responsabilidad estar al frente de una facultad que actualmente tiene unas dimensiones muy importantes: cuatro grados y \u00a0ocho dobles grados en el que destaca el doble grado en Derecho-Hispano Alem\u00e1n con la Universidad de Bayreuth por ser el \u00fanico de estas caracter\u00edsticas que existe en Espa\u00f1a. Este a\u00f1o tenemos matriculados m\u00e1s de 3.000 alumnos. Pero, adem\u00e1s, hemos sabido crecer sin perder de vista la importancia que tiene la calidad de la ense\u00f1anza que ofrecemos a nuestros estudiantes. La\u00a0 Facultad de Derecho de la Universidad Pablo de Olavide es hoy un referente por el nivel de formaci\u00f3n de sus alumnos.<\/p>\n<p>Es adem\u00e1s tambi\u00e9n \u00a0un honor estar al frente de un gran equipo de personas que est\u00e1 trabajando con ilusi\u00f3n y esfuerzo para\u00a0 que nuestros alumnos adquieran no s\u00f3lo los conocimientos, sino tambi\u00e9n las habilidades necesarias para poder desenvolverse en un mercado competitivo. Ser decana implica en ocasiones tener mucha carga de trabajo, pero al mismo tiempo a nivel personal est\u00e1 siendo una experiencia fant\u00e1stica.<b>\u00a0<\/b><\/p>\n<p><b>\u00bfQui\u00e9nes integran el equipo decanal y cu\u00e1l es la competencia de cada uno?<\/b><b>\u00a0<\/b><\/p>\n<p>El equipo decanal lo integran M\u00aa Dolores Rego Blanco, profesora titular de Derecho administrativo, como vicedecana de Organizaci\u00f3n Docente; el profesor Alfonso Ybarra Bores, especialista en Relaciones Internacionales, como vicedecano de Relaciones Institucionales y Movilidad; la profesora Viviana Caruso Font\u00e1n, crimin\u00f3loga que se ocupa del Vicedecanato de Calidad y Nuevas Tecnolog\u00edas; el profesor Manuel Garc\u00eda Mu\u00f1os, perteneciente al \u00c1rea de Derecho del Trabajo y de la Seguridad Social, como vicedecano de Pr\u00e1cticas y Orientaci\u00f3n Profesional, y la profesora Lucia Alvarado Herrera, que pertenece al \u00c1rea de Derecho Mercantil y que est\u00e1 a cargo de\u00a0 la Secretar\u00eda de nuestra facultad. Adem\u00e1s, en estrecha colaboraci\u00f3n con el equipo decanal trabajan los\u00a0 directores acad\u00e9micos de los distintos grados. Tambi\u00e9n debo destacar la labor de los miembros de las comisiones de calidad del centro y de cada t\u00edtulo, y los coordinadores de los programas de movilidad. Todos ellos llevan a cabo un trabajo de enorme importancia\u00a0 y que valoramos mucho porque es fundamental para el buen funcionamiento de nuestra\u00a0 facultad.\u00a0<b>\u00a0<\/b><\/p>\n<p><b>\u00bfQu\u00e9 puede encontrar el estudiante en esta facultad que no encuentre en otras?<\/b><b>\u00a0<\/b><\/p>\n<p>Muchas cosas importantes. En primer lugar, un moderno sistema docente, un profesorado preocupado por que el alumno aprenda no solo conocimientos te\u00f3ricos, sino tambi\u00e9n un conjunto de competencias que en el futuro les ser\u00e1n de gran utilidad. Ello es posible porque trabajamos con grupos reducidos, lo cual permite un contacto muy estrecho con el estudiante. En segundo lugar, nuestra facultad \u00a0destaca por su oferta acad\u00e9mica, especialmente\u00a0 por la amplia variedad de grados conjuntos que garantizan la formaci\u00f3n plena en contenidos de cada uno de los grados y ofrece a los alumnos mayores salidas profesionales. Tambi\u00e9n hay que mencionar\u00a0 los programas de movilidad que permiten hacer estancias docentes en una amplia variedad de universidades de Alemania, Italia, Francia, B\u00e9lica, Canad\u00e1, Estados Unidos, Australia, M\u00e9xico, etc.<\/p>\n<p>Creo sinceramente, que lo mejor de nuestra facultad, y de la UPO en general, es que es capaz de aprovechar todo el potencial que tienen los alumnos y eso les convierte en el futuro en unos profesionales muy valorados por las empresas e instituciones.<b>\u00a0<\/b><\/p>\n<p><b>H\u00e1bleme de las titulaciones de su facultad.<\/b><b>\u00a0<\/b><\/p>\n<p>La Facultad de Derecho ofrece 4 t\u00edtulos de grado y ocho dobles grados. \u00a0El Grado en Derecho se caracteriza porque ofrece una gran variedad de salidas profesionales. Al estudiante de Bachillerato que se pregunta si le merece la pena ir hasta la UPO para estudiar Derecho le decimos que aqu\u00ed, adem\u00e1s de los conocimientos te\u00f3ricos de la titulaci\u00f3n, va a aprender otras habilidades como manejar bases de datos, hablar en p\u00fablico, o resolver casos pr\u00e1cticos.<\/p>\n<p>En el Grado en Relaciones Laborales y Recursos Humanos, por su parte, confluyen los contenidos propios de las relaciones laborales con la direcci\u00f3n y gesti\u00f3n de los recursos humanos. Entre las salidas profesionales podemos destacar la de graduado social o director y\/o gestor de recursos humanos, o t\u00e9cnico en prevenci\u00f3n de riesgos laborales. Puede ser cursado simult\u00e1neamente con Derecho.<\/p>\n<p>El Grado en Ciencias Pol\u00edticas y de la Administraci\u00f3n permite al alumno conocer la compleja realidad pol\u00edtica y social y la gesti\u00f3n p\u00fablica. Puede ser cursado como doble grado con Derecho o Sociolog\u00eda.<\/p>\n<p>El Grado en Criminolog\u00eda es un grado especialmente atractivo y que tiene cada vez mayor demanda. Permite por ejemplo asesorar a entidades e instituciones en los \u00e1mbitos criminal, forense, policial o penitenciario. Se puede cursar como doble grado con Derecho.<\/p>\n<p>Por otro lado, la Facultad de Derecho ofrece una amplia variedad de posibilidades de cursar grados conjuntos, lo que supone que en cinco a\u00f1os los estudiantes pueden obtener los dos t\u00edtulos universitarios. En ese sentido, adem\u00e1s de los citados, cabe destacar el\u00a0 Doble Grado en Derecho por la UPO y Bachelor of Laws la Universidad de Bayreuth (Alemania). Esta titulaci\u00f3n ofrece un itinerario formativo com\u00fan a trav\u00e9s de un plan de estudios biling\u00fce de cuatro a\u00f1os de duraci\u00f3n. Lo importante es que al concluir los estudios el alumno obtiene las dos titulaciones oficiales en cada pa\u00eds: el Grado de Derecho en Espa\u00f1a y el Bachelor of Laws en Alemania.<\/p>\n<p>Destacar tambi\u00e9n la buena acogida del Doble Grado de Derecho-ADE en ingl\u00e9s, que aporta una visi\u00f3n global tanto del mundo de la empresa como del mundo jur\u00eddico. Cursar ADE completo en ingl\u00e9s y algunas asignaturas del Grado en Derecho en este idioma\u00a0 supone a\u00f1adir un plus al perfil profesional. Por ello, los estudiantes que lo cursan tienen un alto grado de empleabilidad. Este doble grado tambi\u00e9n puede ser cursado en espa\u00f1ol. Por \u00faltimo, existe la posibilidad de cursar el Doble Grado de Derecho y Finanzas y Contabilidad.<b>\u00a0<\/b><\/p>\n<p><b>\u00bfQu\u00e9 retos y qu\u00e9 proyectos se plantea hoy en d\u00eda su decanato?<\/b><b>\u00a0<\/b><\/p>\n<p>Mi prioridad es que nuestros alumnos salgan cada vez mejor preparados, por eso hay que seguir siendo exigente con la calidad de la ense\u00f1anza que impartimos. A la vez queremos seguir apostando por la internacionalizaci\u00f3n de la facultad, impulsando todas las medidas que faciliten a los alumnos el dominio de otras lenguas o la posibilidad de cursar parte de sus estudios en otras universidades. Consolidar y mejorar nuestra oferta acad\u00e9mica.<\/p>\n<p>A nivel interno, en los \u00faltimos a\u00f1os la facultad ha crecido de forma considerable en docentes, estudiantes y titulaciones; por eso uno de los retos de este equipo decanal es conseguir una gesti\u00f3n cada vez m\u00e1s eficaz. A nivel institucional debemos seguir fortaleciendo nuestra\u00a0 presencia en todos los foros u organizaciones en las que se decidan\u00a0 cuestiones que nos afectan y\u00a0 mantener un contacto fluido con las entidades que representan a la administraci\u00f3n de justicia y a las profesiones regladas: abogados, procuradores y graduados sociales.<\/p>\n","protected":false},"excerpt":{"rendered":"<p>Entrevista a Mar\u00eda Serrano Fern\u00e1ndez, decana de la Facultad de Derecho de la UPO<\/p>\n","protected":false},"author":2,"featured_media":13412356,"comment_status":"closed","ping_status":"open","sticky":false,"template":"","format":"standard","meta":{"_monsterinsights_skip_tracking":false,"_monsterinsights_sitenote_active":false,"_monsterinsights_sitenote_note":"","_monsterinsights_sitenote_category":0,"footnotes":""},"categories":[24],"tags":[2701,1363,21,81,266],"class_list":["post-13369528","post","type-post","status-publish","format-standard","has-post-thumbnail","hentry","category-entrevista","tag-decana","tag-dobles-grados","tag-estudiantes","tag-facultad-de-derecho","tag-grados"],"_links":{"self":[{"href":"https:\/\/www.upo.es\/diario\/wp-json\/wp\/v2\/posts\/13369528","targetHints":{"allow":["GET"]}}],"collection":[{"href":"https:\/\/www.upo.es\/diario\/wp-json\/wp\/v2\/posts"}],"about":[{"href":"https:\/\/www.upo.es\/diario\/wp-json\/wp\/v2\/types\/post"}],"author":[{"embeddable":true,"href":"https:\/\/www.upo.es\/diario\/wp-json\/wp\/v2\/users\/2"}],"replies":[{"embeddable":true,"href":"https:\/\/www.upo.es\/diario\/wp-json\/wp\/v2\/comments?post=13369528"}],"version-history":[{"count":4,"href":"https:\/\/www.upo.es\/diario\/wp-json\/wp\/v2\/posts\/13369528\/revisions"}],"predecessor-version":[{"id":13412358,"href":"https:\/\/www.upo.es\/diario\/wp-json\/wp\/v2\/posts\/13369528\/revisions\/13412358"}],"wp:featuredmedia":[{"embeddable":true,"href":"https:\/\/www.upo.es\/diario\/wp-json\/wp\/v2\/media\/13412356"}],"wp:attachment":[{"href":"https:\/\/www.upo.es\/diario\/wp-json\/wp\/v2\/media?parent=13369528"}],"wp:term":[{"taxonomy":"category","embeddable":true,"href":"https:\/\/www.upo.es\/diario\/wp-json\/wp\/v2\/categories?post=13369528"},{"taxonomy":"post_tag","embeddable":true,"href":"https:\/\/www.upo.es\/diario\/wp-json\/wp\/v2\/tags?post=13369528"}],"curies":[{"name":"wp","href":"https:\/\/api.w.org\/{rel}","templated":true}]}}