{"id":13370149,"date":"2016-05-13T05:23:18","date_gmt":"2016-05-13T05:23:18","guid":{"rendered":"https:\/\/www.upo.es\/diario\/?p=13370149"},"modified":"2016-05-18T12:09:25","modified_gmt":"2016-05-18T12:09:25","slug":"sevilla-acogera-la-proxima-semana-el-xi-congreso-secr-violencia-paz-y-religion","status":"publish","type":"post","link":"https:\/\/www.upo.es\/diario\/institucional\/2016\/05\/sevilla-acogera-la-proxima-semana-el-xi-congreso-secr-violencia-paz-y-religion\/","title":{"rendered":"Sevilla acoger\u00e1 la pr\u00f3xima semana el XI Congreso SECR  &#8216;Violencia, Paz y Religi\u00f3n&#8217;"},"content":{"rendered":"<p><a href=\"https:\/\/www.upo.es\/diario\/wp-content\/uploads\/2016\/04\/Violencia-Paz-Religion-2.png\"><img loading=\"lazy\" decoding=\"async\" class=\"alignright size-medium wp-image-13112060\" alt=\"Violencia-Paz-Religion-2\" src=\"https:\/\/www.upo.es\/diario\/wp-content\/uploads\/2016\/04\/Violencia-Paz-Religion-2-320x241.png\" width=\"320\" height=\"241\" srcset=\"https:\/\/www.upo.es\/diario\/wp-content\/uploads\/2016\/04\/Violencia-Paz-Religion-2-320x241.png 320w, https:\/\/www.upo.es\/diario\/wp-content\/uploads\/2016\/04\/Violencia-Paz-Religion-2.png 446w\" sizes=\"auto, (max-width: 320px) 100vw, 320px\" \/><\/a>Sevilla acoger\u00e1 la pr\u00f3xima semana<strong>, los d\u00edas 19, 20 y 21<\/strong> del pr\u00f3ximo mes de mayo, el<strong> XI Congreso de la Sociedad Espa\u00f1ola de Ciencias de las Religiones (SECR), sobre el tema: \u201cViolencia, Paz y Religi\u00f3n\u201d<\/strong>. Est\u00e1 organizado por la <a href=\"http:\/\/www.upo.es\/\">Universidad Pablo de Olavide<\/a>, la <a href=\"http:\/\/secr.es\/\">Sociedad Espa\u00f1ola de Ciencias de las Religiones<\/a>, el <a href=\"http:\/\/www.kaiciid.org\/es\">Centro Internacional de Di\u00e1logo (KAICIID)<\/a> y el <a href=\"https:\/\/www.ucm.es\/iucr\/instituto-universitario\">Instituto Universitario de Ciencias de las Religiones de la Universidad Complutense de Madrid<\/a>.<\/p>\n<p>Este congreso interdisciplinario, al que asistir\u00e1n m\u00e1s de un centenar de expertos en la materia, tiene como principal objetivo abordar el problema de la violencia y sus conexiones con las religiones, as\u00ed como las contribuciones de \u00e9stas en \u00e1reas de prevenci\u00f3n, mediaci\u00f3n y resoluci\u00f3n de conflictos. As\u00ed, el XI Congreso de la SECR es un foro de encuentro \u00fanico para investigadores y estudiosos de muy diversas disciplinas que abordan, analizan y promueven el estudio y el conocimiento de la historia de las religiones y del fen\u00f3meno religioso.<\/p>\n<p>La violencia cometida en el nombre de la religi\u00f3n es un reto de plena actualidad, estrechamente relacionado con el extremismo. Este congreso pretende encabezar el debate cient\u00edfico sobre estas cuestiones, pero tambi\u00e9n aportar desde el di\u00e1logo y el encuentro criterios de soluci\u00f3n pac\u00edfica que puedan contribuir a la paz y seguridad internacionales.<\/p>\n<p>El congreso est\u00e1 organizado en torno a cinco paneles tem\u00e1ticos, en los que se presentar\u00e1n comunicaciones y conferencias plenarias, las cuales ser\u00e1n impartidas por expertos de reconocido prestigio internacional, como <b>Amelia Valc\u00e1rcel<\/b>, catedr\u00e1tica de Filosof\u00eda de la Universidad Nacional de Educaci\u00f3n a Distancia y una de las personas m\u00e1s valoradas por sus escritos y ensayos en materia de g\u00e9nero y feminismo; <b>Esteban Ibarra<\/b>, presidente de Movimiento contra la Intolerancia y uno de los promotores de la \u00faltima reforma del C\u00f3digo Penal en materia de delitos de odio; <b>Abdelaziz Aiadi<\/b>, experto en el mundo isl\u00e1mico contempor\u00e1neo y catedr\u00e1tico de la Universidad Abdelmalek Essaidi de Tetu\u00e1n, <b>Gustavo Su\u00e1rez Pertierra<\/b>, catedr\u00e1tico de Derecho Eclesi\u00e1stico del Estado de la Universidad Nacional de Educaci\u00f3n a Distancia y experto en relaciones internacionales y seguridad; y <b>\u00c1lvaro Albacete<\/b>, diplom\u00e1tico, secretario general adjunto del Centro Internacional de Di\u00e1logo y experto en consolidaci\u00f3n de la paz.<\/p>\n<p>El congreso cuenta con la colaboraci\u00f3n de diversos organismos e instituciones patrocinadoras, entre los que destacan el <a href=\"http:\/\/www.icas.es\/\">Colegio de Abogados de Sevilla<\/a>, donde se celebrar\u00e1 este congreso, y la <a href=\"http:\/\/www.tresculturas.org\/\">Fundaci\u00f3n Tres Culturas<\/a>, donde tendr\u00e1 lugar uno de los paneles.<\/p>\n<p>&gt; <a href=\"https:\/\/www.upo.es\/upo_opencms\/export\/sites\/upo\/Galerias\/Descargas\/InfoEstudiantes\/XI-Congreso-Violencia-Paz-Religion.pdf\" target=\"_blank\">XI Congreso de la Sociedad Espa\u00f1ola de Ciencias de las Religiones &#8211; Programa (PDF)<\/a><\/p>\n","protected":false},"excerpt":{"rendered":"<p>Sevilla acoger\u00e1 la pr\u00f3xima semana, los d\u00edas 19, 20 y 21 del pr\u00f3ximo mes de mayo, el XI Congreso de la Sociedad Espa\u00f1ola de Ciencias de las Religiones (SECR), sobre el tema: \u201cViolencia, Paz y Religi\u00f3n\u201d. Est\u00e1 organizado por la Universidad Pablo de Olavide, la Sociedad Espa\u00f1ola de Ciencias de las Religiones, el Centro Internacional de Di\u00e1logo (KAICIID) y el Instituto Universitario de Ciencias de las Religiones de la Universidad Complutense de Madrid.<\/p>\n","protected":false},"author":6,"featured_media":0,"comment_status":"closed","ping_status":"open","sticky":false,"template":"","format":"standard","meta":{"_monsterinsights_skip_tracking":false,"_monsterinsights_sitenote_active":false,"_monsterinsights_sitenote_note":"","_monsterinsights_sitenote_category":0,"footnotes":""},"categories":[6],"tags":[354,734,464,896,146,39,143],"class_list":["post-13370149","post","type-post","status-publish","format-standard","hentry","category-institucional","tag-congreso","tag-investigadores","tag-paz","tag-religion","tag-sociedad","tag-universidades","tag-violencia"],"_links":{"self":[{"href":"https:\/\/www.upo.es\/diario\/wp-json\/wp\/v2\/posts\/13370149","targetHints":{"allow":["GET"]}}],"collection":[{"href":"https:\/\/www.upo.es\/diario\/wp-json\/wp\/v2\/posts"}],"about":[{"href":"https:\/\/www.upo.es\/diario\/wp-json\/wp\/v2\/types\/post"}],"author":[{"embeddable":true,"href":"https:\/\/www.upo.es\/diario\/wp-json\/wp\/v2\/users\/6"}],"replies":[{"embeddable":true,"href":"https:\/\/www.upo.es\/diario\/wp-json\/wp\/v2\/comments?post=13370149"}],"version-history":[{"count":7,"href":"https:\/\/www.upo.es\/diario\/wp-json\/wp\/v2\/posts\/13370149\/revisions"}],"predecessor-version":[{"id":13443916,"href":"https:\/\/www.upo.es\/diario\/wp-json\/wp\/v2\/posts\/13370149\/revisions\/13443916"}],"wp:attachment":[{"href":"https:\/\/www.upo.es\/diario\/wp-json\/wp\/v2\/media?parent=13370149"}],"wp:term":[{"taxonomy":"category","embeddable":true,"href":"https:\/\/www.upo.es\/diario\/wp-json\/wp\/v2\/categories?post=13370149"},{"taxonomy":"post_tag","embeddable":true,"href":"https:\/\/www.upo.es\/diario\/wp-json\/wp\/v2\/tags?post=13370149"}],"curies":[{"name":"wp","href":"https:\/\/api.w.org\/{rel}","templated":true}]}}