{"id":13430884,"date":"2016-05-17T14:24:16","date_gmt":"2016-05-17T14:24:16","guid":{"rendered":"https:\/\/www.upo.es\/diario\/?p=13430884"},"modified":"2016-05-17T14:24:16","modified_gmt":"2016-05-17T14:24:16","slug":"el-periodismo-de-investigacion-sobre-la-corrupcion-en-espana-a-debate-en-los-cursos-de-verano-de-la-upo","status":"publish","type":"post","link":"https:\/\/www.upo.es\/diario\/docencia-formacion\/2016\/05\/el-periodismo-de-investigacion-sobre-la-corrupcion-en-espana-a-debate-en-los-cursos-de-verano-de-la-upo\/","title":{"rendered":"El periodismo de investigaci\u00f3n sobre la corrupci\u00f3n en Espa\u00f1a, a debate en los Cursos de Verano de la UPO"},"content":{"rendered":"<figure id=\"attachment_13430885\" aria-describedby=\"caption-attachment-13430885\" style=\"width: 212px\" class=\"wp-caption alignright\"><img loading=\"lazy\" decoding=\"async\" class=\"size-medium wp-image-13430885\" alt=\"portada del libro 'La \u00faltima trinchera'\" src=\"https:\/\/www.upo.es\/diario\/wp-content\/uploads\/2016\/05\/la-ultima-trinchera-portada-212x320.jpg\" width=\"212\" height=\"320\" srcset=\"https:\/\/www.upo.es\/diario\/wp-content\/uploads\/2016\/05\/la-ultima-trinchera-portada-212x320.jpg 212w, https:\/\/www.upo.es\/diario\/wp-content\/uploads\/2016\/05\/la-ultima-trinchera-portada-399x600.jpg 399w, https:\/\/www.upo.es\/diario\/wp-content\/uploads\/2016\/05\/la-ultima-trinchera-portada.jpg 2000w\" sizes=\"auto, (max-width: 212px) 100vw, 212px\" \/><figcaption id=\"caption-attachment-13430885\" class=\"wp-caption-text\">El periodista de la Cadena Ser Javier \u00c1lvarez, autor del libro \u201cLa \u00faltima trinchera\u201d, impartir\u00e1 la conferencia \u201cJueces contra la corrupci\u00f3n\u201d<\/figcaption><\/figure>\n<p>El an\u00e1lisis del papel de la informaci\u00f3n y del periodismo de investigaci\u00f3n en la corrupci\u00f3n en Espa\u00f1a ser\u00e1 objeto de debate en la sede de la Universidad Pablo de Olavide en Carmona, que acoger\u00e1 la celebraci\u00f3n del curso \u201c<b><a href=\"http:\/\/www.asociacionprensa.org\/es\/images\/2016cc12.pdf\" target=\"_blank\">Informaci\u00f3n y corrupci\u00f3n. El periodismo de investigaci\u00f3n<\/a><\/b>\u201d, dentro de la XIV edici\u00f3n del programa de Cursos de Verano.<\/p>\n<p>Dicho programa formativo, que<strong> se celebrar\u00e1 del 11 al 13 de julio<\/strong>, est\u00e1<strong> dirigido por Rafael Rodr\u00edguez Guerrero, presidente de la Asociaci\u00f3n de la Prensa de Sevilla<\/strong> y financiado por la Diputaci\u00f3n de Sevilla y la Fundaci\u00f3n Cajasol.<\/p>\n<p>La corrupci\u00f3n, por detr\u00e1s del paro, constituye la segunda gran preocupaci\u00f3n de los espa\u00f1oles. En los \u00faltimos a\u00f1os, los casos de corrupci\u00f3n han invadido la geograf\u00eda de nuestro pa\u00eds, afectando a gobiernos, administraciones, instituciones, partidos y empresas, y a personas muy relevantes de la vida p\u00fablica. Son cientos los casos y miles las personas implicadas, algunas de las cuales est\u00e1n en la c\u00e1rcel.<\/p>\n<p>Para que estos casos de corrupci\u00f3n hayan llegado a la opini\u00f3n p\u00fablica y hayan sido conocidos por los ciudadanos ha sido fundamental el papel del periodismo de investigaci\u00f3n. Junto al trabajo de la justicia y de la polic\u00eda, la labor profesional de muchos periodistas y medios de comunicaci\u00f3n ha sido clave para destapar casos que, de lo contrario, hoy seguir\u00edan ocultos.<\/p>\n<p>Articulado a trav\u00e9s de conferencias,<strong>\u00a0en el curso se tratar\u00e1n, desde la vertiente de la investigaci\u00f3n period\u00edstica, los casos de corrupci\u00f3n que han afectado a Espa\u00f1a en los \u00faltimos tiempos<\/strong>: caso B\u00e1rcenas (Marisa Gallero, de ABC y la Sexta); casos G\u00fcrtel, sede Partido Popular y P\u00fanica (Miguel \u00c1ngel Campos, de Cadena Ser); caso Partido Popular de Valencia (Franscesc Arab\u00ed, de Diario Levante); los Papeles de Panam\u00e1 (Mar Cabra, del Consorcio Internacional de Periodistas de Investigaci\u00f3n); caso Caja Madrid, Bankia, Blesa y Rato (Tono Calleja, de Infolibre), caso Noos (Alicia Guti\u00e9rrez, de Infolibre); caso Pujol (Esteban Urreiztieta, de El Espa\u00f1ol); caso Ignacio Gonz\u00e1lez (Manuel Rico, de Infolibre) y casos ERE y cursos de formaci\u00f3n en Andaluc\u00eda (Mercedes D\u00edaz, de la Cadena SER; Antonio Salvador, de El Mundo; Juan Manuel Marqu\u00e9s, de Diario de Sevilla, y Mar\u00eda Dolores Tortosa, de Diario Sur). Asimismo, el periodista de la Cadena Ser Javier \u00c1lvarez, autor del libro \u201cLa \u00faltima trinchera\u201d, impartir\u00e1 la conferencia \u201cJueces contra la corrupci\u00f3n\u201d, un retrato de la justicia espa\u00f1ola.<\/p>\n<p>La conferencia inaugural correr\u00e1 a cargo de Antonio Rubio, director del M\u00e1ster de Periodismo de Investigaci\u00f3n de \u2018El Mundo\u2019 en la Universidad Rey Juan Carlos, con la ponencia \u201cEl periodismo de investigaci\u00f3n en Espa\u00f1a\u201d. Asimismo, clausurar\u00e1 el curso Pablo Ruz, ex juez de la Audiencia Nacional, con la conferencia \u201cEl periodismo de investigaci\u00f3n, desde la justicia\u201d.<\/p>\n<p><strong>M\u00e1s informaci\u00f3n:<\/strong><\/p>\n<ul>\n<li><a href=\"https:\/\/www.upo.es\/olavideencarmona\/export\/sites\/upo_carmona\/documentos\/2016\/2016cc12.pdf\" target=\"_blank\">Programa del curso \u201cInformaci\u00f3n y corrupci\u00f3n. El periodismo de investigaci\u00f3n\u201d -PDF-<\/a><\/li>\n<li><a href=\"https:\/\/cicdat.upo.es\/uxxiac\/mat_car.mat_acc?tipo=C\" target=\"_blank\">Matr\u00edcula online en los Cursos de Verano 2016<\/a><\/li>\n<li><a href=\"https:\/\/www.upo.es\/olavideencarmona\/cursos_de_verano\/\">M\u00e1s informaci\u00f3n y programaci\u00f3n de los Cursos de Verano &#8216;Olavide en Carmona&#8217;<\/a><\/li>\n<\/ul>\n","protected":false},"excerpt":{"rendered":"<p>La sede de la Universidad Pablo de Olavide en Carmona acoger\u00e1 del 11 al 13 de julio el curso \u201cInformaci\u00f3n y corrupci\u00f3n. El periodismo de investigaci\u00f3n\u201d, que clausurar\u00e1 el juez Pablo Ruz.<\/p>\n","protected":false},"author":6,"featured_media":0,"comment_status":"closed","ping_status":"open","sticky":false,"template":"","format":"standard","meta":{"_monsterinsights_skip_tracking":false,"_monsterinsights_sitenote_active":false,"_monsterinsights_sitenote_note":"","_monsterinsights_sitenote_category":0,"footnotes":""},"categories":[2779],"tags":[23,350,625,1173,22,285,56,613,984,519,687,76],"class_list":["post-13430884","post","type-post","status-publish","format-standard","hentry","category-docencia-formacion","tag-carmona","tag-comunicacion","tag-comunicacion-y-justicia","tag-corrupcion","tag-cursos-de-verano","tag-espana","tag-investigacion","tag-justicia","tag-medios-de-comunicacion","tag-olavide-en-carmona","tag-periodismo","tag-politica"],"_links":{"self":[{"href":"https:\/\/www.upo.es\/diario\/wp-json\/wp\/v2\/posts\/13430884","targetHints":{"allow":["GET"]}}],"collection":[{"href":"https:\/\/www.upo.es\/diario\/wp-json\/wp\/v2\/posts"}],"about":[{"href":"https:\/\/www.upo.es\/diario\/wp-json\/wp\/v2\/types\/post"}],"author":[{"embeddable":true,"href":"https:\/\/www.upo.es\/diario\/wp-json\/wp\/v2\/users\/6"}],"replies":[{"embeddable":true,"href":"https:\/\/www.upo.es\/diario\/wp-json\/wp\/v2\/comments?post=13430884"}],"version-history":[{"count":1,"href":"https:\/\/www.upo.es\/diario\/wp-json\/wp\/v2\/posts\/13430884\/revisions"}],"predecessor-version":[{"id":13430886,"href":"https:\/\/www.upo.es\/diario\/wp-json\/wp\/v2\/posts\/13430884\/revisions\/13430886"}],"wp:attachment":[{"href":"https:\/\/www.upo.es\/diario\/wp-json\/wp\/v2\/media?parent=13430884"}],"wp:term":[{"taxonomy":"category","embeddable":true,"href":"https:\/\/www.upo.es\/diario\/wp-json\/wp\/v2\/categories?post=13430884"},{"taxonomy":"post_tag","embeddable":true,"href":"https:\/\/www.upo.es\/diario\/wp-json\/wp\/v2\/tags?post=13430884"}],"curies":[{"name":"wp","href":"https:\/\/api.w.org\/{rel}","templated":true}]}}