{"id":13458980,"date":"2016-05-19T16:26:44","date_gmt":"2016-05-19T16:26:44","guid":{"rendered":"https:\/\/www.upo.es\/diario\/?p=13458980"},"modified":"2016-05-25T07:55:31","modified_gmt":"2016-05-25T07:55:31","slug":"la-consejera-de-igualdad-y-politicas-sociales-visita-la-residencia-de-la-upo-flora-tristan","status":"publish","type":"post","link":"https:\/\/www.upo.es\/diario\/institucional\/2016\/05\/la-consejera-de-igualdad-y-politicas-sociales-visita-la-residencia-de-la-upo-flora-tristan\/","title":{"rendered":"La consejera de Igualdad y Pol\u00edticas Sociales visita la residencia de la UPO \u201cFlora Trist\u00e1n\u201d"},"content":{"rendered":"<figure id=\"attachment_13458985\" aria-describedby=\"caption-attachment-13458985\" style=\"width: 600px\" class=\"wp-caption aligncenter\"><a href=\"https:\/\/www.upo.es\/diario\/wp-content\/uploads\/2016\/05\/visitaconsejeraflora2.jpg\"><img loading=\"lazy\" decoding=\"async\" class=\"size-large wp-image-13458985\" alt=\"De izquierda a derecha, la vicerrectora Elodia Hern\u00e1ndez, el rector de la UPO vicente Guzm\u00e1n, y la consejera Mar\u00eda Jos\u00e9 S\u00e1nchez Rubio junto a los residentes-becarios de la Flora Trist\u00e1n. \" src=\"https:\/\/www.upo.es\/diario\/wp-content\/uploads\/2016\/05\/visitaconsejeraflora2-600x400.jpg\" width=\"600\" height=\"400\" srcset=\"https:\/\/www.upo.es\/diario\/wp-content\/uploads\/2016\/05\/visitaconsejeraflora2-600x400.jpg 600w, https:\/\/www.upo.es\/diario\/wp-content\/uploads\/2016\/05\/visitaconsejeraflora2-320x213.jpg 320w\" sizes=\"auto, (max-width: 600px) 100vw, 600px\" \/><\/a><figcaption id=\"caption-attachment-13458985\" class=\"wp-caption-text\">De izquierda a derecha, la vicerrectora Elodia Hern\u00e1ndez, el rector de la UPO vicente Guzm\u00e1n, y la consejera Mar\u00eda Jos\u00e9 S\u00e1nchez Rubio junto a los residentes-becarios de la Flora Trist\u00e1n.<\/figcaption><\/figure>\n<p><strong>La consejera de Igualdad y Pol\u00edticas Sociales de la Junta de Andaluc\u00eda ha visitado esta ma\u00f1ana la residencia universitaria \u201cFlora Trist\u00e1n\u201d, dependiente de la Universidad Pablo de Olavide, situada en el barrio sevillano del Pol\u00edgono Sur<\/strong>. Mar\u00eda Jos\u00e9 S\u00e1nchez Rubio ha sido recibida por el rector Vicente Guzm\u00e1n Fluja.<\/p>\n<p><strong>El rector y la consejera han realizado un recorrido por las dependencias del centro, en el que tambi\u00e9n han estado presentes el Defensor del Pueblo Andaluz, Jes\u00fas Maeztu<\/strong>; la comisionada para el Pol\u00edgono Sur, Mar Gonz\u00e1lez Rodr\u00edguez; la vicerrectora de Cultura y Compromiso Social de la UPO, Elodia Hern\u00e1ndez Le\u00f3n; la secretaria general de Servicios Sociales, Purificaci\u00f3n G\u00e1lvez Daza; la delegada de Igualdad, Juventud y Relaciones con la Comunidad Universitaria del Ayuntamiento de Sevilla, Myrian Rodr\u00edguez; el delegado del Distrito Sur y delegado de Hacienda del Ayuntamiento de Sevilla, Joaqu\u00edn Castillo Sempere; el director general de Juventud del Ayuntamiento de Sevilla, Manuel Izquierdo; la delegada territorial de Igualdad, Salud y Pol\u00edticas Sociales en Sevilla, Mar\u00eda \u00c1ngeles Fern\u00e1ndez Ferreiro; el director general de Programaci\u00f3n Social y Cultural de la UPO, Germ\u00e1n Jara\u00edz Arroyo, y el equipo de la residencia, dirigida por Juan Blanco.<\/p>\n<figure id=\"attachment_13458986\" aria-describedby=\"caption-attachment-13458986\" style=\"width: 320px\" class=\"wp-caption alignright\"><a href=\"https:\/\/www.upo.es\/diario\/wp-content\/uploads\/2016\/05\/visita_consejeraflora1.jpg\"><img loading=\"lazy\" decoding=\"async\" class=\"size-medium wp-image-13458986\" alt=\"En el centro de la imagen, la consejera Mar\u00eda Jos\u00e9 S\u00e1nchez Rubio,  el rector de la UPO Vicente Guzm\u00e1n y el Defensor del Pueblo Andaluz Jes\u00fas Maeztu, en un momento de la visita\" src=\"https:\/\/www.upo.es\/diario\/wp-content\/uploads\/2016\/05\/visita_consejeraflora1-320x213.jpg\" width=\"320\" height=\"213\" srcset=\"https:\/\/www.upo.es\/diario\/wp-content\/uploads\/2016\/05\/visita_consejeraflora1-320x213.jpg 320w, https:\/\/www.upo.es\/diario\/wp-content\/uploads\/2016\/05\/visita_consejeraflora1-600x400.jpg 600w\" sizes=\"auto, (max-width: 320px) 100vw, 320px\" \/><\/a><figcaption id=\"caption-attachment-13458986\" class=\"wp-caption-text\">En el centro de la imagen, la consejera Mar\u00eda Jos\u00e9 S\u00e1nchez Rubio, el rector de la UPO Vicente Guzm\u00e1n y el Defensor del Pueblo Andaluz Jes\u00fas Maeztu, en un momento de la visita<\/figcaption><\/figure>\n<p>De esta manera,<strong> la consejera ha podido conocer de primera mano tanto las instalaciones como la labor social que se lleva a cabo desde esta residencia de la Universidad Pablo de Olavide creada en el a\u00f1o 2004<\/strong>, una iniciativa pionera en Andaluc\u00eda que pretende proporcionar a los estudiantes universitarios una formaci\u00f3n humana integral m\u00e1s all\u00e1 de la formaci\u00f3n acad\u00e9mica, adem\u00e1s de contribuir a la revitalizaci\u00f3n del Pol\u00edgono Sur a trav\u00e9s de la presencia cotidiana de los j\u00f3venes universitarios, ejemplo de transferencia del conocimiento y del compromiso social como elemento identitario de la Universidad Pablo de Olavide.<\/p>\n<p><strong>De los 180 universitarios\u00a0 de la Flora Trist\u00e1n, 40\u00a0 disfrutan de una beca por la que colaboran con los proyectos del barrio<\/strong> a trav\u00e9s del tejido asociativo del mismo. Adem\u00e1s, la Flora est\u00e1 presente en varias plataformas vecinales de formaci\u00f3n, reivindicaci\u00f3n y de fomento de la cultura, continuando as\u00ed con la labor de cooperaci\u00f3n con los vecinos en sus procesos de cohesi\u00f3n social y superaci\u00f3n de los problemas que les aqueja.<\/p>\n<p>Las intervenciones de la residencia est\u00e1n orientadas desde el trabajo educativo al trabajo grupal, cohesi\u00f3n vecinal, trabajo comunitario, salud y mejora del entorno, y educaci\u00f3n de calle, como grandes l\u00edneas de actuaci\u00f3n, todas ellas concretadas en proyectos y acciones concretas como el proyecto de dinamizaci\u00f3n y animaci\u00f3n a la lectoescritura en bibliotecas escolares, deporte y mantenimiento para mujeres mayores o el de apoyo en la mejora de la convivencia, que va dirigido a j\u00f3venes en riesgo de exclusi\u00f3n en colaboraci\u00f3n con los institutos de la zona, entre otros.<\/p>\n<p>Los residentes-becarios colaboran con la Oficina de la Comisionada del Pol\u00edgono Sur, as\u00ed como con las asociaciones y entidades Entre-Amigos, Asociaci\u00f3n de Vecinos Antonio Machado, Movimiento Mediador, CEIP Andaluc\u00eda, CEIP Gim\u00e9nez Fern\u00e1ndez, CEIP Nuestra Se\u00f1ora de la Paz, CEIP Paz y Amistad, CEIP Zurbar\u00e1n, CEIP Altolaguirre, CEIP canela, IES Pol\u00edgono Sur, IES Dom\u00ednguez Ortiz, IES Romero Murube, CEPER,\u00a0 Servicios Sociales Comunitarios, Grupo Juvenil Boom, Asociaci\u00f3n Vencedores, Asociaci\u00f3n Familiar La Oliva, Asociaci\u00f3n de Vecinos Gim\u00e9nez Fern\u00e1ndez, Fundaci\u00f3n Don Bosco, y las parroquias del barrio. Adem\u00e1s de estas actuaciones, la Residencia est\u00e1 presente en todas aquellas actividades que, desde diferentes iniciativas del Pol\u00edgono Sur, se realizan para promover la cohesi\u00f3n social y el desarrollo comunitario de la zona.<\/p>\n<p>A lo largo de sus doce a\u00f1os de existencia, la residencia universitaria Flora Trist\u00e1n ha sido galardonada con diferentes reconocimientos entre los que destacan el Premio Meridiana en la modalidad \u201cIniciativas contra la exclusi\u00f3n social\u201d por parte del Instituto Andaluz de la Mujer (2014); el Premio a una vida ejemplar en defensa del Distrito Sur en su modalidad de \u201cJuventud\u201d, otorgado por el Distrito Sur del Ayuntamiento de Sevilla (2014); el Premio al programa \u201cVenimos del Sur\u201d de Radio Abierta Sevilla, como \u201cMejor programa de sensibilizaci\u00f3n y fomento de la multiculturalidad en la radio\u201d por parte de la Asociaci\u00f3n de Emisoras Municipales y Ciudadanas de Andaluc\u00eda de Radio y Televisi\u00f3n (EMA-RTV) en su 30\u00ba aniversario (2014); XXVII edici\u00f3n del Premio \u201cPl\u00e1cido Fern\u00e1ndez Viagas\u201d de la Asociaci\u00f3n de Derecho y Democracia (2010); Premio Equal Atenea a Iniciativas de Especial Repercusi\u00f3n, de la Direcci\u00f3n General de Servicios Sociales e Inclusi\u00f3n de la Junta de Andaluc\u00eda (2007); Premios Sevilla Joven a la \u201cSolidaridad\u201d, del Instituto Andaluz de la Juventud (2005),\u00a0 y Premio Iniciativas Universitarias en Andaluc\u00eda, de Gaceta Universitaria a la Universidad Pablo de Olavide por la \u201capertura de la residencia Flora Trist\u00e1n, recuperando as\u00ed uno de los barrios m\u00e1s deprimidos de la ciudad\u201d (2004).<\/p>\n<p>&nbsp;<\/p>\n","protected":false},"excerpt":{"rendered":"<p>La consejera de Igualdad y Pol\u00edticas Sociales de la Junta de Andaluc\u00eda ha visitado esta ma\u00f1ana la residencia universitaria \u201cFlora Trist\u00e1n\u201d, dependiente de la Universidad Pablo de Olavide, situada en el barrio sevillano del Pol\u00edgono Sur. El rector y la consejera han realizado un recorrido por las dependencias del centro, en el que tambi\u00e9n han estado presentes el Defensor del Pueblo Andaluz, Jes\u00fas Maeztu y la comisionada para el Pol\u00edgono Sur, Mar Gonz\u00e1lez Rodr\u00edguez.<\/p>\n","protected":false},"author":6,"featured_media":0,"comment_status":"closed","ping_status":"open","sticky":false,"template":"","format":"standard","meta":{"_monsterinsights_skip_tracking":false,"_monsterinsights_sitenote_active":false,"_monsterinsights_sitenote_note":"","_monsterinsights_sitenote_category":0,"footnotes":""},"categories":[6],"tags":[2544,517,203,357,38,1064,106,2291],"class_list":["post-13458980","post","type-post","status-publish","format-standard","hentry","category-institucional","tag-defensor-del-pueblo-andaluz","tag-igualdad","tag-junta-de-andalucia","tag-poligono-sur","tag-rector","tag-residencia-flora-tristan","tag-vicente-c-guzman","tag-visita-institucional"],"_links":{"self":[{"href":"https:\/\/www.upo.es\/diario\/wp-json\/wp\/v2\/posts\/13458980","targetHints":{"allow":["GET"]}}],"collection":[{"href":"https:\/\/www.upo.es\/diario\/wp-json\/wp\/v2\/posts"}],"about":[{"href":"https:\/\/www.upo.es\/diario\/wp-json\/wp\/v2\/types\/post"}],"author":[{"embeddable":true,"href":"https:\/\/www.upo.es\/diario\/wp-json\/wp\/v2\/users\/6"}],"replies":[{"embeddable":true,"href":"https:\/\/www.upo.es\/diario\/wp-json\/wp\/v2\/comments?post=13458980"}],"version-history":[{"count":9,"href":"https:\/\/www.upo.es\/diario\/wp-json\/wp\/v2\/posts\/13458980\/revisions"}],"predecessor-version":[{"id":13549302,"href":"https:\/\/www.upo.es\/diario\/wp-json\/wp\/v2\/posts\/13458980\/revisions\/13549302"}],"wp:attachment":[{"href":"https:\/\/www.upo.es\/diario\/wp-json\/wp\/v2\/media?parent=13458980"}],"wp:term":[{"taxonomy":"category","embeddable":true,"href":"https:\/\/www.upo.es\/diario\/wp-json\/wp\/v2\/categories?post=13458980"},{"taxonomy":"post_tag","embeddable":true,"href":"https:\/\/www.upo.es\/diario\/wp-json\/wp\/v2\/tags?post=13458980"}],"curies":[{"name":"wp","href":"https:\/\/api.w.org\/{rel}","templated":true}]}}