{"id":13459614,"date":"2016-05-19T06:57:42","date_gmt":"2016-05-19T06:57:42","guid":{"rendered":"https:\/\/www.upo.es\/diario\/?p=13459614"},"modified":"2016-05-25T08:13:24","modified_gmt":"2016-05-25T08:13:24","slug":"la-fundacion-universidad-pablo-de-olavide-publica-la-i-convocatoria-de-2016-de-practicas-praem-en-empresas","status":"publish","type":"post","link":"https:\/\/www.upo.es\/diario\/institucional\/2016\/05\/la-fundacion-universidad-pablo-de-olavide-publica-la-i-convocatoria-de-2016-de-practicas-praem-en-empresas\/","title":{"rendered":"La Fundaci\u00f3n Universidad Pablo de Olavide publica la I convocatoria de 2016 de pr\u00e1cticas Praem en empresas"},"content":{"rendered":"<p><a href=\"https:\/\/www.upo.es\/diario\/wp-content\/uploads\/2016\/05\/alumnos.jpg\"><img loading=\"lazy\" decoding=\"async\" class=\"aligncenter size-large wp-image-13549303\" alt=\"Estudiantes en el campus de la UPO\" src=\"https:\/\/www.upo.es\/diario\/wp-content\/uploads\/2016\/05\/alumnos-600x351.jpg\" width=\"600\" height=\"351\" srcset=\"https:\/\/www.upo.es\/diario\/wp-content\/uploads\/2016\/05\/alumnos-600x351.jpg 600w, https:\/\/www.upo.es\/diario\/wp-content\/uploads\/2016\/05\/alumnos-320x187.jpg 320w, https:\/\/www.upo.es\/diario\/wp-content\/uploads\/2016\/05\/alumnos.jpg 883w\" sizes=\"auto, (max-width: 600px) 100vw, 600px\" \/><\/a>La Fundaci\u00f3n Universidad Pablo de Olavide ha publicado la primera convocatoria de 2016 de<strong> 50 becas Praem para la realizaci\u00f3n de pr\u00e1cticas formativas de estudiantes matriculados en las universidades de Andaluc\u00eda<\/strong>. Dicho programa est\u00e1 gestionado por la Fundaci\u00f3n y cofinanciado por la Consejer\u00eda de Econom\u00eda y Conocimiento de la Junta de Andaluc\u00eda.<\/p>\n<p>Las becas est\u00e1n <strong>dirigidas principalmente a alumnos que est\u00e1n actualmente cursando sus estudios de grado, postgrado oficial y\/o doctorado en la Universidad Pablo de Olavide y que hayan superado al menos, el 50% de los cr\u00e9ditos<\/strong> totales de su titulaci\u00f3n.<\/p>\n<p>Para poder participar en esta convocatoria, todos los interesados deben registrarse en <strong>\u00cdCARO<\/strong> (<a href=\"http:\/\/icaro.ual.es\/upo\">icaro.ual.es\/upo<\/a>) y tener marcada la opci\u00f3n \u201cpr\u00e1cticas en empresas\u201d con car\u00e1cter previo a la publicaci\u00f3n de las ofertas de esta primera convocatoria Praem 2016. Una vez registrados, podr\u00e1n inscribirse en aquellas pr\u00e1cticas que le interesen y en las que se demande su titulaci\u00f3n.<\/p>\n<p>Asimismo, es imprescindible poseer la nacionalidad espa\u00f1ola o de un pa\u00eds miembro de la Uni\u00f3n Europea o extranjero residente en Espa\u00f1a en el momento de incorporarse a la empresa o instituci\u00f3n, manteniendo esta condici\u00f3n hasta la conclusi\u00f3n de las pr\u00e1cticas. Por otro lado, el solicitante tiene que ser menor de 30 a\u00f1os en el momento de inicio de las pr\u00e1cticas y no puede haber sido beneficiario de una beca de este programa en convocatorias anteriores.<\/p>\n<p>Estas pr\u00e1cticas tendr\u00e1n una duraci\u00f3n, preferentemente, no superior al 50% del curso acad\u00e9mico, sin que en ning\u00fan caso superen las 750 horas. Los horarios de realizaci\u00f3n de las mismas se establecer\u00e1n de acuerdo con sus caracter\u00edsticas y la disponibilidad de la entidad colaboradora, procurando que los mismos sean compatibles con la actividad acad\u00e9mica y formativa desarrollada por el estudiante.<\/p>\n<p>Estas pr\u00e1cticas no suponen vinculaci\u00f3n contractual con las empresas y los becarios est\u00e1n cubiertos por un seguro de responsabilidad civil y accidentes, suscrito por la Fundaci\u00f3n.<\/p>\n<p>&nbsp;<\/p>\n","protected":false},"excerpt":{"rendered":"<p>Se ofertan 50 becas dirigidas a estudiantes de ense\u00f1anzas oficiales con al menos, el 50% de los cr\u00e9ditos superados.<\/p>\n","protected":false},"author":6,"featured_media":0,"comment_status":"closed","ping_status":"open","sticky":false,"template":"","format":"standard","meta":{"_monsterinsights_skip_tracking":false,"_monsterinsights_sitenote_active":false,"_monsterinsights_sitenote_note":"","_monsterinsights_sitenote_category":0,"footnotes":""},"categories":[6],"tags":[64,2104,66,21,680,82,65,3170],"class_list":["post-13459614","post","type-post","status-publish","format-standard","hentry","category-institucional","tag-becas","tag-curso-2015-2016","tag-empresa","tag-estudiantes","tag-grado","tag-postgrado","tag-practicas","tag-praem"],"_links":{"self":[{"href":"https:\/\/www.upo.es\/diario\/wp-json\/wp\/v2\/posts\/13459614","targetHints":{"allow":["GET"]}}],"collection":[{"href":"https:\/\/www.upo.es\/diario\/wp-json\/wp\/v2\/posts"}],"about":[{"href":"https:\/\/www.upo.es\/diario\/wp-json\/wp\/v2\/types\/post"}],"author":[{"embeddable":true,"href":"https:\/\/www.upo.es\/diario\/wp-json\/wp\/v2\/users\/6"}],"replies":[{"embeddable":true,"href":"https:\/\/www.upo.es\/diario\/wp-json\/wp\/v2\/comments?post=13459614"}],"version-history":[{"count":4,"href":"https:\/\/www.upo.es\/diario\/wp-json\/wp\/v2\/posts\/13459614\/revisions"}],"predecessor-version":[{"id":13549305,"href":"https:\/\/www.upo.es\/diario\/wp-json\/wp\/v2\/posts\/13459614\/revisions\/13549305"}],"wp:attachment":[{"href":"https:\/\/www.upo.es\/diario\/wp-json\/wp\/v2\/media?parent=13459614"}],"wp:term":[{"taxonomy":"category","embeddable":true,"href":"https:\/\/www.upo.es\/diario\/wp-json\/wp\/v2\/categories?post=13459614"},{"taxonomy":"post_tag","embeddable":true,"href":"https:\/\/www.upo.es\/diario\/wp-json\/wp\/v2\/tags?post=13459614"}],"curies":[{"name":"wp","href":"https:\/\/api.w.org\/{rel}","templated":true}]}}