{"id":13581283,"date":"2016-05-30T08:50:21","date_gmt":"2016-05-30T08:50:21","guid":{"rendered":"https:\/\/www.upo.es\/diario\/?p=13581283"},"modified":"2016-05-30T08:52:30","modified_gmt":"2016-05-30T08:52:30","slug":"el-estudiante-encontrara-una-oferta-que-se-adapta-a-las-necesidades-de-las-empresas-de-nuestro-entorno","status":"publish","type":"post","link":"https:\/\/www.upo.es\/diario\/entrevista\/2016\/05\/el-estudiante-encontrara-una-oferta-que-se-adapta-a-las-necesidades-de-las-empresas-de-nuestro-entorno\/","title":{"rendered":"\u00abEl estudiante encontrar\u00e1 una oferta que se adapta a las necesidades de las empresas de nuestro entorno\u00bb"},"content":{"rendered":"<figure id=\"attachment_13581284\" aria-describedby=\"caption-attachment-13581284\" style=\"width: 600px\" class=\"wp-caption aligncenter\"><a href=\"https:\/\/www.upo.es\/diario\/wp-content\/uploads\/2016\/05\/jesuscambra-600x399.jpg\"><img loading=\"lazy\" decoding=\"async\" class=\"size-full wp-image-13581284\" alt=\"Jes\u00fas Cambra Fierro, decano de la Facultad de Ciencias Empresariales de la UPO.\" src=\"https:\/\/www.upo.es\/diario\/wp-content\/uploads\/2016\/05\/jesuscambra-600x399.jpg\" width=\"600\" height=\"399\" srcset=\"https:\/\/www.upo.es\/diario\/wp-content\/uploads\/2016\/05\/jesuscambra-600x399.jpg 600w, https:\/\/www.upo.es\/diario\/wp-content\/uploads\/2016\/05\/jesuscambra-600x399-320x212.jpg 320w\" sizes=\"auto, (max-width: 600px) 100vw, 600px\" \/><\/a><figcaption id=\"caption-attachment-13581284\" class=\"wp-caption-text\">Jes\u00fas Cambra Fierro, decano de la Facultad de Ciencias Empresariales de la UPO.<\/figcaption><\/figure>\n<p><b>Jes\u00fas Cambra Fierro es licenciado en Administraci\u00f3n y Direcci\u00f3n de Empresas y licenciado en Econom\u00eda por la Universidad de Zaragoza. Doctor en Comercializaci\u00f3n e Investigaci\u00f3n de Mercados por la misma universidad, es profesor titular en el Departamento de Organizaci\u00f3n de Empresas y Marketing de la Universidad Pablo de Olavide. Acreditado a C\u00e1tedra desde 2013, es Honorary Research Fellow por la University of Strathclyde, Glasgow (RU). Sus investigaciones se centran en el \u00e1mbito del marketing estrat\u00e9gico, concretamente en el sector servicios y B2B, y en Supply Chain Management. Tambi\u00e9n tiene aportaciones relevantes en \u00e1reas relacionadas con la \u00e9tica empresarial. Participa de forma continuada en proyectos de I+D nacionales y europeos.<\/b><b>\u00a0<\/b><\/p>\n<p><b>\u00bfQu\u00e9 supone para usted estar al frente de la Facultad de Ciencias Empresariales?<\/b><b>\u00a0<\/b><\/p>\n<p>Coordinar el equipo decanal de esta facultad supone un gran honor y un reto important\u00edsimo. Tenemos la gran responsabilidad de gestionar un conjunto de recursos p\u00fablicos de la mejor manera posible, teniendo en cuenta que la formaci\u00f3n es fundamental para el bienestar de nuestra sociedad. Es un gran reto porque la sociedad cambia cada vez m\u00e1s y m\u00e1s r\u00e1pido, y debemos ser capaces de adaptarnos a esos cambios. Debemos hacer una apuesta important\u00edsima por la eficiencia, por la flexibilidad y por la calidad formativa. Como responsable del nuevo equipo decanal espero cumplir con las expectativas de aquellos que confiaron en m\u00ed para desempe\u00f1ar esta labor.<b>\u00a0<\/b><\/p>\n<p><b>\u00bfQui\u00e9nes integran el equipo decanal y cu\u00e1l es la competencia de cada uno?<\/b><b>\u00a0<\/b><\/p>\n<p>El equipo decanal est\u00e1 conformado por seis personas que representan a los tres departamentos mayoritarios con docencia en la facultad. En t\u00e9rminos m\u00e1s concretos, seis de las siete \u00e1reas acad\u00e9micas que conforman estos departamentos tienen presencia en el equipo. La profesora Guadalupe Valera es la vicedecana de Ordenaci\u00f3n Acad\u00e9mica, encargada de coordinar el plan de centro, horarios, ex\u00e1menes, trabajos de fin de grado y otras cuestiones relacionadas con asuntos de \u00edndole acad\u00e9mico. La profesora Cecilia T\u00e9llez, como vicedecana de Relaciones Internacionales, se encarga de gestionar los programas de intercambio y movilidad, as\u00ed como de gestionar posibles dobles titulaciones con universidades extranjeras. Tambi\u00e9n se ocupa de organizar las Olimpiadas de Econom\u00eda. El profesor \u00c1lvaro L\u00f3pez asume diversas responsabilidades, como la estrategia y la calidad, pero adem\u00e1s, por primera vez y de manera expl\u00edcita, asume tambi\u00e9n competencias como vicedecano de Estudiantes. Pensamos que de esta manera podremos gestionar las relaciones con nuestros alumnos de una manera m\u00e1s fluida y eficiente. Por su parte, el profesor Jos\u00e9 Manuel Ram\u00edrez asume las competencias de vicedecano de Pr\u00e1cticas y Relaciones Externas. En poco tiempo hemos sido capaces de seguir garantizando la eficacia en la gesti\u00f3n de esta actividad vital para la formaci\u00f3n del alumnado, pero adem\u00e1s hemos dado un paso muy importante en t\u00e9rminos de eficiencia y agilidad en la asignaci\u00f3n. Tenemos en mente un nuevo proceso de gesti\u00f3n que resulte m\u00e1s sencillo tanto para las empresas como para los tutores acad\u00e9micos.<\/p>\n<p>El equipo lo completa el profesor Juan Ba\u00f1os, como secretario del centro. Es el encargado de gestionar el presupuesto y los certificados. Adem\u00e1s, asume un rol importante en la gesti\u00f3n de los trabajos fin de grado. Me gustar\u00eda destacar en este punto la importancia que para el buen desarrollo de nuestra actividad tienen los directores acad\u00e9micos de grado. El profesor Ignacio Garc\u00eda es el responsable del Grado en An\u00e1lisis Econ\u00f3mico, la profesora Raquel Fl\u00f3rez coordina el Grado en Finanzas y Contabilidad, y los profesores Juan Carlos Real y B\u00e1rbara Larra\u00f1eta se encargan de los Grados en Administraci\u00f3n y Direcci\u00f3n de Empresas en espa\u00f1ol e ingl\u00e9s, respectivamente.\u00a0<b>\u00a0<\/b><\/p>\n<p><b>\u00bfQu\u00e9 puede encontrar el estudiante en esta facultad que no encuentre en otras?<\/b><b>\u00a0<\/b><\/p>\n<p>Nuestros grados abarcan un espectro amplio que va desde una formaci\u00f3n gen\u00e9rica en administraci\u00f3n y direcci\u00f3n de empresas a otras m\u00e1s concretas centradas en el \u00e1mbito de finanzas, contabilidad y an\u00e1lisis econ\u00f3mico. Si nos comparamos con facultades de econom\u00eda y empresa de otras universidades, el estudiante encontrar\u00e1 una oferta que se adapta a las necesidades de las empresas de nuestro entorno. La UPO viene haciendo un esfuerzo muy importante desde antes de la entrada en vigor del Espacio Europeo de Educaci\u00f3n Superior. Gracias a ese esfuerzo, a la motivaci\u00f3n del profesorado, al desarrollo de las EPDs, o al fomento de competencias tales como el trabajo en grupo, nuestros egresados son altamente valorados por las empresas. Los grupos reducidos son un elemento diferenciador. Creo que estamos en disposici\u00f3n de ofrecer a todos nuestros alumnos una atenci\u00f3n personalizada dentro de la diversidad.<\/p>\n<p>Adem\u00e1s, cara al pr\u00f3ximo curso, vamos a comenzar una experiencia pionera vinculada al fomento del coaching y la inteligencia emocional del profesorado. Ello permitir\u00e1 que el profesorado siga transmitiendo entusiasmo a nuestros alumnos, que sean capaces de identificar talento, de atender adecuadamente la diversidad y de sacar el mayor provecho posible a nuestros alumnos.<\/p>\n<p>El claustro de profesores est\u00e1 siempre atento a nuevos enfoques docentes y son muchos los proyectos de innovaci\u00f3n docente que se plantean en la facultad. Estamos valorando, aunque todav\u00eda est\u00e1 una fase muy embrionaria, metodolog\u00edas docentes basadas en proyectos. A principios del pr\u00f3ximo curso vamos a plantear una jornada de innovaci\u00f3n en la que podamos intercambiar experiencias y coordinar nuevos enfoques.<\/p>\n<p>Por \u00faltimo, me gustar\u00eda destacar un nuevo proyecto de pr\u00e1cticas de excelencia que presentaremos pr\u00f3ximamente, intentando acercar a nuestros alumnos a empresas en las que puedan desarrollar una carrera profesional interesante, as\u00ed como otras sectoriales centradas en el sector bancario y de seguros.<\/p>\n<p>En definitiva, tenemos una facultad din\u00e1mica, abierta al entorno, con una gran preocupaci\u00f3n por ofrecer una docencia de calidad, adaptada a las necesidades de la sociedad, en la que el alumnado puede desarrollar todo su potencial.<b>\u00a0<\/b><\/p>\n<p><b>H\u00e1bleme de las titulaciones de su facultad.<\/b><b>\u00a0<\/b><\/p>\n<p>Nuestra facultad ofrece tres grados. El Grado en Administraci\u00f3n y Direcci\u00f3n de Empresas (ADE) brinda a los estudiantes una formaci\u00f3n integral en el \u00e1mbito de la gesti\u00f3n de organizaciones. Se pretende que los alumnos adquieran conocimientos de estrategia, econom\u00eda, contabilidad, finanzas, marketing, y recursos humanos. Este grado se oferta en castellano y en ingl\u00e9s.<\/p>\n<p>El Grado en Finanzas y Contabilidad (FICO) se centra en aspectos mucho m\u00e1s concretos, vinculados a la administraci\u00f3n contable y gesti\u00f3n financiera de la empresa. Adem\u00e1s, capacita al alumnado para desarrollar su futura actividad profesional en el \u00e1mbito de la banca, seguros, auditor\u00eda, gesti\u00f3n de patrimonios, y mercados financieros.<\/p>\n<p>Tanto el Grado en ADE como el de FICO pueden complementarse con un Grado en Derecho conformando, quiz\u00e1s, unos de los dobles grados m\u00e1s populares de nuestro campus.<\/p>\n<p>El tercer grado que puede cursarse es el de An\u00e1lisis Econ\u00f3mico. El objetivo que perseguimos con este grado es el de formar a futuros profesionales altamente cualificados para abordar los problemas econ\u00f3micos de la sociedad, la empresa y la administraci\u00f3n p\u00fablica.<b>\u00a0<\/b><\/p>\n<p><b>\u00bfQu\u00e9 retos y qu\u00e9 proyectos se plantea hoy en d\u00eda su decanato?<\/b><b>\u00a0<\/b><\/p>\n<p>El reto fundamental es el de seguir formando futuros profesionales en el \u00e1mbito de la econom\u00eda y empresa. Queremos que no solo las empresas, sino la sociedad en general, perciban los elementos diferenciales de nuestra facultad: cualificaci\u00f3n, adaptaci\u00f3n y excelencia. Para ello, como nuevo equipo decanal estamos totalmente inmersos ahora mismo en la elaboraci\u00f3n de un nuevo plan estrat\u00e9gico que sirva de gu\u00eda para los pr\u00f3ximos a\u00f1os. Hemos sido capaces de involucrar a empresas relevantes de nuestro entorno, a profesores y alumnos. Queremos seguir siendo referencia en modelos de innovaci\u00f3n docente, consolidar la proyecci\u00f3n internacional, estar m\u00e1s pr\u00f3ximos a las empresas e instituciones de nuestro entorno, plantear posibles nuevas titulaciones que se adapten a las necesidades y demandas de nuestro entorno, simplificar procesos y ser m\u00e1s eficientes en la gesti\u00f3n interna. En definitiva, apostar por la excelencia acad\u00e9mica en nuestro \u00e1mbito formativo.<\/p>\n","protected":false},"excerpt":{"rendered":"<p>Entrevista a Jes\u00fas Cambra Fierro, decano de la Facultad de Ciencias Empresariales de la UPO<\/p>\n","protected":false},"author":2,"featured_media":13625997,"comment_status":"closed","ping_status":"open","sticky":false,"template":"","format":"standard","meta":{"_monsterinsights_skip_tracking":false,"_monsterinsights_sitenote_active":false,"_monsterinsights_sitenote_note":"","_monsterinsights_sitenote_category":0,"footnotes":""},"categories":[24],"tags":[1950,1363,21,360,266],"class_list":["post-13581283","post","type-post","status-publish","format-standard","has-post-thumbnail","hentry","category-entrevista","tag-decano","tag-dobles-grados","tag-estudiantes","tag-facultad-de-ciencias-empresariales","tag-grados"],"_links":{"self":[{"href":"https:\/\/www.upo.es\/diario\/wp-json\/wp\/v2\/posts\/13581283","targetHints":{"allow":["GET"]}}],"collection":[{"href":"https:\/\/www.upo.es\/diario\/wp-json\/wp\/v2\/posts"}],"about":[{"href":"https:\/\/www.upo.es\/diario\/wp-json\/wp\/v2\/types\/post"}],"author":[{"embeddable":true,"href":"https:\/\/www.upo.es\/diario\/wp-json\/wp\/v2\/users\/2"}],"replies":[{"embeddable":true,"href":"https:\/\/www.upo.es\/diario\/wp-json\/wp\/v2\/comments?post=13581283"}],"version-history":[{"count":7,"href":"https:\/\/www.upo.es\/diario\/wp-json\/wp\/v2\/posts\/13581283\/revisions"}],"predecessor-version":[{"id":13626002,"href":"https:\/\/www.upo.es\/diario\/wp-json\/wp\/v2\/posts\/13581283\/revisions\/13626002"}],"wp:featuredmedia":[{"embeddable":true,"href":"https:\/\/www.upo.es\/diario\/wp-json\/wp\/v2\/media\/13625997"}],"wp:attachment":[{"href":"https:\/\/www.upo.es\/diario\/wp-json\/wp\/v2\/media?parent=13581283"}],"wp:term":[{"taxonomy":"category","embeddable":true,"href":"https:\/\/www.upo.es\/diario\/wp-json\/wp\/v2\/categories?post=13581283"},{"taxonomy":"post_tag","embeddable":true,"href":"https:\/\/www.upo.es\/diario\/wp-json\/wp\/v2\/tags?post=13581283"}],"curies":[{"name":"wp","href":"https:\/\/api.w.org\/{rel}","templated":true}]}}