{"id":13581286,"date":"2016-05-30T05:19:59","date_gmt":"2016-05-30T05:19:59","guid":{"rendered":"https:\/\/www.upo.es\/diario\/?p=13581286"},"modified":"2016-05-30T07:19:50","modified_gmt":"2016-05-30T07:19:50","slug":"el-rector-de-la-upo-preside-el-lunes-la-entrega-de-diplomas-de-formacion-en-emprendimiento-impartida-por-persan","status":"publish","type":"post","link":"https:\/\/www.upo.es\/diario\/institucional\/2016\/05\/el-rector-de-la-upo-preside-el-lunes-la-entrega-de-diplomas-de-formacion-en-emprendimiento-impartida-por-persan\/","title":{"rendered":"El rector de la UPO preside hoy lunes la entrega de diplomas de Formaci\u00f3n en Emprendimiento, impartida por Pers\u00e1n"},"content":{"rendered":"<p>Hoy lunes 30 de mayo, a las 10:30 horas en la sala de prensa del Rectorado \u00a0de la Universidad Pablo de Olavide, el rector de la UPO, Vicente Guzm\u00e1n Fluja; la presidenta de la Fundaci\u00f3n Pers\u00e1n, Concha Yoldi Garc\u00eda; el vicerrector de Estrategia, Empleabilidad y Emprendimiento de la UPO, Jos\u00e9 Manuel Feria Dom\u00ednguez y el gerente de la Fundaci\u00f3n Pers\u00e1n, Jos\u00e9 Castro Mora, presidir\u00e1n el acto de entrega de diplomas correspondientes a la Formaci\u00f3n en Emprendimiento, impartida por la Fundaci\u00f3n Pers\u00e1n, previa al VIII Concurso de Ideas y Proyectos Emprendedores de la Universidad Pablo de Olavide de Sevilla.<\/p>\n","protected":false},"excerpt":{"rendered":"<p>Hoy lunes 30 de mayo, a las 10:30 horas en la sala de prensa del Rectorado  de la Universidad Pablo de Olavide, el rector de la UPO, Vicente Guzm\u00e1n Fluja; la presidenta de la Fundaci\u00f3n Pers\u00e1n, Concha Yoldi Garc\u00eda; el vicerrector de Estrategia, Empleabilidad y Emprendimiento de la UPO, Jos\u00e9 Manuel Feria Dom\u00ednguez y el gerente de la Fundaci\u00f3n Pers\u00e1n, Jos\u00e9 Castro Mora, presidir\u00e1n el acto de entrega de diplomas correspondientes a la Formaci\u00f3n en Emprendimiento, impartida por la Fundaci\u00f3n Pers\u00e1n, previa al VIII Concurso de Ideas y Proyectos Emprendedores de la Universidad Pablo de Olavide de Sevilla.<\/p>\n","protected":false},"author":2,"featured_media":0,"comment_status":"closed","ping_status":"open","sticky":false,"template":"","format":"standard","meta":{"_monsterinsights_skip_tracking":false,"_monsterinsights_sitenote_active":false,"_monsterinsights_sitenote_note":"","_monsterinsights_sitenote_category":0,"footnotes":""},"categories":[6],"tags":[1672,689,3392],"class_list":["post-13581286","post","type-post","status-publish","format-standard","hentry","category-institucional","tag-diplomas","tag-emprendimiento","tag-fundacion-persan"],"_links":{"self":[{"href":"https:\/\/www.upo.es\/diario\/wp-json\/wp\/v2\/posts\/13581286","targetHints":{"allow":["GET"]}}],"collection":[{"href":"https:\/\/www.upo.es\/diario\/wp-json\/wp\/v2\/posts"}],"about":[{"href":"https:\/\/www.upo.es\/diario\/wp-json\/wp\/v2\/types\/post"}],"author":[{"embeddable":true,"href":"https:\/\/www.upo.es\/diario\/wp-json\/wp\/v2\/users\/2"}],"replies":[{"embeddable":true,"href":"https:\/\/www.upo.es\/diario\/wp-json\/wp\/v2\/comments?post=13581286"}],"version-history":[{"count":2,"href":"https:\/\/www.upo.es\/diario\/wp-json\/wp\/v2\/posts\/13581286\/revisions"}],"predecessor-version":[{"id":13624723,"href":"https:\/\/www.upo.es\/diario\/wp-json\/wp\/v2\/posts\/13581286\/revisions\/13624723"}],"wp:attachment":[{"href":"https:\/\/www.upo.es\/diario\/wp-json\/wp\/v2\/media?parent=13581286"}],"wp:term":[{"taxonomy":"category","embeddable":true,"href":"https:\/\/www.upo.es\/diario\/wp-json\/wp\/v2\/categories?post=13581286"},{"taxonomy":"post_tag","embeddable":true,"href":"https:\/\/www.upo.es\/diario\/wp-json\/wp\/v2\/tags?post=13581286"}],"curies":[{"name":"wp","href":"https:\/\/api.w.org\/{rel}","templated":true}]}}