{"id":13642558,"date":"2016-05-31T05:04:45","date_gmt":"2016-05-31T05:04:45","guid":{"rendered":"https:\/\/www.upo.es\/diario\/?p=13642558"},"modified":"2016-06-01T10:59:20","modified_gmt":"2016-06-01T10:59:20","slug":"la-olavide-invita-a-los-estudiantes-que-se-examinan-de-selectividad-a-conocer-previamente-la-universidad-3","status":"publish","type":"post","link":"https:\/\/www.upo.es\/diario\/institucional\/2016\/05\/la-olavide-invita-a-los-estudiantes-que-se-examinan-de-selectividad-a-conocer-previamente-la-universidad-3\/","title":{"rendered":"La Olavide invita a los estudiantes que se examinan de Selectividad a conocer previamente la Universidad"},"content":{"rendered":"<p>&nbsp;<\/p>\n<figure id=\"attachment_13642559\" aria-describedby=\"caption-attachment-13642559\" style=\"width: 320px\" class=\"wp-caption alignright\"><a href=\"https:\/\/www.upo.es\/diario\/wp-content\/uploads\/2016\/05\/jselectividad2.jpg\"><img loading=\"lazy\" decoding=\"async\" class=\"size-medium wp-image-13642559\" alt=\"Jornadas de Preparaci\u00f3n para la PAU celebrada el a\u00f1o pasado\" src=\"https:\/\/www.upo.es\/diario\/wp-content\/uploads\/2016\/05\/jselectividad2-320x213.jpg\" width=\"320\" height=\"213\" srcset=\"https:\/\/www.upo.es\/diario\/wp-content\/uploads\/2016\/05\/jselectividad2-320x213.jpg 320w, https:\/\/www.upo.es\/diario\/wp-content\/uploads\/2016\/05\/jselectividad2-600x400.jpg 600w\" sizes=\"auto, (max-width: 320px) 100vw, 320px\" \/><\/a><figcaption id=\"caption-attachment-13642559\" class=\"wp-caption-text\">Jornadas de Preparaci\u00f3n para la PAU celebrada el a\u00f1o pasado<\/figcaption><\/figure>\n<p><span style=\"text-decoration: underline;\">Ma\u00f1ana mi\u00e9rcoles 1 de junio, a las 10.00 horas, en el Paraninfo de la \u00a0<\/span><a href=\"http:\/\/www.upo.es\/portal\/impe\/web\/portada\">Universidad Pablo de Olavide<\/a>, los m\u00e1s de 1.000 estudiantes de los 24 centros de Secundaria de Sevilla y provincia que har\u00e1n la Selectividad dentro de dos semanas tienen una cita previa con la UPO. La Olavide ha invitado a estos estudiantes a conocer las instalaciones en las que van a realizar los ex\u00e1menes, as\u00ed como el proceso de las pruebas, consejos pr\u00e1cticos sobre las mismas, el horario y ubicaci\u00f3n de las sedes.<\/p>\n<p>Las <b>Jornadas de Preparaci\u00f3n para la Prueba de Acceso a la Universidad<\/b>, organizadas por \u00c1rea de Gesti\u00f3n Administrativa de Asistencia al Estudiante de Grado a trav\u00e9s de la Direcci\u00f3n General de Acceso, Difusi\u00f3n y Captaci\u00f3n, perteneciente al Vicerrectorado de Estudiantes, tienen como fin favorecer el buen desarrollo de la Selectividad mediante el conocimiento del proceso de desarrollo de estas pruebas y de las instalaciones donde van a realizarse.<\/p>\n<p>Las jornadas comenzar\u00e1n con una charla informativa en la que Mercedes de la Torre Garc\u00eda, directora general de Acceso, Difusi\u00f3n y Captaci\u00f3n, y personal del \u00c1rea de Gesti\u00f3n Administrativa de Asistencia al Estudiante de Grado, informar\u00e1n a los estudiantes sobre la Selectividad y el Proceso de Preinscripci\u00f3n Universitaria.<\/p>\n<p>Tras la charla informativa, los alumnos podr\u00e1n conocer con antelaci\u00f3n el lugar donde van a examinarse en el campus de la UPO, acompa\u00f1ados por estudiantes de la propia universidad p\u00fablica sevillana, en una visita a las aulas de las distintas sedes de Selectividad.<\/p>\n<p align=\"center\"><b>\u00a0<\/b><\/p>\n<p align=\"center\"><b>PROGRAMA<\/b><\/p>\n<p align=\"center\"><b>\u00a0<\/b><\/p>\n<div align=\"center\">\n<table width=\"546\" border=\"1\" cellspacing=\"0\" cellpadding=\"0\">\n<tbody>\n<tr>\n<td width=\"103\">\n<p align=\"center\"><b>\u00a0<\/b><\/p>\n<p align=\"center\"><b>HORARIO<\/b><\/p>\n<p align=\"center\">\n<\/td>\n<td width=\"123\">\n<p align=\"center\"><b>INSTALACI\u00d3N<\/b><\/p>\n<\/td>\n<td width=\"189\">\n<p align=\"center\"><b>ACTIVIDAD<\/b><\/p>\n<\/td>\n<td width=\"131\">\n<p align=\"center\"><b>RESPONSABLES<\/b><\/p>\n<\/td>\n<\/tr>\n<tr>\n<td width=\"103\">\n<p align=\"center\"><b>09:45 &#8211; 10:00<\/b><\/p>\n<\/td>\n<td width=\"123\">\n<p align=\"center\">Plaza de Am\u00e9rica \u2013 Rectorado<\/p>\n<\/td>\n<td width=\"189\">\n<p align=\"center\">Recepci\u00f3n<\/p>\n<\/td>\n<td width=\"131\">\n<p align=\"center\">\u00c1rea de G. A.<\/p>\n<p align=\"center\">de Asistencia al Estudiante de Grado<\/p>\n<\/td>\n<\/tr>\n<tr>\n<td width=\"103\">\n<p align=\"center\"><b>10:00 &#8211; 11:15<\/b><\/p>\n<\/td>\n<td rowspan=\"3\" width=\"123\">\n<p align=\"center\">Paraninfo<\/p>\n<\/td>\n<td width=\"189\">\n<p align=\"center\">Bienvenida Institucional<\/p>\n<\/td>\n<td width=\"131\">\n<p align=\"center\">Directora General de Acceso, Difusi\u00f3n y Captaci\u00f3n<\/p>\n<\/td>\n<\/tr>\n<tr>\n<td width=\"103\">\n<p align=\"center\"><b>10:15 &#8211;\u00a0 11:00<\/b><\/p>\n<\/td>\n<td width=\"189\">\n<p align=\"center\">Charla informativa sobre estructura, contenido, criterios de evaluaci\u00f3n y orientaciones de la prueba de Selectividad<\/p>\n<\/td>\n<td rowspan=\"2\" width=\"131\">\n<p align=\"center\">\u00c1rea de G. A.<\/p>\n<p align=\"center\">de Asistencia al Estudiante de Grado<\/p>\n<\/td>\n<\/tr>\n<tr>\n<td width=\"103\">\n<p align=\"center\"><b>11:00 \u2013 11:30<\/b><\/p>\n<\/td>\n<td width=\"189\">\n<p align=\"center\">Informaci\u00f3n pr\u00e1ctica sobre la organizaci\u00f3n de la prueba (ubicaci\u00f3n de sedes, recursos\u2026)\u00a0 y del proceso de preinscripci\u00f3n y matriculaci\u00f3n<\/p>\n<\/td>\n<\/tr>\n<tr>\n<td width=\"103\">\n<p align=\"center\"><b>11:30 \u2013 13:00<\/b><\/p>\n<\/td>\n<td width=\"123\">\n<p align=\"center\">Campus de la UPO<\/p>\n<\/td>\n<td width=\"189\">\n<p align=\"center\">Visita guiada a la Sede de Selectividad y a los Servicios generales de la UPO dispuestos para la realizaci\u00f3n de la prueba<\/p>\n<\/td>\n<td width=\"131\">\n<p align=\"center\">Alumnos &#8211; Lazarillos<\/p>\n<\/td>\n<\/tr>\n<tr>\n<td width=\"103\">\n<p align=\"center\"><b>13:00 \u2013 13:15<\/b><\/p>\n<\/td>\n<td width=\"123\">\n<p align=\"center\">Plaza de Am\u00e9rica \u2013 Rectorado<\/p>\n<\/td>\n<td width=\"189\">\n<p align=\"center\">Fin de la actividad<\/p>\n<\/td>\n<td width=\"131\"><\/td>\n<\/tr>\n<\/tbody>\n<\/table>\n<\/div>\n<p align=\"center\"><b>\u00a0<\/b><\/p>\n","protected":false},"excerpt":{"rendered":"<p>Ma\u00f1ana mi\u00e9rcoles 1 de junio, a las 10.00 horas, en el Paraninfo de la  Universidad Pablo de Olavide, los m\u00e1s de 1.000 estudiantes de los 24 centros de Secundaria de Sevilla y provincia que har\u00e1n la Selectividad dentro de dos semanas tienen una cita previa con la UPO. La Olavide ha invitado a estos estudiantes a conocer las instalaciones en las que van a realizar los ex\u00e1menes, as\u00ed como el proceso de las pruebas, consejos pr\u00e1cticos sobre las mismas, el horario y ubicaci\u00f3n de las sedes.<\/p>\n","protected":false},"author":4,"featured_media":0,"comment_status":"closed","ping_status":"open","sticky":false,"template":"","format":"standard","meta":{"_monsterinsights_skip_tracking":false,"_monsterinsights_sitenote_active":false,"_monsterinsights_sitenote_note":"","_monsterinsights_sitenote_category":0,"footnotes":""},"categories":[6],"tags":[644,21,84,668,690,665,2114],"class_list":["post-13642558","post","type-post","status-publish","format-standard","hentry","category-institucional","tag-bachillerato","tag-estudiantes","tag-jornadas","tag-pau","tag-prueba-de-acceso-a-la-universidad","tag-selectividad","tag-vicerrectorado-de-estudiantes"],"_links":{"self":[{"href":"https:\/\/www.upo.es\/diario\/wp-json\/wp\/v2\/posts\/13642558","targetHints":{"allow":["GET"]}}],"collection":[{"href":"https:\/\/www.upo.es\/diario\/wp-json\/wp\/v2\/posts"}],"about":[{"href":"https:\/\/www.upo.es\/diario\/wp-json\/wp\/v2\/types\/post"}],"author":[{"embeddable":true,"href":"https:\/\/www.upo.es\/diario\/wp-json\/wp\/v2\/users\/4"}],"replies":[{"embeddable":true,"href":"https:\/\/www.upo.es\/diario\/wp-json\/wp\/v2\/comments?post=13642558"}],"version-history":[{"count":10,"href":"https:\/\/www.upo.es\/diario\/wp-json\/wp\/v2\/posts\/13642558\/revisions"}],"predecessor-version":[{"id":13658476,"href":"https:\/\/www.upo.es\/diario\/wp-json\/wp\/v2\/posts\/13642558\/revisions\/13658476"}],"wp:attachment":[{"href":"https:\/\/www.upo.es\/diario\/wp-json\/wp\/v2\/media?parent=13642558"}],"wp:term":[{"taxonomy":"category","embeddable":true,"href":"https:\/\/www.upo.es\/diario\/wp-json\/wp\/v2\/categories?post=13642558"},{"taxonomy":"post_tag","embeddable":true,"href":"https:\/\/www.upo.es\/diario\/wp-json\/wp\/v2\/tags?post=13642558"}],"curies":[{"name":"wp","href":"https:\/\/api.w.org\/{rel}","templated":true}]}}