{"id":13675005,"date":"2016-06-03T05:35:23","date_gmt":"2016-06-03T05:35:23","guid":{"rendered":"https:\/\/www.upo.es\/diario\/?p=13675005"},"modified":"2016-06-06T07:18:36","modified_gmt":"2016-06-06T07:18:36","slug":"manana-ii-congreso-de-estudiantes-de-grado-de-la-facultad-de-humanidades","status":"publish","type":"post","link":"https:\/\/www.upo.es\/diario\/institucional\/2016\/06\/manana-ii-congreso-de-estudiantes-de-grado-de-la-facultad-de-humanidades\/","title":{"rendered":"II Congreso de Estudiantes de Grado de la Facultad de Humanidades"},"content":{"rendered":"<figure id=\"attachment_13689062\" aria-describedby=\"caption-attachment-13689062\" style=\"width: 600px\" class=\"wp-caption aligncenter\"><a href=\"https:\/\/www.upo.es\/diario\/wp-content\/uploads\/2016\/06\/c_estudiantes_fhumanidades.jpg\"><img loading=\"lazy\" decoding=\"async\" class=\"size-large wp-image-13689062\" alt=\"Manuel Alejandro Gonz\u00e1lez Mu\u00f1oz y la decana Rosario Moreno Soldevila en la presentaci\u00f3n del congreso. \" src=\"https:\/\/www.upo.es\/diario\/wp-content\/uploads\/2016\/06\/c_estudiantes_fhumanidades-600x400.jpg\" width=\"600\" height=\"400\" srcset=\"https:\/\/www.upo.es\/diario\/wp-content\/uploads\/2016\/06\/c_estudiantes_fhumanidades-600x400.jpg 600w, https:\/\/www.upo.es\/diario\/wp-content\/uploads\/2016\/06\/c_estudiantes_fhumanidades-320x213.jpg 320w\" sizes=\"auto, (max-width: 600px) 100vw, 600px\" \/><\/a><figcaption id=\"caption-attachment-13689062\" class=\"wp-caption-text\">Manuel Alejandro Gonz\u00e1lez Mu\u00f1oz y la decana Rosario Moreno Soldevila en la presentaci\u00f3n del congreso.<\/figcaption><\/figure>\n<p>Hoy viernes 3 de junio se celebra en la Universidad Pablo de Olavide el\u00a0<b>II Congreso de Estudiantes de Grado de la Facultad de Humanidades \u201cTras las huellas de la Antig\u00fcedad\u201d<\/b>,un encuentro en el que los estudiantes de las distintas titulaciones de esta facultad tienen la oportunidad de presentar sus trabajos de fin de grado cuyo tema gire en torno a cualquier aspecto de del Mundo Antiguo desde cualquiera de las disciplinas human\u00edsticas.<\/p>\n<p>Organizado por la <a href=\"https:\/\/www.upo.es\/revistas\/index.php\/italica\/index\">Revista It\u00e1lica<\/a> y la Facultad de Humanidades de la UPO, el congreso ha sido presentado por la decana de dicha facultad, Rosario Moreno Soldevila, y por Manuel Alejandro Gonz\u00e1lez Mu\u00f1oz, gestor y coeditor de la citada revista.<\/p>\n<p>Con este encuentro se pretende fomentar la visibilidad de los estudios sobre el Mundo Antiguo y reflexionar sobre su vigencia y pertinencia, ofreciendo a los estudiantes la posibilidad de que compartan y difundan su trabajo por primera vez y brindando a los asistentes \u00a0la oportunidad de conocer de primera mano la experiencia de c\u00f3mo se afronta la realizaci\u00f3n de un trabajo de estas caracter\u00edsticas.<\/p>\n<p>Este a\u00f1o participan como ponentes cinco estudiantes de los grados en Geograf\u00eda e Historia, Humanidades y Doble Grado en Humanidades y Traducci\u00f3n e Interpretaci\u00f3n, que abordar\u00e1n cuestiones relacionadas con la Arqueolog\u00eda y su uso did\u00e1ctico a trav\u00e9s de las nuevas tecnolog\u00edas, y la pervivencia de los cl\u00e1sicos en el teatro, la \u00f3pera o la literatura m\u00e1s contempor\u00e1nea, como es el caso de la saga <i>A song of Ice and Fire<\/i>, de G.R.R. Martin (m\u00e1s conocida como \u201cJuego de Tronos\u201d). Como novedad, se impartir\u00e1 el taller \u201cC\u00f3mo transformar tu TFG en un art\u00edculo cient\u00edfico\u201d.<\/p>\n<p>La <b>Revista It\u00e1lica<\/b> es una publicaci\u00f3n digital para j\u00f3venes investigadores del Mundo Antiguo gestionada por estudiantes del\u00a0 Doble Grado en Humanidades y Traducci\u00f3n e Interpretaci\u00f3n de la Universidad Pablo de Olavide. Esta revista nace para compilar y difundir los trabajos y art\u00edculos de car\u00e1cter cient\u00edfico de j\u00f3venes investigadores relacionados con la Antig\u00fcedad. De esta manera, la Revista It\u00e1lica brinda a estos estudiantes la posibilidad de publicar los resultados de sus trabajos de fin de grado y m\u00e1ster en forma de art\u00edculos, adem\u00e1s de publicar creaciones literarias inspiradas en la Antig\u00fcedad Grecolatina. Adem\u00e1s de estudiantes universitarios, en esta revista pueden publicar estudiantes de Secundaria y Bachillerato con inquietudes investigadoras sobre el Mundo Antiguo.<\/p>\n<p><b><a href=\"https:\/\/www.upo.es\/fhum\/contenido?pag=\/portal\/fhum\/noticias\/Tras_huellas_Antiguedad&amp;vE=\">Programa del II Congreso de Estudiantes de Grado de la Facultad de Humanidades<\/a><\/b><\/p>\n","protected":false},"excerpt":{"rendered":"<p>La Universidad Pablo de Olavide celebra el II Congreso de Estudiantes de Grado de la Facultad de Humanidades \u201cTras las huellas de la Antig\u00fcedad\u201d,un encuentro en el que los estudiantes de las distintas titulaciones de esta facultad tienen la oportunidad de presentar sus trabajos de fin de grado cuyo tema gire en torno a cualquier aspecto de del Mundo Antiguo desde cualquiera de las disciplinas human\u00edsticas.<\/p>\n","protected":false},"author":2,"featured_media":0,"comment_status":"closed","ping_status":"open","sticky":false,"template":"","format":"standard","meta":{"_monsterinsights_skip_tracking":false,"_monsterinsights_sitenote_active":false,"_monsterinsights_sitenote_note":"","_monsterinsights_sitenote_category":0,"footnotes":""},"categories":[6],"tags":[2694,354,2701,1363,21,96,266,2386,2546],"class_list":["post-13675005","post","type-post","status-publish","format-standard","hentry","category-institucional","tag-antiguedad","tag-congreso","tag-decana","tag-dobles-grados","tag-estudiantes","tag-facultad-de-humanidades","tag-grados","tag-mundo-antiguo","tag-revista-italica"],"_links":{"self":[{"href":"https:\/\/www.upo.es\/diario\/wp-json\/wp\/v2\/posts\/13675005","targetHints":{"allow":["GET"]}}],"collection":[{"href":"https:\/\/www.upo.es\/diario\/wp-json\/wp\/v2\/posts"}],"about":[{"href":"https:\/\/www.upo.es\/diario\/wp-json\/wp\/v2\/types\/post"}],"author":[{"embeddable":true,"href":"https:\/\/www.upo.es\/diario\/wp-json\/wp\/v2\/users\/2"}],"replies":[{"embeddable":true,"href":"https:\/\/www.upo.es\/diario\/wp-json\/wp\/v2\/comments?post=13675005"}],"version-history":[{"count":8,"href":"https:\/\/www.upo.es\/diario\/wp-json\/wp\/v2\/posts\/13675005\/revisions"}],"predecessor-version":[{"id":13734525,"href":"https:\/\/www.upo.es\/diario\/wp-json\/wp\/v2\/posts\/13675005\/revisions\/13734525"}],"wp:attachment":[{"href":"https:\/\/www.upo.es\/diario\/wp-json\/wp\/v2\/media?parent=13675005"}],"wp:term":[{"taxonomy":"category","embeddable":true,"href":"https:\/\/www.upo.es\/diario\/wp-json\/wp\/v2\/categories?post=13675005"},{"taxonomy":"post_tag","embeddable":true,"href":"https:\/\/www.upo.es\/diario\/wp-json\/wp\/v2\/tags?post=13675005"}],"curies":[{"name":"wp","href":"https:\/\/api.w.org\/{rel}","templated":true}]}}