{"id":13734526,"date":"2016-06-06T07:45:39","date_gmt":"2016-06-06T07:45:39","guid":{"rendered":"https:\/\/www.upo.es\/diario\/?p=13734526"},"modified":"2016-06-06T07:45:39","modified_gmt":"2016-06-06T07:45:39","slug":"ceremonia-de-egresados-del-doble-grado-en-trabajo-social-y-educacion-social-de-la-upo-2","status":"publish","type":"post","link":"https:\/\/www.upo.es\/diario\/institucional\/2016\/06\/ceremonia-de-egresados-del-doble-grado-en-trabajo-social-y-educacion-social-de-la-upo-2\/","title":{"rendered":"Ceremonia de egresados del doble grado en Trabajo Social y Educaci\u00f3n Social de la UPO"},"content":{"rendered":"<figure id=\"attachment_13734527\" aria-describedby=\"caption-attachment-13734527\" style=\"width: 600px\" class=\"wp-caption aligncenter\"><a href=\"https:\/\/www.upo.es\/diario\/wp-content\/uploads\/2016\/06\/160603-UPO_358.jpg\"><img loading=\"lazy\" decoding=\"async\" class=\"size-large wp-image-13734527\" alt=\"Tercera promoci\u00f3n del doble grado en Trabajo Social y Educaci\u00f3n Social de la UPO:\" src=\"https:\/\/www.upo.es\/diario\/wp-content\/uploads\/2016\/06\/160603-UPO_358-600x400.jpg\" width=\"600\" height=\"400\" srcset=\"https:\/\/www.upo.es\/diario\/wp-content\/uploads\/2016\/06\/160603-UPO_358-600x400.jpg 600w, https:\/\/www.upo.es\/diario\/wp-content\/uploads\/2016\/06\/160603-UPO_358-320x213.jpg 320w\" sizes=\"auto, (max-width: 600px) 100vw, 600px\" \/><\/a><figcaption id=\"caption-attachment-13734527\" class=\"wp-caption-text\">Tercera promoci\u00f3n del doble grado en Trabajo Social y Educaci\u00f3n Social de la UPO:<\/figcaption><\/figure>\n<p style=\"text-align: justify;\">La ceremonia de egresados de la tercera promoci\u00f3n (2011\/2016) del doble grado en Trabajo Social y Educaci\u00f3n Social se celebr\u00f3 el pasado viernes en la Universidad Pablo de Olavide, presidida por Rosa Mar\u00eda D\u00edaz Jim\u00e9nez, decana de la Facultad de Ciencias Sociales.<\/p>\n<figure id=\"attachment_13735069\" aria-describedby=\"caption-attachment-13735069\" style=\"width: 213px\" class=\"wp-caption alignright\"><a href=\"https:\/\/www.upo.es\/diario\/wp-content\/uploads\/2016\/06\/160603-UPO_050.jpg\"><img loading=\"lazy\" decoding=\"async\" class=\"size-medium wp-image-13735069\" alt=\"La madrina de la promoci\u00f3n ha sido Ana G\u00f3mez P\u00e9rez, jefe del Gabinete del Defensor del Pueblo Andaluz.\" src=\"https:\/\/www.upo.es\/diario\/wp-content\/uploads\/2016\/06\/160603-UPO_050-213x320.jpg\" width=\"213\" height=\"320\" srcset=\"https:\/\/www.upo.es\/diario\/wp-content\/uploads\/2016\/06\/160603-UPO_050-213x320.jpg 213w, https:\/\/www.upo.es\/diario\/wp-content\/uploads\/2016\/06\/160603-UPO_050-400x600.jpg 400w, https:\/\/www.upo.es\/diario\/wp-content\/uploads\/2016\/06\/160603-UPO_050-600x900.jpg 600w, https:\/\/www.upo.es\/diario\/wp-content\/uploads\/2016\/06\/160603-UPO_050.jpg 1600w\" sizes=\"auto, (max-width: 213px) 100vw, 213px\" \/><\/a><figcaption id=\"caption-attachment-13735069\" class=\"wp-caption-text\">La madrina de la promoci\u00f3n ha sido Ana G\u00f3mez P\u00e9rez, jefe del Gabinete del Defensor del Pueblo Andaluz.<\/figcaption><\/figure>\n<p style=\"text-align: justify;\">La madrina de la promoci\u00f3n ha sido Ana G\u00f3mez P\u00e9rez, jefa del gabinete del Defensor del Pueblo Andaluz. Asimismo, Ram\u00f3n Ram\u00edrez Gotor, profesor de Sociolog\u00eda de la UPO, ha sido padrino honor\u00edfico. A la ceremonia han asistido tambi\u00e9n la vicedecana de Ordenaci\u00f3n Acad\u00e9mica, Mar\u00eda \u00c1ngeles Huete Garc\u00eda y la directora acad\u00e9mica del grado de Trabajo Social, Estrella Abolafio Moreno. Los representantes de los estudiantes han sido Pilar G\u00f3mez Gradit, Cecilia Peguero Moreno y Salvador Gonz\u00e1lez Ligero.<\/p>\n<p style=\"text-align: justify;\">Un total de 57 egresados han asistido junto a sus familiares a este acto con el que la Universidad Pablo de Olavide recupera una antigua tradici\u00f3n de las universidades europeas.<\/p>\n","protected":false},"excerpt":{"rendered":"<p>La ceremonia de egresados de la tercera promoci\u00f3n (2011\/2016) del doble grado en Trabajo Social y Educaci\u00f3n Social se celebr\u00f3 el pasado viernes en la Universidad Pablo de Olavide, presidida por Rosa Mar\u00eda D\u00edaz Jim\u00e9nez, decana de la Facultad de Ciencias Sociales.<\/p>\n","protected":false},"author":4,"featured_media":0,"comment_status":"closed","ping_status":"open","sticky":false,"template":"","format":"standard","meta":{"_monsterinsights_skip_tracking":false,"_monsterinsights_sitenote_active":false,"_monsterinsights_sitenote_note":"","_monsterinsights_sitenote_category":0,"footnotes":""},"categories":[6],"tags":[581,2469,487],"class_list":["post-13734526","post","type-post","status-publish","format-standard","hentry","category-institucional","tag-ceremonia-de-egresados","tag-doble-grado-en-trabajo-social-y-educacion-social","tag-facultad-ciencias-sociales"],"_links":{"self":[{"href":"https:\/\/www.upo.es\/diario\/wp-json\/wp\/v2\/posts\/13734526","targetHints":{"allow":["GET"]}}],"collection":[{"href":"https:\/\/www.upo.es\/diario\/wp-json\/wp\/v2\/posts"}],"about":[{"href":"https:\/\/www.upo.es\/diario\/wp-json\/wp\/v2\/types\/post"}],"author":[{"embeddable":true,"href":"https:\/\/www.upo.es\/diario\/wp-json\/wp\/v2\/users\/4"}],"replies":[{"embeddable":true,"href":"https:\/\/www.upo.es\/diario\/wp-json\/wp\/v2\/comments?post=13734526"}],"version-history":[{"count":1,"href":"https:\/\/www.upo.es\/diario\/wp-json\/wp\/v2\/posts\/13734526\/revisions"}],"predecessor-version":[{"id":13735173,"href":"https:\/\/www.upo.es\/diario\/wp-json\/wp\/v2\/posts\/13734526\/revisions\/13735173"}],"wp:attachment":[{"href":"https:\/\/www.upo.es\/diario\/wp-json\/wp\/v2\/media?parent=13734526"}],"wp:term":[{"taxonomy":"category","embeddable":true,"href":"https:\/\/www.upo.es\/diario\/wp-json\/wp\/v2\/categories?post=13734526"},{"taxonomy":"post_tag","embeddable":true,"href":"https:\/\/www.upo.es\/diario\/wp-json\/wp\/v2\/tags?post=13734526"}],"curies":[{"name":"wp","href":"https:\/\/api.w.org\/{rel}","templated":true}]}}