{"id":13737778,"date":"2016-06-07T08:05:05","date_gmt":"2016-06-07T08:05:05","guid":{"rendered":"https:\/\/www.upo.es\/diario\/?p=13737778"},"modified":"2016-06-08T06:30:36","modified_gmt":"2016-06-08T06:30:36","slug":"presentacion-del-libro-la-intervencion-social-con-menores-promocionando-la-practica-profesional-espana","status":"publish","type":"post","link":"https:\/\/www.upo.es\/diario\/libros\/2016\/06\/presentacion-del-libro-la-intervencion-social-con-menores-promocionando-la-practica-profesional-espana\/","title":{"rendered":"Presentaci\u00f3n del libro \u201cLa intervenci\u00f3n social con menores. Promocionando la pr\u00e1ctica profesional. Espa\u00f1a\u201d"},"content":{"rendered":"<p><a href=\"https:\/\/www.upo.es\/diario\/wp-content\/uploads\/2016\/06\/libro_intervencionsocial.jpg\"><img loading=\"lazy\" decoding=\"async\" class=\"alignright size-medium wp-image-13737779\" alt=\"La intervenci\u00f3n social con menores\" src=\"https:\/\/www.upo.es\/diario\/wp-content\/uploads\/2016\/06\/libro_intervencionsocial-226x320.jpg\" width=\"226\" height=\"320\" srcset=\"https:\/\/www.upo.es\/diario\/wp-content\/uploads\/2016\/06\/libro_intervencionsocial-226x320.jpg 226w, https:\/\/www.upo.es\/diario\/wp-content\/uploads\/2016\/06\/libro_intervencionsocial.jpg 424w\" sizes=\"auto, (max-width: 226px) 100vw, 226px\" \/><\/a>Hoy martes 7 de junio, a las 19:00 horas en la sede de la Fundaci\u00f3n Gota de Leche, en la calle Manuel Rojas Marcos, 6, tendr\u00e1 lugar la presentaci\u00f3n del libro <b>\u201cLa intervenci\u00f3n social con menores. Promocionando la pr\u00e1ctica profesional. Espa\u00f1a\u201d<\/b> (Dykinson Editorial, 2016), cuyas coordinadoras son las profesoras del Departamento de Trabajo Social y Servicios Sociales de la Universidad Pablo de Olavide Concepci\u00f3n Nieto-Morales y Nuria Cordero Ramos.<\/p>\n<p>El acto de presentaci\u00f3n del libro contar\u00e1 con las intervenciones del profesor Ignacio G\u00f3mez de Terreros, acad\u00e9mico numerario de la Real Academia de Medicina de Sevilla, patrono de la Fundaci\u00f3n Gota de Leche y autor del pr\u00f3logo; Mar\u00eda Rosa Herrera, directora del Departamento de Trabajo Social y Servicios Sociales\u2028de la UPO; Nuria Cordero Ramos, que como editora expondr\u00e1 su contenido, as\u00ed como Mar\u00eda Dolores M\u00e1rquez Carrasco, autora del cap\u00edtulo \u201cIntervenci\u00f3n con Menores: Una perspectiva desde los Servicios Sociales Comunitarios\u201d.<\/p>\n<p>El libro \u201cLa intervenci\u00f3n social con menores. Promocionando la pr\u00e1ctica profesional. Espa\u00f1a\u201d tiene como objetivo acercar la pr\u00e1ctica profesional a la universidad y su interrelaci\u00f3n con la teor\u00eda, contando para ello con autores de relevancia profesional, universitaria e investigadora. Sus 21 cap\u00edtulos se constituyen como una importante herramienta de consulta, de las que se van a beneficiar profesionales e instituciones dentro del marco del enfoque integral de la intervenci\u00f3n social con el que es tratado, con especial mirada a los menores y familias en situaci\u00f3n de vulnerabilidad y mayor riesgo social.<b>\u00a0 \u00a0 \u00a0 \u00a0 \u00a0 \u00a0<\/b><\/p>\n<p>El acto ha sido organizado por el Departamento de Trabajo Social y Servicios Sociales de la <a href=\"https:\/\/www.upo.es\/portal\/impe\/web\/portada\">Universidad Pablo de Olavide<\/a> y el <a href=\"http:\/\/www.gotadeleche.org\/programas-directos-con-infancia-en-entornos-proximos\/foro-profesional-por-la-infancia\/\">Foro Profesional por la Infancia<\/a>.<\/p>\n","protected":false},"excerpt":{"rendered":"<p>La sede de la Fundaci\u00f3n Gota de Leche, en la calle Manuel Rojas Marcos, 6, ha acogido la presentaci\u00f3n del libro \u201cLa intervenci\u00f3n social con menores. Promocionando la pr\u00e1ctica profesional. Espa\u00f1a\u201d (Dykinson Editorial, 2016), cuyas coordinadoras son las profesoras del Departamento de Trabajo Social y Servicios Sociales de la Universidad Pablo de Olavide Concepci\u00f3n Nieto-Morales y Nuria Cordero Ramos.<\/p>\n","protected":false},"author":2,"featured_media":0,"comment_status":"closed","ping_status":"open","sticky":false,"template":"","format":"standard","meta":{"_monsterinsights_skip_tracking":false,"_monsterinsights_sitenote_active":false,"_monsterinsights_sitenote_note":"","_monsterinsights_sitenote_category":0,"footnotes":""},"categories":[77],"tags":[3405,820,451,793,333,622,334],"class_list":["post-13737778","post","type-post","status-publish","format-standard","hentry","category-libros","tag-departamento-de-trabajo-social-y-servicios-sociales","tag-familia","tag-infancia","tag-intervencion-social","tag-libro","tag-menores","tag-presentacion"],"_links":{"self":[{"href":"https:\/\/www.upo.es\/diario\/wp-json\/wp\/v2\/posts\/13737778","targetHints":{"allow":["GET"]}}],"collection":[{"href":"https:\/\/www.upo.es\/diario\/wp-json\/wp\/v2\/posts"}],"about":[{"href":"https:\/\/www.upo.es\/diario\/wp-json\/wp\/v2\/types\/post"}],"author":[{"embeddable":true,"href":"https:\/\/www.upo.es\/diario\/wp-json\/wp\/v2\/users\/2"}],"replies":[{"embeddable":true,"href":"https:\/\/www.upo.es\/diario\/wp-json\/wp\/v2\/comments?post=13737778"}],"version-history":[{"count":5,"href":"https:\/\/www.upo.es\/diario\/wp-json\/wp\/v2\/posts\/13737778\/revisions"}],"predecessor-version":[{"id":13766258,"href":"https:\/\/www.upo.es\/diario\/wp-json\/wp\/v2\/posts\/13737778\/revisions\/13766258"}],"wp:attachment":[{"href":"https:\/\/www.upo.es\/diario\/wp-json\/wp\/v2\/media?parent=13737778"}],"wp:term":[{"taxonomy":"category","embeddable":true,"href":"https:\/\/www.upo.es\/diario\/wp-json\/wp\/v2\/categories?post=13737778"},{"taxonomy":"post_tag","embeddable":true,"href":"https:\/\/www.upo.es\/diario\/wp-json\/wp\/v2\/tags?post=13737778"}],"curies":[{"name":"wp","href":"https:\/\/api.w.org\/{rel}","templated":true}]}}