{"id":13753971,"date":"2016-06-08T10:42:07","date_gmt":"2016-06-08T10:42:07","guid":{"rendered":"https:\/\/www.upo.es\/diario\/?p=13753971"},"modified":"2016-06-09T06:46:30","modified_gmt":"2016-06-09T06:46:30","slug":"presentacion-del-primer-libro-de-la-coleccion-universo-barroco-iberoamericano","status":"publish","type":"post","link":"https:\/\/www.upo.es\/diario\/libros\/2016\/06\/presentacion-del-primer-libro-de-la-coleccion-universo-barroco-iberoamericano\/","title":{"rendered":"Presentaci\u00f3n del primer libro de la colecci\u00f3n \u201cUniverso Barroco Iberoamericano\u201d"},"content":{"rendered":"<p><a href=\"https:\/\/www.upo.es\/diario\/wp-content\/uploads\/2016\/06\/Cartel_Horas_barrocas_2016.jpg\"><img loading=\"lazy\" decoding=\"async\" class=\"alignright size-medium wp-image-13754618\" alt=\"Horas barrocas... 8 de junio, 19 horas. EEHA. Sevilla\" src=\"https:\/\/www.upo.es\/diario\/wp-content\/uploads\/2016\/06\/Cartel_Horas_barrocas_2016-226x320.jpg\" width=\"226\" height=\"320\" srcset=\"https:\/\/www.upo.es\/diario\/wp-content\/uploads\/2016\/06\/Cartel_Horas_barrocas_2016-226x320.jpg 226w, https:\/\/www.upo.es\/diario\/wp-content\/uploads\/2016\/06\/Cartel_Horas_barrocas_2016-424x600.jpg 424w, https:\/\/www.upo.es\/diario\/wp-content\/uploads\/2016\/06\/Cartel_Horas_barrocas_2016-600x848.jpg 600w\" sizes=\"auto, (max-width: 226px) 100vw, 226px\" \/><\/a>Hoy mi\u00e9rcoles 8 de junio,<strong> a las 19 horas en la Escuela de Estudios Hispanoamericanos<\/strong> (Calle Alfonso XII, 16), tendr\u00e1 lugar la presentaci\u00f3n del primer libro de la serie Universo Barroco <b>\u201cVisiones renovadas del Barroco Iberoamericano\u201d<\/b>, editado por el profesor de Historia del Arte de la UPO Fernando Quiles y por la profesora de la Universidad Nacional de Colombia Mar\u00eda del Pilar L\u00f3pez.<\/p>\n<p>En el marco de este acto, tambi\u00e9n se presentar\u00e1 el III Simposio J\u00f3venes Investigadores del Barroco Iberoamericano, que tendr\u00e1 lugar en la Universidad Pablo de Olavide en marzo de 2017.<\/p>\n<p>Las presentaciones contar\u00e1n con las intervenciones de Antonio Guti\u00e9rrez Escudero, director de Escuela de Estudios Hispanoamericanos; el profesor de la UPO Fernando Quiles, y Mar\u00eda de los \u00c1ngeles Fern\u00e1ndez, profesora de la Universidad Pablo de Olavide \/ Universidad de Talca (Chile). Adem\u00e1s, el profesor de Historia Moderna de la Universidad de Sevilla Jos\u00e9 Jaime Garc\u00eda Bernal impartir\u00e1 la conferencia \u201cVoces barrocas: la escritura coral en la hagiograf\u00eda y el paneg\u00edrico festivo\u201d.<\/p>\n<p>El acto ha sido organizado por la <a href=\"https:\/\/www.upo.es\/portal\/impe\/web\/portada\">Universidad Pablo de Olavide<\/a> y la <a href=\"http:\/\/www.eeha.csic.es\/\">Escuela de Estudios Hispanoamericanos<\/a>.<\/p>\n","protected":false},"excerpt":{"rendered":"<p>La Escuela de Estudios Hispanoamericanos (Calle Alfonso XII, 16) ha acogido la presentaci\u00f3n del primer libro de la serie Universo Barroco \u201cVisiones renovadas del Barroco Iberoamericano\u201d, editado por Fernando Quiles y Pilar L\u00f3pez.<\/p>\n","protected":false},"author":6,"featured_media":0,"comment_status":"closed","ping_status":"open","sticky":false,"template":"","format":"standard","meta":{"_monsterinsights_skip_tracking":false,"_monsterinsights_sitenote_active":false,"_monsterinsights_sitenote_note":"","_monsterinsights_sitenote_category":0,"footnotes":""},"categories":[77],"tags":[],"class_list":["post-13753971","post","type-post","status-publish","format-standard","hentry","category-libros"],"_links":{"self":[{"href":"https:\/\/www.upo.es\/diario\/wp-json\/wp\/v2\/posts\/13753971","targetHints":{"allow":["GET"]}}],"collection":[{"href":"https:\/\/www.upo.es\/diario\/wp-json\/wp\/v2\/posts"}],"about":[{"href":"https:\/\/www.upo.es\/diario\/wp-json\/wp\/v2\/types\/post"}],"author":[{"embeddable":true,"href":"https:\/\/www.upo.es\/diario\/wp-json\/wp\/v2\/users\/6"}],"replies":[{"embeddable":true,"href":"https:\/\/www.upo.es\/diario\/wp-json\/wp\/v2\/comments?post=13753971"}],"version-history":[{"count":7,"href":"https:\/\/www.upo.es\/diario\/wp-json\/wp\/v2\/posts\/13753971\/revisions"}],"predecessor-version":[{"id":13783232,"href":"https:\/\/www.upo.es\/diario\/wp-json\/wp\/v2\/posts\/13753971\/revisions\/13783232"}],"wp:attachment":[{"href":"https:\/\/www.upo.es\/diario\/wp-json\/wp\/v2\/media?parent=13753971"}],"wp:term":[{"taxonomy":"category","embeddable":true,"href":"https:\/\/www.upo.es\/diario\/wp-json\/wp\/v2\/categories?post=13753971"},{"taxonomy":"post_tag","embeddable":true,"href":"https:\/\/www.upo.es\/diario\/wp-json\/wp\/v2\/tags?post=13753971"}],"curies":[{"name":"wp","href":"https:\/\/api.w.org\/{rel}","templated":true}]}}