{"id":13766911,"date":"2016-06-08T07:35:51","date_gmt":"2016-06-08T07:35:51","guid":{"rendered":"https:\/\/www.upo.es\/diario\/?p=13766911"},"modified":"2016-06-08T07:36:25","modified_gmt":"2016-06-08T07:36:25","slug":"emilio-martin-medalla-de-plata-en-el-campeonato-del-mundo-de-duatlon","status":"publish","type":"post","link":"https:\/\/www.upo.es\/diario\/deportes\/2016\/06\/emilio-martin-medalla-de-plata-en-el-campeonato-del-mundo-de-duatlon\/","title":{"rendered":"Emilio Mart\u00edn, medalla de plata en el Campeonato del Mundo de Duatl\u00f3n"},"content":{"rendered":"<figure id=\"attachment_13766912\" aria-describedby=\"caption-attachment-13766912\" style=\"width: 320px\" class=\"wp-caption alignright\"><a href=\"https:\/\/www.upo.es\/diario\/wp-content\/uploads\/2016\/06\/medallaplata_duatlon.jpg\"><img loading=\"lazy\" decoding=\"async\" class=\"size-medium wp-image-13766912\" alt=\"Emilio Mart\u00edn (izquierda)\" src=\"https:\/\/www.upo.es\/diario\/wp-content\/uploads\/2016\/06\/medallaplata_duatlon-320x202.jpg\" width=\"320\" height=\"202\" srcset=\"https:\/\/www.upo.es\/diario\/wp-content\/uploads\/2016\/06\/medallaplata_duatlon-320x202.jpg 320w, https:\/\/www.upo.es\/diario\/wp-content\/uploads\/2016\/06\/medallaplata_duatlon-600x380.jpg 600w, https:\/\/www.upo.es\/diario\/wp-content\/uploads\/2016\/06\/medallaplata_duatlon.jpg 990w\" sizes=\"auto, (max-width: 320px) 100vw, 320px\" \/><\/a><figcaption id=\"caption-attachment-13766912\" class=\"wp-caption-text\">Emilio Mart\u00edn, medalla de plata en el Campeonato del Mundo de Duatl\u00f3n (izquierda)<\/figcaption><\/figure>\n<p style=\"text-align: justify;\">El espa\u00f1ol Emilio Mart\u00edn, antiguo alumno de la Facultad de Ciencias del Deporte de la Universidad Pablo de Olavide, de Sevilla, sum\u00f3 su quinto podio consecutivo en unos mundiales de duatl\u00f3n, tras colgarse este s\u00e1bado 4 de junio la medalla de plata en el <a href=\"http:\/\/www.duatlonaviles.com\/\">Campeonato del Mundo de Duatl\u00f3n<\/a> disputado en la localidad asturiana de Avil\u00e9s y en el que se impuso el sudafricano Richard Murray. Mart\u00edn, campe\u00f3n del mundo en los a\u00f1os 2015 y 2012, con una marca de 1:42:18.<\/p>\n<p style=\"text-align: justify;\">Emilio Mart\u00edn protagoniz\u00f3 una vibrante lucha con el holand\u00e9s Jorik van Egdom, en la que el espa\u00f1ol tan s\u00f3lo logr\u00f3 descolgar en los \u00faltimos metros de la prueba. Un postrero ataque que permiti\u00f3 a Mart\u00edn, que complet\u00f3 los diez kil\u00f3metros de carrera a pie, cuarenta en bicicleta y otros cinco m\u00e1s, hacer el recorrido en un tiempo de 1:42:35 y colgarse as\u00ed la medalla de plata con una ventaja de 6 segundos sobre Van Egdom, que debi\u00f3 conformarse con el bronce.<\/p>\n<p style=\"text-align: justify;\">Con este metal, Mart\u00edn, de 33 a\u00f1os, encadena un total de cinco medallas consecutivas en los Mundiales, tras los oros logrados en 2015 y 2012, la plata conquistada en 2013 y el bronce cosechado en 2014 en el Campeonato del Mundo disputado en Pontevedra.<\/p>\n<p>&nbsp;<\/p>\n<p>&nbsp;<\/p>\n","protected":false},"excerpt":{"rendered":"<p>El espa\u00f1ol Emilio Mart\u00edn, antiguo alumno de la Facultad de Ciencias del Deporte de la Universidad Pablo de Olavide, de Sevilla, sum\u00f3 su quinto podio consecutivo en unos mundiales de duatl\u00f3n, tras colgarse este s\u00e1bado 4 de junio la medalla de plata en el Campeonato del Mundo de Duatl\u00f3n disputado en la localidad asturiana de Avil\u00e9s.<\/p>\n","protected":false},"author":4,"featured_media":0,"comment_status":"closed","ping_status":"open","sticky":false,"template":"","format":"standard","meta":{"_monsterinsights_skip_tracking":false,"_monsterinsights_sitenote_active":false,"_monsterinsights_sitenote_note":"","_monsterinsights_sitenote_category":0,"footnotes":""},"categories":[30],"tags":[3412,3413,3342],"class_list":["post-13766911","post","type-post","status-publish","format-standard","hentry","category-deportes","tag-campeonato-del-mundo-de-duatlon","tag-emilio-martin","tag-facultad-de-ciencias-del-deporte"],"_links":{"self":[{"href":"https:\/\/www.upo.es\/diario\/wp-json\/wp\/v2\/posts\/13766911","targetHints":{"allow":["GET"]}}],"collection":[{"href":"https:\/\/www.upo.es\/diario\/wp-json\/wp\/v2\/posts"}],"about":[{"href":"https:\/\/www.upo.es\/diario\/wp-json\/wp\/v2\/types\/post"}],"author":[{"embeddable":true,"href":"https:\/\/www.upo.es\/diario\/wp-json\/wp\/v2\/users\/4"}],"replies":[{"embeddable":true,"href":"https:\/\/www.upo.es\/diario\/wp-json\/wp\/v2\/comments?post=13766911"}],"version-history":[{"count":3,"href":"https:\/\/www.upo.es\/diario\/wp-json\/wp\/v2\/posts\/13766911\/revisions"}],"predecessor-version":[{"id":13766915,"href":"https:\/\/www.upo.es\/diario\/wp-json\/wp\/v2\/posts\/13766911\/revisions\/13766915"}],"wp:attachment":[{"href":"https:\/\/www.upo.es\/diario\/wp-json\/wp\/v2\/media?parent=13766911"}],"wp:term":[{"taxonomy":"category","embeddable":true,"href":"https:\/\/www.upo.es\/diario\/wp-json\/wp\/v2\/categories?post=13766911"},{"taxonomy":"post_tag","embeddable":true,"href":"https:\/\/www.upo.es\/diario\/wp-json\/wp\/v2\/tags?post=13766911"}],"curies":[{"name":"wp","href":"https:\/\/api.w.org\/{rel}","templated":true}]}}