{"id":13768879,"date":"2016-06-08T10:02:20","date_gmt":"2016-06-08T10:02:20","guid":{"rendered":"https:\/\/www.upo.es\/diario\/?p=13768879"},"modified":"2016-06-09T06:36:27","modified_gmt":"2016-06-09T06:36:27","slug":"presentacion-del-libro-la-intervencion-social-con-menores-promocionando-la-practica-profesional-espana-2","status":"publish","type":"post","link":"https:\/\/www.upo.es\/diario\/libros\/2016\/06\/presentacion-del-libro-la-intervencion-social-con-menores-promocionando-la-practica-profesional-espana-2\/","title":{"rendered":"Presentaci\u00f3n del libro \u201cLa intervenci\u00f3n social con menores. Promocionando la pr\u00e1ctica profesional. Espa\u00f1a\u201d"},"content":{"rendered":"<figure id=\"attachment_13768881\" aria-describedby=\"caption-attachment-13768881\" style=\"width: 600px\" class=\"wp-caption aligncenter\"><a href=\"https:\/\/www.upo.es\/diario\/wp-content\/uploads\/2016\/06\/libro_intervencionsocial.jpe\"><img loading=\"lazy\" decoding=\"async\" class=\"size-large wp-image-13768881\" alt=\"De izquierda a derecha, Mar\u00eda Dolores M\u00e1rquez Carrasco, Mar\u00eda Rosa Herrera, Ignacio G\u00f3mez de Terreros, Nuria Cordero Ramos y Concepci\u00f3n Nieto-Morales.\" src=\"https:\/\/www.upo.es\/diario\/wp-content\/uploads\/2016\/06\/libro_intervencionsocial-600x400.jpe\" width=\"600\" height=\"400\" srcset=\"https:\/\/www.upo.es\/diario\/wp-content\/uploads\/2016\/06\/libro_intervencionsocial-600x400.jpe 600w, https:\/\/www.upo.es\/diario\/wp-content\/uploads\/2016\/06\/libro_intervencionsocial-320x213.jpe 320w\" sizes=\"auto, (max-width: 600px) 100vw, 600px\" \/><\/a><figcaption id=\"caption-attachment-13768881\" class=\"wp-caption-text\">De izquierda a derecha, Mar\u00eda Dolores M\u00e1rquez Carrasco, Mar\u00eda Rosa Herrera, Ignacio G\u00f3mez de Terreros, Nuria Cordero Ramos y Concepci\u00f3n Nieto-Morales.<\/figcaption><\/figure>\n<p>El libro <b>\u201cLa intervenci\u00f3n social con menores. Promocionando la pr\u00e1ctica profesional. Espa\u00f1a\u201d<\/b> (Dykinson Editorial, 2016), coordinado por las profesoras del Departamento de Trabajo Social y Servicios Sociales de la Universidad Pablo de Olavide Concepci\u00f3n Nieto-Morales y Nuria Cordero Ramos, fue presentado el martes 7 de junio en la sede de la Fundaci\u00f3n Gota de Leche.<\/p>\n<p>El acto de presentaci\u00f3n del libro, organizado por el Departamento de Trabajo Social y Servicios Sociales de la <a href=\"https:\/\/www.upo.es\/portal\/impe\/web\/portada\">Universidad Pablo de Olavide<\/a> y el <a href=\"http:\/\/www.gotadeleche.org\/programas-directos-con-infancia-en-entornos-proximos\/foro-profesional-por-la-infancia\/\">Foro Profesional por la Infancia<\/a>, cont\u00f3 con las intervenciones del profesor Ignacio G\u00f3mez de Terreros, acad\u00e9mico numerario de la Real Academia de Medicina de Sevilla, patrono de la Fundaci\u00f3n Gota de Leche y autor del pr\u00f3logo; Mar\u00eda Rosa Herrera, directora del Departamento de Trabajo Social y Servicios Sociales\u2028de la UPO; las profesoras Nuria Cordero Ramos y Concepci\u00f3n Nieto-Morales, y Mar\u00eda Dolores M\u00e1rquez Carrasco, autora del cap\u00edtulo \u201cIntervenci\u00f3n con Menores: Una perspectiva desde los Servicios Sociales Comunitarios\u201d.<\/p>\n<p>El libro \u201cLa intervenci\u00f3n social con menores. Promocionando la pr\u00e1ctica profesional. Espa\u00f1a\u201d tiene como objetivo acercar la pr\u00e1ctica profesional a la universidad y su interrelaci\u00f3n con la teor\u00eda, contando para ello con autores de relevancia profesional, universitaria e investigadora. Sus 21 cap\u00edtulos se constituyen como una importante herramienta de consulta, de las que se van a beneficiar profesionales e instituciones dentro del marco del enfoque integral de la intervenci\u00f3n social con el que es tratado, con especial mirada a los menores y familias en situaci\u00f3n de vulnerabilidad y mayor riesgo social.<b>\u00a0 \u00a0 \u00a0 \u00a0 \u00a0 \u00a0<\/b><\/p>\n<p><b>Nuria Cordero Ramos<\/b> es profesora titular del Departamento de Trabajo Social y Servicios Sociales y miembro del Grupo PAI Investigaci\u00f3n Acci\u00f3n Participativa (GISAP) de la Universidad Pablo de Olavide de Sevilla. Tambi\u00e9n es miembro del Seminario Permanente de Derechos Humanos (Antag\u00f3nicos) de la Universidad de Sevilla. Su principal l\u00ednea de investigaci\u00f3n se centra en los derechos humanos e intervenci\u00f3n social con colectivos vulnerables.<\/p>\n<p><b>Concepci\u00f3n Nieto- Morales <\/b>e<b>s <\/b>\u00a0profesora asociada del Departamento de Trabajo Social y Servicios Sociales de la Universidad Pablo de Olavide. Acreditada por la ANECA como titular de Universidad y asesora t\u00e9cnica en Justicia Juvenil en Fiscal\u00eda de Sevilla.\u00a0 Es autora, coautora y coordinadora de 18 libros, de 30 cap\u00edtulos de libros y m\u00e1s de 20 art\u00edculos en revistas.<\/p>\n","protected":false},"excerpt":{"rendered":"<p>El libro \u201cLa intervenci\u00f3n social con menores. Promocionando la pr\u00e1ctica profesional. Espa\u00f1a\u201d (Dykinson Editorial, 2016), coordinado por las profesoras del Departamento de Trabajo Social y Servicios Sociales de la Universidad Pablo de Olavide Concepci\u00f3n Nieto-Morales y Nuria Cordero Ramos, ha sido presentado en la sede de la Fundaci\u00f3n Gota de Leche.<\/p>\n","protected":false},"author":2,"featured_media":0,"comment_status":"closed","ping_status":"open","sticky":false,"template":"","format":"standard","meta":{"_monsterinsights_skip_tracking":false,"_monsterinsights_sitenote_active":false,"_monsterinsights_sitenote_note":"","_monsterinsights_sitenote_category":0,"footnotes":""},"categories":[77],"tags":[3405,820,451,793,333,622,334],"class_list":["post-13768879","post","type-post","status-publish","format-standard","hentry","category-libros","tag-departamento-de-trabajo-social-y-servicios-sociales","tag-familia","tag-infancia","tag-intervencion-social","tag-libro","tag-menores","tag-presentacion"],"_links":{"self":[{"href":"https:\/\/www.upo.es\/diario\/wp-json\/wp\/v2\/posts\/13768879","targetHints":{"allow":["GET"]}}],"collection":[{"href":"https:\/\/www.upo.es\/diario\/wp-json\/wp\/v2\/posts"}],"about":[{"href":"https:\/\/www.upo.es\/diario\/wp-json\/wp\/v2\/types\/post"}],"author":[{"embeddable":true,"href":"https:\/\/www.upo.es\/diario\/wp-json\/wp\/v2\/users\/2"}],"replies":[{"embeddable":true,"href":"https:\/\/www.upo.es\/diario\/wp-json\/wp\/v2\/comments?post=13768879"}],"version-history":[{"count":2,"href":"https:\/\/www.upo.es\/diario\/wp-json\/wp\/v2\/posts\/13768879\/revisions"}],"predecessor-version":[{"id":13782569,"href":"https:\/\/www.upo.es\/diario\/wp-json\/wp\/v2\/posts\/13768879\/revisions\/13782569"}],"wp:attachment":[{"href":"https:\/\/www.upo.es\/diario\/wp-json\/wp\/v2\/media?parent=13768879"}],"wp:term":[{"taxonomy":"category","embeddable":true,"href":"https:\/\/www.upo.es\/diario\/wp-json\/wp\/v2\/categories?post=13768879"},{"taxonomy":"post_tag","embeddable":true,"href":"https:\/\/www.upo.es\/diario\/wp-json\/wp\/v2\/tags?post=13768879"}],"curies":[{"name":"wp","href":"https:\/\/api.w.org\/{rel}","templated":true}]}}