{"id":13770843,"date":"2016-06-09T05:27:10","date_gmt":"2016-06-09T05:27:10","guid":{"rendered":"https:\/\/www.upo.es\/diario\/?p=13770843"},"modified":"2016-06-10T06:42:12","modified_gmt":"2016-06-10T06:42:12","slug":"presentacion-del-libro-bicitopias-hacia-una-antropologia-de-la-movilidad-urbana","status":"publish","type":"post","link":"https:\/\/www.upo.es\/diario\/libros\/2016\/06\/presentacion-del-libro-bicitopias-hacia-una-antropologia-de-la-movilidad-urbana\/","title":{"rendered":"Presentaci\u00f3n del libro \u201cBicitop\u00edas. Hacia una antropolog\u00eda de la movilidad urbana\u201d"},"content":{"rendered":"<p><img loading=\"lazy\" decoding=\"async\" class=\"alignright size-medium wp-image-13770844\" alt=\"Bicitopias\" src=\"https:\/\/www.upo.es\/diario\/wp-content\/uploads\/2016\/06\/Bicitopias-320x231.png\" width=\"320\" height=\"231\" srcset=\"https:\/\/www.upo.es\/diario\/wp-content\/uploads\/2016\/06\/Bicitopias-320x231.png 320w, https:\/\/www.upo.es\/diario\/wp-content\/uploads\/2016\/06\/Bicitopias-600x434.png 600w, https:\/\/www.upo.es\/diario\/wp-content\/uploads\/2016\/06\/Bicitopias.png 613w\" sizes=\"auto, (max-width: 320px) 100vw, 320px\" \/>Hoy jueves 9 de junio, <strong>a las 19:00 horas en el Palacio de los Marqueses de la Algaba<\/strong> (plaza Calder\u00f3n de la Barca, Sevilla), tendr\u00e1 lugar la presentaci\u00f3n del libro <b>\u201cBicitop\u00edas. Hacia una antropolog\u00eda de la movilidad urbana\u201d<\/b> (Icaria Editorial, 2016), cuya coordinadora es la profesora del Departamento de Antropolog\u00eda Social, Psicolog\u00eda B\u00e1sica y Salud P\u00fablica de la Universidad Pablo de Olavide Macarena Hern\u00e1ndez Ram\u00edrez.<\/p>\n<p>El acto de presentaci\u00f3n del libro contar\u00e1 con las intervenciones de Javier Escalera Reyes, director del CEI CamBio, y de Macarena Hern\u00e1ndez.<\/p>\n<p>El libro \u201cBicitop\u00edas. Hacia una antropolog\u00eda de la movilidad urbana\u201d <strong>recoge los resultados del proyecto de investigaci\u00f3n \u201cMovilidad Sostenible en Andaluc\u00eda: pr\u00e1cticas y discursos en el uso de la bicicleta\u201d, llevado a cabo en la Universidad Pablo de Olavide y cofinanciado por la Consejer\u00eda de Fomento y Vivienda y la Uni\u00f3n Europea<\/strong>. Esta publicaci\u00f3n ofrece una panor\u00e1mica sobre la actual situaci\u00f3n del ciclismo urbano en Andaluc\u00eda, poniendo el foco en la multitud de aspectos socioculturales que giran en torno a los procesos de integraci\u00f3n de la bicicleta en las ciudades.<\/p>\n<p>El acto ha sido organizado por <a href=\"http:\/\/www.proyectocicla.org\/\">CICLA Bici y Sociedad<\/a>, el grupo de investigaci\u00f3n responsable del estudio del que forman parte 14 investigadores.<\/p>\n","protected":false},"excerpt":{"rendered":"<p>Hoy jueves 9 de junio, a las 19 horas en el Palacio de los Marqueses de la Algaba, tendr\u00e1 lugar la presentaci\u00f3n del libro \u201cBicitop\u00edas. Hacia una antropolog\u00eda de la movilidad urbana\u201d. El libro recoge los resultados del proyecto de investigaci\u00f3n \u201cMovilidad Sostenible en Andaluc\u00eda: pr\u00e1cticas y discursos en el uso de la bicicleta\u201d, coordinado por la investigadora de la UPO Macarena Hern\u00e1ndez.<\/p>\n","protected":false},"author":6,"featured_media":0,"comment_status":"closed","ping_status":"open","sticky":false,"template":"","format":"standard","meta":{"_monsterinsights_skip_tracking":false,"_monsterinsights_sitenote_active":false,"_monsterinsights_sitenote_note":"","_monsterinsights_sitenote_category":0,"footnotes":""},"categories":[77],"tags":[],"class_list":["post-13770843","post","type-post","status-publish","format-standard","hentry","category-libros"],"_links":{"self":[{"href":"https:\/\/www.upo.es\/diario\/wp-json\/wp\/v2\/posts\/13770843","targetHints":{"allow":["GET"]}}],"collection":[{"href":"https:\/\/www.upo.es\/diario\/wp-json\/wp\/v2\/posts"}],"about":[{"href":"https:\/\/www.upo.es\/diario\/wp-json\/wp\/v2\/types\/post"}],"author":[{"embeddable":true,"href":"https:\/\/www.upo.es\/diario\/wp-json\/wp\/v2\/users\/6"}],"replies":[{"embeddable":true,"href":"https:\/\/www.upo.es\/diario\/wp-json\/wp\/v2\/comments?post=13770843"}],"version-history":[{"count":6,"href":"https:\/\/www.upo.es\/diario\/wp-json\/wp\/v2\/posts\/13770843\/revisions"}],"predecessor-version":[{"id":13798760,"href":"https:\/\/www.upo.es\/diario\/wp-json\/wp\/v2\/posts\/13770843\/revisions\/13798760"}],"wp:attachment":[{"href":"https:\/\/www.upo.es\/diario\/wp-json\/wp\/v2\/media?parent=13770843"}],"wp:term":[{"taxonomy":"category","embeddable":true,"href":"https:\/\/www.upo.es\/diario\/wp-json\/wp\/v2\/categories?post=13770843"},{"taxonomy":"post_tag","embeddable":true,"href":"https:\/\/www.upo.es\/diario\/wp-json\/wp\/v2\/tags?post=13770843"}],"curies":[{"name":"wp","href":"https:\/\/api.w.org\/{rel}","templated":true}]}}