{"id":13771499,"date":"2016-06-09T05:59:01","date_gmt":"2016-06-09T05:59:01","guid":{"rendered":"https:\/\/www.upo.es\/diario\/?p=13771499"},"modified":"2016-06-09T06:37:45","modified_gmt":"2016-06-09T06:37:45","slug":"manana-en-la-upo-jornadas-de-orientacion-profesional-del-grado-en-nutricion-humana-y-dietetica","status":"publish","type":"post","link":"https:\/\/www.upo.es\/diario\/institucional\/2016\/06\/manana-en-la-upo-jornadas-de-orientacion-profesional-del-grado-en-nutricion-humana-y-dietetica\/","title":{"rendered":"Esta tarde en la UPO, Jornadas de orientaci\u00f3n profesional del grado en Nutrici\u00f3n Humana y Diet\u00e9tica"},"content":{"rendered":"<p style=\"text-align: justify;\"><span style=\"text-decoration: underline;\">Hoy jueves 9 de junio, a las 15.30 horas en el sal\u00f3n de grados del edificio 7 de la Universidad Pablo de Olavide<\/span>, se celebrar\u00e1 las \u201cJornadas de orientaci\u00f3n profesional para el alumnado de Nutrici\u00f3n Humana y Diet\u00e9tica\u201d. La entrada ser\u00e1 libre hasta completar aforo.<\/p>\n<p style=\"text-align: justify;\">Estas jornadas tienen como objetivo incentivar y aportar informaci\u00f3n relevante a los estudiantes que est\u00e9n pr\u00f3ximos a finalizar su carrera en Nutrici\u00f3n Humana y Diet\u00e9tica para encauzar de una manera m\u00e1s eficiente sus esfuerzos en materia de inserci\u00f3n laboral.<\/p>\n<p style=\"text-align: justify;\">Este encuentro abordar\u00e1 las posibles trayectorias profesionales para los graduados en Nutrici\u00f3n Humana y Diet\u00e9tica. En este sentido contar\u00e1 con la participaci\u00f3n de expertos en Nutrici\u00f3n y exalumnos de la Universidad Pablo de Olavide tales como Alfonso Rodr\u00edguez Herrera, m\u00e9dico especialista en Pediatr\u00eda del Instituto Hispalense de Pediatr\u00eda y profesor de la UPO para el \u00e1mbito de la cl\u00ednica; Javier Garc\u00eda Pereda, dietista-nutricionista y tecn\u00f3logo alimentario, colaborador del programa \u201cLa B\u00e1scula\u201d y profesor de la UPO y de la Escuela Superior de Hosteler\u00eda de Sevilla para el \u00e1mbito del asesoramiento nutricional; la dietista-nutricionista, Mercedes Torres Garc\u00eda, en el \u00e1mbito de la nutrici\u00f3n deportiva y el rendimiento, y la bi\u00f3loga Rosa S\u00e1nchez S\u00e1nchez en el \u00e1mbito de ensayos cl\u00ednicos.<\/p>\n<p style=\"text-align: justify;\">\u00a0El Grado en Nutrici\u00f3n Humana y Diet\u00e9tica surge como consecuencia de la mayor preocupaci\u00f3n por el cuidado de la salud como tarea de prevenci\u00f3n m\u00e1s que de curaci\u00f3n, donde la relaci\u00f3n entre adecuada alimentaci\u00f3n y estado de salud es esencial. Para formar a estos profesionales, el grado est\u00e1 articulado en torno a seis m\u00f3dulos, donde se estudian aspectos relacionados con el cuerpo humano, la nutrici\u00f3n y los valores nutricionales o los aspectos psicol\u00f3gicos, sociales y culturales de la alimentaci\u00f3n. Pero la diet\u00e9tica va m\u00e1s all\u00e1, por lo cual se ense\u00f1an tambi\u00e9n otras cuestiones como higiene y seguridad alimentaria, organizaci\u00f3n y gesti\u00f3n de los servicios de alimentaci\u00f3n, la trazabilidad alimentaria y la gesti\u00f3n de empresas alimentarias.<\/p>\n<p style=\"text-align: justify;\">\n","protected":false},"excerpt":{"rendered":"<p>Hoy jueves 9 de junio, a las 15.30 horas en el sal\u00f3n de grados del edificio 7 de la Universidad Pablo de Olavide, se celebrar\u00e1 las \u201cJornadas de orientaci\u00f3n profesional para el alumnado de Nutrici\u00f3n Humana y Diet\u00e9tica\u201d. La entrada ser\u00e1 libre hasta completar aforo.<\/p>\n","protected":false},"author":4,"featured_media":0,"comment_status":"closed","ping_status":"open","sticky":false,"template":"","format":"standard","meta":{"_monsterinsights_skip_tracking":false,"_monsterinsights_sitenote_active":false,"_monsterinsights_sitenote_note":"","_monsterinsights_sitenote_category":0,"footnotes":""},"categories":[6],"tags":[122,1456,84,3333],"class_list":["post-13771499","post","type-post","status-publish","format-standard","hentry","category-institucional","tag-facultad-ciencias-experimentales","tag-grado-en-nutricion-humana-y-dietetica","tag-jornadas","tag-jornadas-de-orientacion-profesional"],"_links":{"self":[{"href":"https:\/\/www.upo.es\/diario\/wp-json\/wp\/v2\/posts\/13771499","targetHints":{"allow":["GET"]}}],"collection":[{"href":"https:\/\/www.upo.es\/diario\/wp-json\/wp\/v2\/posts"}],"about":[{"href":"https:\/\/www.upo.es\/diario\/wp-json\/wp\/v2\/types\/post"}],"author":[{"embeddable":true,"href":"https:\/\/www.upo.es\/diario\/wp-json\/wp\/v2\/users\/4"}],"replies":[{"embeddable":true,"href":"https:\/\/www.upo.es\/diario\/wp-json\/wp\/v2\/comments?post=13771499"}],"version-history":[{"count":3,"href":"https:\/\/www.upo.es\/diario\/wp-json\/wp\/v2\/posts\/13771499\/revisions"}],"predecessor-version":[{"id":13782571,"href":"https:\/\/www.upo.es\/diario\/wp-json\/wp\/v2\/posts\/13771499\/revisions\/13782571"}],"wp:attachment":[{"href":"https:\/\/www.upo.es\/diario\/wp-json\/wp\/v2\/media?parent=13771499"}],"wp:term":[{"taxonomy":"category","embeddable":true,"href":"https:\/\/www.upo.es\/diario\/wp-json\/wp\/v2\/categories?post=13771499"},{"taxonomy":"post_tag","embeddable":true,"href":"https:\/\/www.upo.es\/diario\/wp-json\/wp\/v2\/tags?post=13771499"}],"curies":[{"name":"wp","href":"https:\/\/api.w.org\/{rel}","templated":true}]}}