{"id":13785865,"date":"2016-06-10T02:55:46","date_gmt":"2016-06-10T02:55:46","guid":{"rendered":"https:\/\/www.upo.es\/diario\/?p=13785865"},"modified":"2016-06-10T12:10:11","modified_gmt":"2016-06-10T12:10:11","slug":"la-facultad-de-ciencias-empresariales-de-la-upo-organiza-un-foro-empresarial-para-abordar-la-economia-andaluza","status":"publish","type":"post","link":"https:\/\/www.upo.es\/diario\/institucional\/2016\/06\/la-facultad-de-ciencias-empresariales-de-la-upo-organiza-un-foro-empresarial-para-abordar-la-economia-andaluza\/","title":{"rendered":"La Facultad de Ciencias Empresariales de la UPO organiza un foro empresarial para abordar la econom\u00eda andaluza"},"content":{"rendered":"<p>Hoy viernes, 10 de junio, a las 9.15 horas en la sala Multiusos del Rectorado de la Universidad Pablo de Olavide, se celebrar\u00e1 el I Desayuno Econ\u00f3mico Empresarial \u201cPerspectivas de la Econom\u00eda Andaluza\u201d organizado por la Facultad de Ciencias Empresariales de la UPO.<\/p>\n<p>El acto estar\u00e1 presidido por el decano de la Facultad de Ciencias Empresariales de la UPO, Jes\u00fas Juan Cambra Fierro, el profesor del Instituto Internacional San Telmo, Fernando Faces, y el profesor de la Universidad Pablo de Olavide, Jos\u00e9 Ignacio Garc\u00eda P\u00e9rez.<\/p>\n<p>Estos desayunos pretenden convertirse en un foro de debate peri\u00f3dico que permita crear una interrelaci\u00f3n entre universidad y empresa, acercar nuestra facultad a su entorno, as\u00ed como establecer v\u00ednculos de trabajo para fomentar la innovaci\u00f3n y el progreso.<\/p>\n<p>Concretamente, en este encuentro se abordar\u00e1 la situaci\u00f3n y perspectivas de la econom\u00eda andaluza. Este es el primero de una serie de encuentros que con periodicidad semestral se pretenden organizar en esta facultad, analizando temas relacionados con el \u00e1mbito econ\u00f3mico y empresarial, tales como el emprendimiento, internacionalizaci\u00f3n de empresas, fiscalidad, direcci\u00f3n financiera y otros m\u00e1s espec\u00edficos de sectores econ\u00f3micos como el agroalimentarios, turismo, entre otros.<\/p>\n<p>Asimismo, el foro contar\u00e1 con la participaci\u00f3n de representantes de diversas empresas como Endesa, Deloitte, Pers\u00e1n, Acesur, Garrigues, PWC, Montero Aramburu Abogados, Mapfre, Ernst-Young, entre otras, as\u00ed como profesores de la Universidad Pablo de Olavide y colaboradores de escuelas de negocios.<\/p>\n","protected":false},"excerpt":{"rendered":"<p>Hoy viernes, 10 de junio, a las 9.15 horas en la sala Multiusos del Rectorado de la Universidad Pablo de Olavide, se celebrar\u00e1 el I Desayuno Econ\u00f3mico Empresarial \u201cPerspectivas de la Econom\u00eda Andaluza\u201d organizado por la Facultad de Ciencias Empresariales de la UPO. <\/p>\n","protected":false},"author":4,"featured_media":0,"comment_status":"closed","ping_status":"open","sticky":false,"template":"","format":"standard","meta":{"_monsterinsights_skip_tracking":false,"_monsterinsights_sitenote_active":false,"_monsterinsights_sitenote_note":"","_monsterinsights_sitenote_category":0,"footnotes":""},"categories":[6],"tags":[3420,3371,360],"class_list":["post-13785865","post","type-post","status-publish","format-standard","hentry","category-institucional","tag-desayuno-empresarial","tag-economia-andaluza","tag-facultad-de-ciencias-empresariales"],"_links":{"self":[{"href":"https:\/\/www.upo.es\/diario\/wp-json\/wp\/v2\/posts\/13785865","targetHints":{"allow":["GET"]}}],"collection":[{"href":"https:\/\/www.upo.es\/diario\/wp-json\/wp\/v2\/posts"}],"about":[{"href":"https:\/\/www.upo.es\/diario\/wp-json\/wp\/v2\/types\/post"}],"author":[{"embeddable":true,"href":"https:\/\/www.upo.es\/diario\/wp-json\/wp\/v2\/users\/4"}],"replies":[{"embeddable":true,"href":"https:\/\/www.upo.es\/diario\/wp-json\/wp\/v2\/comments?post=13785865"}],"version-history":[{"count":4,"href":"https:\/\/www.upo.es\/diario\/wp-json\/wp\/v2\/posts\/13785865\/revisions"}],"predecessor-version":[{"id":13802224,"href":"https:\/\/www.upo.es\/diario\/wp-json\/wp\/v2\/posts\/13785865\/revisions\/13802224"}],"wp:attachment":[{"href":"https:\/\/www.upo.es\/diario\/wp-json\/wp\/v2\/media?parent=13785865"}],"wp:term":[{"taxonomy":"category","embeddable":true,"href":"https:\/\/www.upo.es\/diario\/wp-json\/wp\/v2\/categories?post=13785865"},{"taxonomy":"post_tag","embeddable":true,"href":"https:\/\/www.upo.es\/diario\/wp-json\/wp\/v2\/tags?post=13785865"}],"curies":[{"name":"wp","href":"https:\/\/api.w.org\/{rel}","templated":true}]}}