{"id":13801564,"date":"2016-06-10T11:47:19","date_gmt":"2016-06-10T11:47:19","guid":{"rendered":"https:\/\/www.upo.es\/diario\/?p=13801564"},"modified":"2016-06-13T06:30:51","modified_gmt":"2016-06-13T06:30:51","slug":"una-veintena-de-empresas-participan-en-el-i-desayuno-economico-empresarial-de-la-facultad-de-ciencias-empresariales-de-la-upo","status":"publish","type":"post","link":"https:\/\/www.upo.es\/diario\/institucional\/2016\/06\/una-veintena-de-empresas-participan-en-el-i-desayuno-economico-empresarial-de-la-facultad-de-ciencias-empresariales-de-la-upo\/","title":{"rendered":"Una veintena de empresas participan en el I Desayuno Econ\u00f3mico Empresarial de la Facultad de Ciencias Empresariales de la UPO"},"content":{"rendered":"<figure id=\"attachment_13801566\" aria-describedby=\"caption-attachment-13801566\" style=\"width: 320px\" class=\"wp-caption alignright\"><a href=\"https:\/\/www.upo.es\/diario\/wp-content\/uploads\/2016\/06\/Desayunoempresarial2.jpg\"><img loading=\"lazy\" decoding=\"async\" class=\"size-medium wp-image-13801566\" alt=\"De izq. a dcha.: el profesor del Instituto Internacional San Telmo, Fernando Faces, el decano de la UPO Jes\u00fas Cambra y el profesor Jos\u00e9 Ignacio Garc\u00eda.\" src=\"https:\/\/www.upo.es\/diario\/wp-content\/uploads\/2016\/06\/Desayunoempresarial2-320x213.jpg\" width=\"320\" height=\"213\" srcset=\"https:\/\/www.upo.es\/diario\/wp-content\/uploads\/2016\/06\/Desayunoempresarial2-320x213.jpg 320w, https:\/\/www.upo.es\/diario\/wp-content\/uploads\/2016\/06\/Desayunoempresarial2-600x400.jpg 600w\" sizes=\"auto, (max-width: 320px) 100vw, 320px\" \/><\/a><figcaption id=\"caption-attachment-13801566\" class=\"wp-caption-text\">De izq. a dcha.: el profesor del Instituto Internacional San Telmo, Fernando Faces, el decano de la UPO Jes\u00fas Cambra y el profesor Jos\u00e9 Ignacio Garc\u00eda.<\/figcaption><\/figure>\n<p>Esta ma\u00f1ana se ha celebrado en la Universidad Pablo de Olavide el I Desayuno Econ\u00f3mico Empresarial \u201cPerspectivas de la Econom\u00eda Andaluza\u201d organizado por la Facultad de Ciencias Empresariales, y en el que han participado cerca de 20 representantes de empresas de diversos sectores econ\u00f3micos.<\/p>\n<p>El acto ha estado presidido por el decano de la Facultad de Ciencias Empresariales de la UPO, Jes\u00fas Juan Cambra Fierro, el profesor del Instituto Internacional San Telmo, Fernando Faces, y el profesor de la Universidad Pablo de Olavide, Jos\u00e9 Ignacio Garc\u00eda P\u00e9rez.<\/p>\n<p>Estos desayunos pretenden convertirse en un foro de debate peri\u00f3dico que permita crear una interrelaci\u00f3n entre universidad y empresa, acercar nuestra facultad a su entorno, as\u00ed como establecer v\u00ednculos de trabajo para fomentar la innovaci\u00f3n y el progreso.<\/p>\n<figure id=\"attachment_13801565\" aria-describedby=\"caption-attachment-13801565\" style=\"width: 320px\" class=\"wp-caption alignleft\"><a href=\"https:\/\/www.upo.es\/diario\/wp-content\/uploads\/2016\/06\/Desayunoempresarial02.jpg\"><img loading=\"lazy\" decoding=\"async\" class=\"size-medium wp-image-13801565\" alt=\"Representantes de diferentes empresas han participado en este desayuno econ\u00f3mico.\" src=\"https:\/\/www.upo.es\/diario\/wp-content\/uploads\/2016\/06\/Desayunoempresarial02-320x213.jpg\" width=\"320\" height=\"213\" srcset=\"https:\/\/www.upo.es\/diario\/wp-content\/uploads\/2016\/06\/Desayunoempresarial02-320x213.jpg 320w, https:\/\/www.upo.es\/diario\/wp-content\/uploads\/2016\/06\/Desayunoempresarial02-600x400.jpg 600w\" sizes=\"auto, (max-width: 320px) 100vw, 320px\" \/><\/a><figcaption id=\"caption-attachment-13801565\" class=\"wp-caption-text\">Representantes de diferentes empresas han participado en este desayuno econ\u00f3mico.<\/figcaption><\/figure>\n<p>Este primer encuentro ha contado con la participaci\u00f3n de representantes de empresas como Alestis, AON, Deloitte, Pers\u00e1n, Cobre las Cruces, Acesur, Endesa, Montero Aramburu Abogados, Price Waterhouse Coopers, Garrigues, Siderurgia Sevillana, Llopis, CEU San Pablo, Gestionitas, DOPP, Vilaser, Airbus, Ernst &amp; Young, as\u00ed como profesores de la Universidad Pablo de Olavide y colaboradores de escuelas de negocios.<\/p>\n<p>Concretamente, en este encuentro se ha abordado la situaci\u00f3n y perspectivas de la econom\u00eda andaluza. Este es el primero de una serie de desayunos econ\u00f3micos que con periodicidad semestral se pretenden organizar en esta facultad, analizando temas relacionados con el \u00e1mbito econ\u00f3mico y empresarial, tales como el emprendimiento, internacionalizaci\u00f3n de empresas, fiscalidad, direcci\u00f3n financiera y otros m\u00e1s espec\u00edficos de sectores econ\u00f3micos como el agroalimentarios, turismo, entre otros.<\/p>\n","protected":false},"excerpt":{"rendered":"<p>La Universidad Pablo de Olavide  ha celebrado el I Desayuno Econ\u00f3mico Empresarial \u201cPerspectivas de la Econom\u00eda Andaluza\u201d organizado por la Facultad de Ciencias Empresariales, y en el que han participado cerca de 20 representantes de empresas de diversos sectores econ\u00f3micos. <\/p>\n","protected":false},"author":4,"featured_media":0,"comment_status":"closed","ping_status":"open","sticky":false,"template":"","format":"standard","meta":{"_monsterinsights_skip_tracking":false,"_monsterinsights_sitenote_active":false,"_monsterinsights_sitenote_note":"","_monsterinsights_sitenote_category":0,"footnotes":""},"categories":[6],"tags":[3420,3371,821,360,1436],"class_list":["post-13801564","post","type-post","status-publish","format-standard","hentry","category-institucional","tag-desayuno-empresarial","tag-economia-andaluza","tag-encuentro","tag-facultad-de-ciencias-empresariales","tag-foro"],"_links":{"self":[{"href":"https:\/\/www.upo.es\/diario\/wp-json\/wp\/v2\/posts\/13801564","targetHints":{"allow":["GET"]}}],"collection":[{"href":"https:\/\/www.upo.es\/diario\/wp-json\/wp\/v2\/posts"}],"about":[{"href":"https:\/\/www.upo.es\/diario\/wp-json\/wp\/v2\/types\/post"}],"author":[{"embeddable":true,"href":"https:\/\/www.upo.es\/diario\/wp-json\/wp\/v2\/users\/4"}],"replies":[{"embeddable":true,"href":"https:\/\/www.upo.es\/diario\/wp-json\/wp\/v2\/comments?post=13801564"}],"version-history":[{"count":4,"href":"https:\/\/www.upo.es\/diario\/wp-json\/wp\/v2\/posts\/13801564\/revisions"}],"predecessor-version":[{"id":13802222,"href":"https:\/\/www.upo.es\/diario\/wp-json\/wp\/v2\/posts\/13801564\/revisions\/13802222"}],"wp:attachment":[{"href":"https:\/\/www.upo.es\/diario\/wp-json\/wp\/v2\/media?parent=13801564"}],"wp:term":[{"taxonomy":"category","embeddable":true,"href":"https:\/\/www.upo.es\/diario\/wp-json\/wp\/v2\/categories?post=13801564"},{"taxonomy":"post_tag","embeddable":true,"href":"https:\/\/www.upo.es\/diario\/wp-json\/wp\/v2\/tags?post=13801564"}],"curies":[{"name":"wp","href":"https:\/\/api.w.org\/{rel}","templated":true}]}}