{"id":13802229,"date":"2016-06-10T12:16:39","date_gmt":"2016-06-10T12:16:39","guid":{"rendered":"https:\/\/www.upo.es\/diario\/?p=13802229"},"modified":"2016-06-13T11:52:56","modified_gmt":"2016-06-13T11:52:56","slug":"un-estudio-profundiza-en-la-vision-antropologica-de-la-movilidad-sostenible-y-los-usos-sociales-de-la-bicicleta","status":"publish","type":"post","link":"https:\/\/www.upo.es\/diario\/ciencia\/2016\/06\/un-estudio-profundiza-en-la-vision-antropologica-de-la-movilidad-sostenible-y-los-usos-sociales-de-la-bicicleta\/","title":{"rendered":"Un estudio profundiza en la visi\u00f3n antropol\u00f3gica de la movilidad sostenible y los usos sociales de la bicicleta"},"content":{"rendered":"<figure id=\"attachment_13802230\" aria-describedby=\"caption-attachment-13802230\" style=\"width: 600px\" class=\"wp-caption aligncenter\"><a href=\"https:\/\/www.upo.es\/diario\/wp-content\/uploads\/2016\/06\/macarena_hernandez.jpg\"><img loading=\"lazy\" decoding=\"async\" class=\"size-large wp-image-13802230\" alt=\"La investigadora de la UPO Macarena Hern\u00e1ndez presenta el libro \u201cBicitop\u00edas\u201d. \" src=\"https:\/\/www.upo.es\/diario\/wp-content\/uploads\/2016\/06\/macarena_hernandez-600x400.jpg\" width=\"600\" height=\"400\" srcset=\"https:\/\/www.upo.es\/diario\/wp-content\/uploads\/2016\/06\/macarena_hernandez-600x400.jpg 600w, https:\/\/www.upo.es\/diario\/wp-content\/uploads\/2016\/06\/macarena_hernandez-320x213.jpg 320w\" sizes=\"auto, (max-width: 600px) 100vw, 600px\" \/><\/a><figcaption id=\"caption-attachment-13802230\" class=\"wp-caption-text\">La investigadora de la UPO Macarena Hern\u00e1ndez presenta el libro \u201cBicitop\u00edas\u201d.<\/figcaption><\/figure>\n<p>El Proyecto de I+D+i sobre <b>\u201cMovilidad Sostenible en Andaluc\u00eda\u201d<\/b>, impulsado por la Consejer\u00eda de Fomento y Vivienda y la Universidad Pablo de Olavide, analiza \u00a0la movilidad sostenible en las ciudades andaluzas y los usos sociales de la bicicleta profundizando en su visi\u00f3n antropol\u00f3gica a trav\u00e9s de un trabajo innovador, desde el punto de vista metodol\u00f3gico, realizado por investigadores de la UPO y encabezados por la antrop\u00f3loga Macarena Hern\u00e1ndez.<\/p>\n<p>Las conclusiones de este proyecto de investigaci\u00f3n, que ha contado con un presupuesto de 358.000 euros, han sido recogidas en el libro \u201cBicitop\u00edas. Hacia una antropolog\u00eda de la movilidad urbana\u201d. La obra analiza la bicicleta desde diferentes perspectivas, como su convivencia en torno al espacio p\u00fablico, su integraci\u00f3n en la red de infraestructuras para el transporte; los movimientos sociales en torno a la bici, la expectativas de su desarrollo a trav\u00e9s del Plan Andaluz de la Bicicleta, y otros como la moda, la publicidad o el discurso sobre la bicicleta que aparece en las redes sociales y el entorno digital.<\/p>\n<p>Los investigadores de la UPO, que han utilizado herramientas participativas y ha estado en contacto permanente con la realidad, han elaborado una serie de propuestas encaminadas a fomentar el uso de la bicicleta en las ciudades andaluzas, ya que consideran que es un fen\u00f3meno que se consolida y sigue creciendo. Entre otras propuestas, incluyen la de mejorar el transporte p\u00fablico en combinaci\u00f3n con el uso de la bici, as\u00ed como una bater\u00eda de iniciativas encaminadas a la informaci\u00f3n, educaci\u00f3n y promoci\u00f3n de la bicicleta.<\/p>\n<p>Las conclusiones est\u00e1n todas basadas en el trabajo de campo realizado por un equipo de profesionales multidisciplinar, entre los que hay antrop\u00f3logos, soci\u00f3logos, psic\u00f3logos, ambientalistas y expertos en urbanismo y ciudad. En las principales ciudades andaluzas, se han combinado durante dos a\u00f1os de estudio diferentes metodolog\u00edas de investigaci\u00f3n, como la etnograf\u00eda u observaci\u00f3n directa de los usuarios de la bicicleta; los foros de participaci\u00f3n y grupos de discusi\u00f3n, as\u00ed como entrevistas directas a personas implicadas en el fomento de la movilidad sostenible urbana.<\/p>\n<p>Este trabajo de investigaci\u00f3n est\u00e1 enmarcado dentro del programa de I+D+i que fomenta la Consejer\u00eda de Fomento y Vivienda con cofinanciaci\u00f3n europea y que ha supuesto el impulso hasta la fecha de un total de 98 proyectos en que se han desarrollado en todas las universidades andaluzas.<\/p>\n<p>El objetivo de la Consejer\u00eda de Fomento y Vivienda, que ha invertido con la colaboraci\u00f3n de FEDER de la Uni\u00f3n Europea un total de 22,6 millones de euros, es impulsar investigaciones que puedan tener una aplicaci\u00f3n directa tanto en las pol\u00edticas de la Consejer\u00eda como en las actividades del tejido social y empresarial andaluz.<\/p>\n","protected":false},"excerpt":{"rendered":"<p>El Proyecto de I+D+i sobre \u201cMovilidad Sostenible en Andaluc\u00eda\u201d, impulsado por la Consejer\u00eda de Fomento y Vivienda y la Universidad Pablo de Olavide, analiza  la movilidad sostenible en las ciudades andaluzas y los usos sociales de la bicicleta profundizando en su visi\u00f3n antropol\u00f3gica a trav\u00e9s de un trabajo innovador, desde el punto de vista metodol\u00f3gico, realizado por investigadores de la UPO y encabezados por la antrop\u00f3loga Macarena Hern\u00e1ndez.<\/p>\n","protected":false},"author":2,"featured_media":0,"comment_status":"closed","ping_status":"open","sticky":false,"template":"","format":"standard","meta":{"_acf_changed":false,"_monsterinsights_skip_tracking":false,"footnotes":""},"categories":[3],"tags":[1045,2897,3424,3425,934],"class_list":["post-13802229","post","type-post","status-publish","format-standard","hentry","category-ciencia","tag-antropologia","tag-bicicletas","tag-consejeria-de-fomento-y-vivienda","tag-movilidad-sostenible","tag-movilidad-urbana"],"acf":[],"_links":{"self":[{"href":"https:\/\/www.upo.es\/diario\/wp-json\/wp\/v2\/posts\/13802229","targetHints":{"allow":["GET"]}}],"collection":[{"href":"https:\/\/www.upo.es\/diario\/wp-json\/wp\/v2\/posts"}],"about":[{"href":"https:\/\/www.upo.es\/diario\/wp-json\/wp\/v2\/types\/post"}],"author":[{"embeddable":true,"href":"https:\/\/www.upo.es\/diario\/wp-json\/wp\/v2\/users\/2"}],"replies":[{"embeddable":true,"href":"https:\/\/www.upo.es\/diario\/wp-json\/wp\/v2\/comments?post=13802229"}],"version-history":[{"count":4,"href":"https:\/\/www.upo.es\/diario\/wp-json\/wp\/v2\/posts\/13802229\/revisions"}],"predecessor-version":[{"id":13849312,"href":"https:\/\/www.upo.es\/diario\/wp-json\/wp\/v2\/posts\/13802229\/revisions\/13849312"}],"wp:attachment":[{"href":"https:\/\/www.upo.es\/diario\/wp-json\/wp\/v2\/media?parent=13802229"}],"wp:term":[{"taxonomy":"category","embeddable":true,"href":"https:\/\/www.upo.es\/diario\/wp-json\/wp\/v2\/categories?post=13802229"},{"taxonomy":"post_tag","embeddable":true,"href":"https:\/\/www.upo.es\/diario\/wp-json\/wp\/v2\/tags?post=13802229"}],"curies":[{"name":"wp","href":"https:\/\/api.w.org\/{rel}","templated":true}]}}